{"id":1745,"date":"2012-09-21T19:30:59","date_gmt":"2012-09-21T22:30:59","guid":{"rendered":"http:\/\/www.atecordoba.org\/?p=1745"},"modified":"2012-09-21T19:30:59","modified_gmt":"2012-09-21T22:30:59","slug":"plenario-de-trabajadores-de-parques-nacionales","status":"publish","type":"post","link":"https:\/\/atecordoba.org\/?p=1745","title":{"rendered":"Plenario de trabajadores de Parques Nacionales"},"content":{"rendered":"<p><em>El pasado mi\u00e9rcoles 19 de septiembre los compa\u00f1eros de Parques Nacionales enrolados en ATE debatieron sobre el estado de la carrera administrativa en el sector, se solidarizaron con su pares de la provincia de C\u00f3rdoba, y reclamaron la continuidad de los brigadistas temporarios. Elecci\u00f3n de dos delegados y pr\u00f3ximas actividades. En la oportunidad, estuvieron presentes los compa\u00f1eros Luis Barcena y Gustavo Peyrotti, secretarios de Interior y Capacitaci\u00f3n del Consejo Directivo Provincial (CDP) respectivamente.<\/em><\/p>\n<p><a href=\"http:\/\/www.atecordoba.org\/wp-content\/uploads\/2012\/09\/DSCN3802.jpg\"><img loading=\"lazy\" decoding=\"async\" class=\"aligncenter size-medium wp-image-1746\" title=\"DSCN3802\" src=\"http:\/\/www.atecordoba.org\/wp-content\/uploads\/2012\/09\/DSCN3802-300x225.jpg\" alt=\"\" width=\"300\" height=\"225\" \/><\/a><\/p>\n<p>En primer t\u00e9rmino, iniciado el plenario, los trabajadores del sector, reunidos en el Parque Nacional Quebrada del Condorito, se expresaron sobre la situaci\u00f3n de los compa\u00f1eros que se desempe\u00f1an en Areas Protegidas de la Provincia de c\u00f3rdoba, se\u00f1alando el\u00a0estado de desamparo y abandono por parte de la patronal. Denunciaron casos de despidos y presiones hacia los que realizan sus tareas de guardaparques, llegando en la actualidad a ser solo 42 empleados para el 24% del territorio provincial afectado a situaci\u00f3n de conservaci\u00f3n. Repudiaron que el \u00e1rea no cuenta con presupuesto acorde a las necesidades, r\u00e9gimen especial de trabajo y no se encuentra la figura reconocida del guardaparque dentro de la adminsitracion publica provincial.<\/p>\n<p>En ese sentido, Se resolvio acompa\u00f1ar la pelea por la reivindicaci\u00f3n del trabajo que vienen realizando en la Secretaria de Ambiente de C\u00f3rdoba para el reconocimiento de derechos y particularidades de la carrera y plantearon participar de una reunion el proximo 9 de octubre para comenzar a avanzar en la discusi\u00f3n de un convenio colectivo para la agrupacion Guardaparques Provinciales.<\/p>\n<p>En esa l\u00ednea, surgi\u00f3 la propuesta de una convocatoria a otros sectores con intereses en el desarrollo de politicas en conservacion en la provinica dentro del ambito del Consejo Directivo provincial de ATE.<\/p>\n<p><strong>Situaci\u00f3n en APN<\/strong><\/p>\n<p>Los trabajadores solicitan que el presupuesto destinado a capacitacion y formaci\u00f3n de APN no sea aplicado solamente en la formaci\u00f3n de los futuros guardaparques y, que al igual que a\u00f1os atr\u00e1s, y por las luchas que este gremio llevo adelante, todos los trabajadores puedan seguir recibiendo la capacitaci\u00f3n que por derecho les corresponde y que APN est\u00e1 obligada a dar.<\/p>\n<p>El plenario apoy\u00f3 y solicit\u00f3 la continuidad de los contratos de los brigadistas temporarios, dada la situaci\u00f3n de emergencia y siendo un tema de interes provincial dado el decreto en el que se establece la peligrosidad extrema de los incendios y emergencia h\u00eddrica esta temporada. Los trabajadores aclararon que los compa\u00f1eros no se limitaron al trabajo de control y prevenci\u00f3n, sino tambien a tareas de mantenimiento de seccionales, sendas, carteleria, atenci\u00f3n de visitantes.<\/p>\n<p><a href=\"http:\/\/www.atecordoba.org\/wp-content\/uploads\/2012\/09\/DSCN3809.jpg\"><img loading=\"lazy\" decoding=\"async\" class=\"aligncenter size-medium wp-image-1747\" title=\"DSCN3809\" src=\"http:\/\/www.atecordoba.org\/wp-content\/uploads\/2012\/09\/DSCN3809-300x225.jpg\" alt=\"\" width=\"300\" height=\"225\" \/><\/a><\/p>\n<p>Los compa\u00f1eros resaltaron la apuesta al di\u00e1logo con las autoridades de APN, pero recordaron que ese directorio prometi\u00f3 hace mas de un a\u00f1o y medio la apertura y llamado a concursos para 160 cargos SINeP de compa\u00f1eros actualmente precarizados. Al dia de hoy esos concursos son solo esperanzas que se disminuyen en cada designaci\u00f3n que se realiza, tanto en intendencias, direcciones regionales, direcciones nacionales y otros departamentos.<\/p>\n<p>Toda esta situaci\u00f3n se agrava aun m\u00e1s, al advertir \u00a0las brechas entre distintos escalafones que se siguen ahondando. Por eso resolvieron apoyar toda instancia que mejore la situaci\u00f3n del personal de la APN, dado que la instituci\u00f3n no respeta el principio b\u00e1sico constitucional \u201ca igual tarea, igual remuneraci\u00f3n\u201d, especialmente con los compa\u00f1eros que revisten en el SINeP, ley marcos y otras normativas. &#8220;Recordamos que somos agentes de conservaci\u00f3n y cumplimos funciones y tareas referidas a esa condici\u00f3n y esto no se ve reflejado en sueldos, adicionales ni generales ni espec\u00edficos en todos los compa\u00f1eros por fuera del 1455&#8221;, se\u00f1alaron.<\/p>\n<p><a href=\"http:\/\/www.atecordoba.org\/wp-content\/uploads\/2012\/09\/DSCN3801.jpg\"><img loading=\"lazy\" decoding=\"async\" class=\"aligncenter size-medium wp-image-1748\" title=\"DSCN3801\" src=\"http:\/\/www.atecordoba.org\/wp-content\/uploads\/2012\/09\/DSCN3801-300x225.jpg\" alt=\"\" width=\"300\" height=\"225\" \/><\/a><\/p>\n<p>Adem\u00e1s, el plenario resolvi\u00f3 programar otro \u00a0encuentro\u00a0los d\u00edas 22 y 23 de octubre a realizarse en el CDP.<\/p>\n<p><strong>4\u00ba Curso de Guardaparques de Apoyo<\/strong><\/p>\n<p>En el inter\u00e9s de que a igualdad de condiciones, prevalezca la antig\u00fcedad y la experiencia de campo como ejes de selecci\u00f3n de los compa\u00f1eros postulantes del Parque Nacional Quebrada del Condorito, los trabajadores pidieron que se reconozcan la resoluci\u00f3n conjunta de la Funci\u00f3n P\u00fablica y APN para el Curso de guardaparques de apoyo 2009.<\/p>\n<p><strong>Curso de higiene y seguridad<\/strong><\/p>\n<p>Tambi\u00e9n avanzaron en la organizaci\u00f3n para\u00a0el 14 de noviembre de un Curso de Higiene y Seguridad laboral para reforzar conocimientos en las \u00e1reas, invitando a participar a compa\u00f1eros guardaparques provinciales y trabajadores de PNQC, DRC y CFyCAP.<\/p>\n<p><strong>Elecci\u00f3n de Delegados<\/strong><\/p>\n<p>La semana pasada se llevaron a cabo las elecciones de delegados para el per\u00edodo 2012\/2014. De un padr\u00f3n de 30 compa\u00f1eros, emitieron su voto 22 trabajadores, dando muestra del consenso que ATE cuenta en el sector. Los compa\u00f1eros calcularon el nivel de participaci\u00f3n en un 73%. &#8220;Queremos agradecer a todos por la participaci\u00f3n y la confianza depositada en los delegados electos y esperamos poder seguir fortaleciendo la organizaci\u00f3n de los trabajadores y de nuestra asociaci\u00f3n&#8221;asegur\u00f3 Marcelo Stancarelli, uno de los delegados electos, quien ser\u00e1 acompa\u00f1ado en eta gesti\u00f3n por Luciano Plant\u00e9.<\/p>\n<p><a href=\"http:\/\/www.atecordoba.org\/wp-content\/uploads\/2012\/09\/DSCN3811.jpg\"><img loading=\"lazy\" decoding=\"async\" class=\"aligncenter size-medium wp-image-1749\" title=\"DSCN3811\" src=\"http:\/\/www.atecordoba.org\/wp-content\/uploads\/2012\/09\/DSCN3811-225x300.jpg\" alt=\"\" width=\"225\" height=\"300\" \/><\/a><\/p>\n<p>Los delegados \u00a0informaron que cuentan con el nuevo mail\u00a0\u00a0<a href=\"mailto:atecondorito@apn.gov.ar\" target=\"_blank\" rel=\"noopener noreferrer\">atecondorito@apn.gov.ar<\/a>\u00a0y pidieron a los compa\u00f1eros que utlicen\u00a0esta nueva herramienta de comunicaci\u00f3n.<\/p>\n<p>&nbsp;<\/p>\n","protected":false},"excerpt":{"rendered":"<p>El pasado mi\u00e9rcoles 19 de septiembre los compa\u00f1eros de Parques Nacionales enrolados en ATE debatieron sobre el estado de la carrera administrativa en el sector, se solidarizaron con su pares de la provincia de C\u00f3rdoba, y reclamaron la continuidad de los brigadistas temporarios. Elecci\u00f3n de dos delegados y pr\u00f3ximas actividades. En la oportunidad, estuvieron presentes [&hellip;]<\/p>\n","protected":false},"author":1,"featured_media":19220,"comment_status":"open","ping_status":"open","sticky":false,"template":"","format":"standard","meta":{"_exactmetrics_skip_tracking":false,"_exactmetrics_sitenote_active":false,"_exactmetrics_sitenote_note":"","_exactmetrics_sitenote_category":0,"jnews-multi-image_gallery":[],"jnews_single_post":[],"jnews_primary_category":[],"jnews_social_meta":[],"jnews_review":[],"enable_review":"","type":"","name":"","summary":"","brand":"","sku":"","good":[],"bad":[],"score_override":"","override_value":"","rating":[],"price":[],"jnews_override_counter":[],"jnews_post_split":[],"footnotes":""},"categories":[18],"tags":[],"class_list":["post-1745","post","type-post","status-publish","format-standard","has-post-thumbnail","hentry","category-nacionales"],"jetpack_featured_media_url":"https:\/\/atecordoba.org\/wp-content\/uploads\/2020\/05\/logo-nuevochico-e1561581322808.png","_links":{"self":[{"href":"https:\/\/atecordoba.org\/index.php?rest_route=\/wp\/v2\/posts\/1745","targetHints":{"allow":["GET"]}}],"collection":[{"href":"https:\/\/atecordoba.org\/index.php?rest_route=\/wp\/v2\/posts"}],"about":[{"href":"https:\/\/atecordoba.org\/index.php?rest_route=\/wp\/v2\/types\/post"}],"author":[{"embeddable":true,"href":"https:\/\/atecordoba.org\/index.php?rest_route=\/wp\/v2\/users\/1"}],"replies":[{"embeddable":true,"href":"https:\/\/atecordoba.org\/index.php?rest_route=%2Fwp%2Fv2%2Fcomments&post=1745"}],"version-history":[{"count":0,"href":"https:\/\/atecordoba.org\/index.php?rest_route=\/wp\/v2\/posts\/1745\/revisions"}],"wp:featuredmedia":[{"embeddable":true,"href":"https:\/\/atecordoba.org\/index.php?rest_route=\/wp\/v2\/media\/19220"}],"wp:attachment":[{"href":"https:\/\/atecordoba.org\/index.php?rest_route=%2Fwp%2Fv2%2Fmedia&parent=1745"}],"wp:term":[{"taxonomy":"category","embeddable":true,"href":"https:\/\/atecordoba.org\/index.php?rest_route=%2Fwp%2Fv2%2Fcategories&post=1745"},{"taxonomy":"post_tag","embeddable":true,"href":"https:\/\/atecordoba.org\/index.php?rest_route=%2Fwp%2Fv2%2Ftags&post=1745"}],"curies":[{"name":"wp","href":"https:\/\/api.w.org\/{rel}","templated":true}]}}