{"id":1741,"date":"2012-09-20T18:45:46","date_gmt":"2012-09-20T21:45:46","guid":{"rendered":"http:\/\/www.atecordoba.org\/?p=1741"},"modified":"2012-09-20T18:45:46","modified_gmt":"2012-09-20T21:45:46","slug":"carta-de-beto-galeano-a-la-presidente-a-proposito-de-las-art","status":"publish","type":"post","link":"https:\/\/atecordoba.org\/?p=1741","title":{"rendered":"Carta de Beto Galeano a la Presidente, a prop\u00f3sito de las ART"},"content":{"rendered":"<p>SRA. PRESIDENTE LOS TRABAJADORES NUNCA PUSIMOS EN VENTA NUESTRA VIDA<\/p>\n<p><a href=\"http:\/\/www.atecordoba.org\/wp-content\/uploads\/2012\/09\/beto-galeano.jpg\"><img loading=\"lazy\" decoding=\"async\" class=\"aligncenter size-medium wp-image-1742\" title=\"beto galeano\" src=\"http:\/\/www.atecordoba.org\/wp-content\/uploads\/2012\/09\/beto-galeano-300x219.jpg\" alt=\"\" width=\"300\" height=\"219\" \/><\/a><\/p>\n<p>Que el sistema de dominaci\u00f3n capitalista nos haga mal vender nuestra fuerza de trabajo f\u00edsica e intelectual es una ignominia, pero que encima quienes se dicen ser populares y nacionales pretendan que asumamos como un logro que la vida de un trabajador o trabajadora valga lo mismo que un departamento de un ambiente en el barrio capitalino de caballito, tiene tono de burla.<\/p>\n<p>Parece ser que la gran preocupaci\u00f3n nacional pasa por como evitar que haya trabajadores que se niegan a caer en esa falsa dicotom\u00eda: \u00a0sos trabajador o sos ciudadano. \u00bfAcaso el trabajo no es un derecho y una obligaci\u00f3n social al mismo tiempo?, \u00bfO es que estamos en un orden social donde hay ciudadanos de distintas categor\u00edas, \u201csomos todos iguales ante la ley\u201d pero hay algunos mas iguales que otros?<\/p>\n<p>Como tenemos memoria, recordemos que despu\u00e9s de una derrota electoral los actuales gobernantes dec\u00edan:<\/p>\n<p>\u201c..<span style=\"text-decoration: underline;\">una norma que reconozca inspiraci\u00f3n en el principio de justicia social, deber\u00e1 priorizar la prevenci\u00f3n de accidentes de trabajo y enfermedades laborales. A ese objetivo deben abocarse todos los esfuerzos sin desatender los dem\u00e1s aspectos de tan complejo y pol\u00e9mico r\u00e9gimen<\/span>.\u201d Este concepto fue firmado en el decreto 1694\u00a0 del\u00a04\/11\/2009\u00a0 por la Sra. Presidenta Cristina Fern\u00e1ndez, por el jefe de gabinete An\u00edbal Fern\u00e1ndez y por el ministro de trabajo Carlos Tomada<\/p>\n<p>Tambi\u00e9n afirmaban \u201c\u2026<span style=\"text-decoration: underline;\">Que a la par de la prevenci\u00f3n de los accidentes de trabajo y enfermedades laborales, la prioridad debe centrarse en la restituci\u00f3n de la salud y capacidad del trabajador afectado por un accidente de trabajo o enfermedad laboral, por lo que deben establecerse mecanismos que permitan un mayor control de la calidad y cantidad de las prestaciones m\u00e9dicas.<\/span>\u201d<\/p>\n<p>En el citado decreto se actualizaron los montos vigentes de reparaci\u00f3n monetaria, tardaron mas de 32 meses en redactar una actualizaci\u00f3n que quieren vender como beneficio para los trabajadores pero cuyo fin es cuidar los bolsillos de las patronales, esas mismas que seg\u00fan la propia Sra.\u00a0 Presidenta se la est\u00e1n llevando en pala.<\/p>\n<p>POR UNA NUEVA LEY DE SALUD LABORAL para que el trabajo no nos cueste la vida<br \/>\n<a href=\"http:\/\/xleysaludlaboral.org.ar\/\" target=\"_blank\" rel=\"noopener noreferrer\">http:\/\/xleysaludlaboral.org.ar\/<\/a><\/p>\n<p>Departamento de Salud Laboral<br \/>\nConsejo Directivo Nacional ATE<\/p>\n<p>ORESTES BETO GALEANO<\/p>\n<p>&nbsp;<\/p>\n","protected":false},"excerpt":{"rendered":"<p>SRA. PRESIDENTE LOS TRABAJADORES NUNCA PUSIMOS EN VENTA NUESTRA VIDA Que el sistema de dominaci\u00f3n capitalista nos haga mal vender nuestra fuerza de trabajo f\u00edsica e intelectual es una ignominia, pero que encima quienes se dicen ser populares y nacionales pretendan que asumamos como un logro que la vida de un trabajador o trabajadora valga [&hellip;]<\/p>\n","protected":false},"author":1,"featured_media":19220,"comment_status":"open","ping_status":"open","sticky":false,"template":"","format":"standard","meta":{"_exactmetrics_skip_tracking":false,"_exactmetrics_sitenote_active":false,"_exactmetrics_sitenote_note":"","_exactmetrics_sitenote_category":0,"jnews-multi-image_gallery":[],"jnews_single_post":[],"jnews_primary_category":[],"jnews_social_meta":[],"jnews_review":[],"enable_review":"","type":"","name":"","summary":"","brand":"","sku":"","good":[],"bad":[],"score_override":"","override_value":"","rating":[],"price":[],"jnews_override_counter":[],"jnews_post_split":[],"footnotes":""},"categories":[1],"tags":[],"class_list":["post-1741","post","type-post","status-publish","format-standard","has-post-thumbnail","hentry","category-sin-categoria"],"jetpack_featured_media_url":"https:\/\/atecordoba.org\/wp-content\/uploads\/2020\/05\/logo-nuevochico-e1561581322808.png","_links":{"self":[{"href":"https:\/\/atecordoba.org\/index.php?rest_route=\/wp\/v2\/posts\/1741","targetHints":{"allow":["GET"]}}],"collection":[{"href":"https:\/\/atecordoba.org\/index.php?rest_route=\/wp\/v2\/posts"}],"about":[{"href":"https:\/\/atecordoba.org\/index.php?rest_route=\/wp\/v2\/types\/post"}],"author":[{"embeddable":true,"href":"https:\/\/atecordoba.org\/index.php?rest_route=\/wp\/v2\/users\/1"}],"replies":[{"embeddable":true,"href":"https:\/\/atecordoba.org\/index.php?rest_route=%2Fwp%2Fv2%2Fcomments&post=1741"}],"version-history":[{"count":0,"href":"https:\/\/atecordoba.org\/index.php?rest_route=\/wp\/v2\/posts\/1741\/revisions"}],"wp:featuredmedia":[{"embeddable":true,"href":"https:\/\/atecordoba.org\/index.php?rest_route=\/wp\/v2\/media\/19220"}],"wp:attachment":[{"href":"https:\/\/atecordoba.org\/index.php?rest_route=%2Fwp%2Fv2%2Fmedia&parent=1741"}],"wp:term":[{"taxonomy":"category","embeddable":true,"href":"https:\/\/atecordoba.org\/index.php?rest_route=%2Fwp%2Fv2%2Fcategories&post=1741"},{"taxonomy":"post_tag","embeddable":true,"href":"https:\/\/atecordoba.org\/index.php?rest_route=%2Fwp%2Fv2%2Ftags&post=1741"}],"curies":[{"name":"wp","href":"https:\/\/api.w.org\/{rel}","templated":true}]}}