{"id":1738,"date":"2012-09-20T18:32:32","date_gmt":"2012-09-20T21:32:32","guid":{"rendered":"http:\/\/www.atecordoba.org\/?p=1738"},"modified":"2012-09-20T18:32:32","modified_gmt":"2012-09-20T21:32:32","slug":"ate-conicet-realizo-una-charla-sobre-salud-laboral","status":"publish","type":"post","link":"https:\/\/atecordoba.org\/?p=1738","title":{"rendered":"ATE-CONICET realiz\u00f3 una charla sobre salud laboral"},"content":{"rendered":"<p><em>Con la participaci\u00f3n de compa\u00f1eros del Instituto de Salud Laboral y Medio Ambiente (ISLyMA-CTA) el viernes 15 septiembre se llev\u00f3 a cabo una charla para trabajadores del CONICET organizada por ATE. Se trata de un sector marcado por el accidente ocurri\u00f3 en la Universidad Nacionald e R\u00edo Cuarto en 2007.<\/em><\/p>\n<p><a href=\"http:\/\/www.atecordoba.org\/wp-content\/uploads\/2012\/09\/DSC01112.jpg\"><img loading=\"lazy\" decoding=\"async\" class=\"aligncenter size-medium wp-image-1739\" title=\"DSC01112\" src=\"http:\/\/www.atecordoba.org\/wp-content\/uploads\/2012\/09\/DSC01112-300x225.jpg\" alt=\"\" width=\"300\" height=\"225\" \/><\/a><\/p>\n<p>El encuentro se llev\u00f3 a cabo en el Instituto Ferreyra, uno de los centros de investigaci\u00f3n m\u00e1s antiguos del CONICET \u00a0en C\u00f3rdoba. En el sector se desempe\u00f1an 50 trabajadores entre\u00a0investigadores, t\u00e9cnicos, becarios y administrativos, todos ellos personal del Estado Nacional. \u00a0All\u00ed se realizan investigaciones en el \u00e1rea de las ciencias biom\u00e9dicas, y cuenta con numerosos laboratorios y un biot\u00e9rio.<\/p>\n<p>La charla estuvo a cargo del compa\u00f1eros Eduardo Ahamendaburu, presidente del ISLyMA, de gran prestigio por sus aportes en el campo de la salud laboral y mentor de la nuevo ley de riesgos de trabajo que present\u00f3 recientemente el diputado de UP V\u00edctor De Gennaro en el Congreso nacional.<\/p>\n<p>&#8220;Las condiciones de trabajo en dicho Instituto, en lo que respecta al uso de materiales reactivos y patol\u00f3gicos entre otros, obligan al Estado Nacional a asegurar las condiciones \u00f3ptimas en materia de higiene y seguridad laboral. Lamentablemente, am\u00e9n de los esfuerzos realizados por las autoridades del Instituto, afiliados a ATE que trabajan en el Instituto Ferreyra han sufrido en los \u00faltimos tiempos consecuencias sobre su salud derivado de las condiciones en que desarrollaban sus tareas laborales&#8221;, explic\u00f3 Fernando Barri, delegado de ATE al fundamentar los motivos dle encuentro.<\/p>\n<p>Junto con todos los trabajadores y trabajadoras del Instituto, la charla \u00a0inform\u00f3 sobre la normativa en materia de higiene y seguridad laboral para, posteriormente, debatir\u00a0 las acciones que como trabajadores del Estado pueden realizar para mejorar las condiciones en tal sentido.<\/p>\n<p>Participaron cerca de 30 compa\u00f1eros, con gran inter\u00e9s y participaci\u00f3n, donde se pudieron volcar los distintos puntos de vista sobre la tem\u00e1tica abordada, y donde se arribaron a conclusiones importantes en cuanto a la necesidad de colaborar entre el Estado, el gremio y los trabajadores organizados en el Instituto para mejorar las condiciones de trabajo en lo que refiera a seguridad e higiene. &#8220;Se aprovech\u00f3 adem\u00e1s para presentar el anteproyecto de ley de prevenci\u00f3n de riesgos laborales y reparaci\u00f3n de da\u00f1os en la salud laboral, as\u00ed como debatir sobre los riesgos y el negocio que implica en contra de los trabajadores el actual sistema de las ART. Esperamos poder repetir esta fruct\u00edfera instancia de formaci\u00f3n y debate en otros centros e institutos del CONICE en C\u00f3rdoba&#8221;, dijo Barri.<\/p>\n<p>Estuvieron presentes los compa\u00f1eros Luis Barcena, secretario de Interior, y Alejandro Charra, secretario de organizaci\u00f3n, en representaci\u00f3n del Consejo Directivo Provincial.<\/p>\n","protected":false},"excerpt":{"rendered":"<p>Con la participaci\u00f3n de compa\u00f1eros del Instituto de Salud Laboral y Medio Ambiente (ISLyMA-CTA) el viernes 15 septiembre se llev\u00f3 a cabo una charla para trabajadores del CONICET organizada por ATE. Se trata de un sector marcado por el accidente ocurri\u00f3 en la Universidad Nacionald e R\u00edo Cuarto en 2007. El encuentro se llev\u00f3 a [&hellip;]<\/p>\n","protected":false},"author":1,"featured_media":19220,"comment_status":"open","ping_status":"open","sticky":false,"template":"","format":"standard","meta":{"_exactmetrics_skip_tracking":false,"_exactmetrics_sitenote_active":false,"_exactmetrics_sitenote_note":"","_exactmetrics_sitenote_category":0,"jnews-multi-image_gallery":[],"jnews_single_post":[],"jnews_primary_category":[],"jnews_social_meta":[],"jnews_review":[],"enable_review":"","type":"","name":"","summary":"","brand":"","sku":"","good":[],"bad":[],"score_override":"","override_value":"","rating":[],"price":[],"jnews_override_counter":[],"jnews_post_split":[],"footnotes":""},"categories":[18],"tags":[],"class_list":["post-1738","post","type-post","status-publish","format-standard","has-post-thumbnail","hentry","category-nacionales"],"jetpack_featured_media_url":"https:\/\/atecordoba.org\/wp-content\/uploads\/2020\/05\/logo-nuevochico-e1561581322808.png","_links":{"self":[{"href":"https:\/\/atecordoba.org\/index.php?rest_route=\/wp\/v2\/posts\/1738","targetHints":{"allow":["GET"]}}],"collection":[{"href":"https:\/\/atecordoba.org\/index.php?rest_route=\/wp\/v2\/posts"}],"about":[{"href":"https:\/\/atecordoba.org\/index.php?rest_route=\/wp\/v2\/types\/post"}],"author":[{"embeddable":true,"href":"https:\/\/atecordoba.org\/index.php?rest_route=\/wp\/v2\/users\/1"}],"replies":[{"embeddable":true,"href":"https:\/\/atecordoba.org\/index.php?rest_route=%2Fwp%2Fv2%2Fcomments&post=1738"}],"version-history":[{"count":0,"href":"https:\/\/atecordoba.org\/index.php?rest_route=\/wp\/v2\/posts\/1738\/revisions"}],"wp:featuredmedia":[{"embeddable":true,"href":"https:\/\/atecordoba.org\/index.php?rest_route=\/wp\/v2\/media\/19220"}],"wp:attachment":[{"href":"https:\/\/atecordoba.org\/index.php?rest_route=%2Fwp%2Fv2%2Fmedia&parent=1738"}],"wp:term":[{"taxonomy":"category","embeddable":true,"href":"https:\/\/atecordoba.org\/index.php?rest_route=%2Fwp%2Fv2%2Fcategories&post=1738"},{"taxonomy":"post_tag","embeddable":true,"href":"https:\/\/atecordoba.org\/index.php?rest_route=%2Fwp%2Fv2%2Ftags&post=1738"}],"curies":[{"name":"wp","href":"https:\/\/api.w.org\/{rel}","templated":true}]}}