{"id":173,"date":"2011-10-19T19:22:45","date_gmt":"2011-10-19T22:22:45","guid":{"rendered":"http:\/\/www.atecordoba.org\/?p=173"},"modified":"2011-10-19T19:22:45","modified_gmt":"2011-10-19T22:22:45","slug":"el-polo-sanitario-resolvio-cortes-de-calles-y-cacelorazos-para-el-viernes","status":"publish","type":"post","link":"https:\/\/atecordoba.org\/?p=173","title":{"rendered":"El Polo Sanitario resolvi\u00f3 cortes de calles y cacelorazos para el viernes"},"content":{"rendered":"<p><strong><a href=\"http:\/\/www.atecordoba.org\/wp-content\/uploads\/2012\/06\/arton184-51f1f.jpg\"><img loading=\"lazy\" decoding=\"async\" class=\"aligncenter\" title=\"arton184-51f1f\" src=\"http:\/\/www.atecordoba.org\/wp-content\/uploads\/2012\/06\/arton184-51f1f.jpg\" alt=\"\" width=\"440\" height=\"330\" \/><\/a><\/strong><\/p>\n<p><strong>(C\u00f3rdoba, 19-10-2011) En la asamblea general realizada hoy en el Polo Sanitario los trabajadores de salud provincial resolvieron, por unanimidad, realizar el pr\u00f3ximo viernes 21 de octubre realizar otra jornada de protesta, con cortes de calle frente a cada hospital y con cacerolazos, como m\u00e9todo para llamar la atenci\u00f3n de las autoridades que se niegan sistem\u00e1ticamente a resolver el conflicto. Estuvieron presentes en la oportunidad ATE, enfermeras y el sector Interhospitalario.<\/strong><\/p>\n<div>\n<p>La asamblea evalu\u00f3 positivamente la movilizaci\u00f3n realizada ayer, valorando la unidad de los distintos sectores en lucha bajo las mismas consignas: salario inicial igual a la canasta familiar, recurso humano cr\u00edtico para toda la salud provincial y todos los complementos remunerativos al b\u00e1sico.<\/p>\n<p>Durante el debate se resolvi\u00f3 tambi\u00e9n continuar las asambleas sin l\u00edmite de tiempo, prosiguiendo con el estado de conflicto hasta el martes pr\u00f3ximo, cuando se realizar\u00e1 un nuevo encuentro para determinar los pasos a seguir.<\/p>\n<p>Vale se\u00f1alar que durante la jornada de ayer el gobierno continu\u00f3 levantando el argumento que ATE no tiene personer\u00eda gremial, como atajo para evitar una convocatoria a una mesa de negociaci\u00f3n, cuando est\u00e1 informado que el Ministerio de Trabajo de la Naci\u00f3n emiti\u00f3 la resoluci\u00f3n 708 en el 2009 que otorga taxativamente el \u00e1mbito de representaci\u00f3n a nuestro gremio en el Estado provincial.<\/p>\n<p>En consecuencia, debe interpretarse como una decisi\u00f3n pol\u00edtica de la administraci\u00f3n actual no recibir a las organizaciones sindicales que representan a los trabajadores en lucha y, por lo tanto, elegir el camino de profundizar el conflicto, olvidando los sufrimientos que esta actitud genera en los cordobeses que se encuentran sin atenci\u00f3n m\u00e9dica.<\/p>\n<p>Sin embargo, tal como se afirm\u00f3 en la multitudinaria movilizaci\u00f3n realizada ayer, ser\u00e1 la unidad de los trabajadores y la justeza de las reivindicaciones en cuesti\u00f3n lo que lograr\u00e1 vencer la necedad de un gobierno sordo a los reclamos de los trabajadores, pero tambi\u00e9n de las necesidades de la poblaci\u00f3n.<\/p>\n<\/div>\n","protected":false},"excerpt":{"rendered":"<p>(C\u00f3rdoba, 19-10-2011) En la asamblea general realizada hoy en el Polo Sanitario los trabajadores de salud provincial resolvieron, por unanimidad, realizar el pr\u00f3ximo viernes 21 de octubre realizar otra jornada de protesta, con cortes de calle frente a cada hospital y con cacerolazos, como m\u00e9todo para llamar la atenci\u00f3n de las autoridades que se niegan [&hellip;]<\/p>\n","protected":false},"author":1,"featured_media":19220,"comment_status":"open","ping_status":"open","sticky":false,"template":"","format":"standard","meta":{"_exactmetrics_skip_tracking":false,"_exactmetrics_sitenote_active":false,"_exactmetrics_sitenote_note":"","_exactmetrics_sitenote_category":0,"jnews-multi-image_gallery":[],"jnews_single_post":[],"jnews_primary_category":[],"jnews_social_meta":[],"jnews_review":[],"enable_review":"","type":"","name":"","summary":"","brand":"","sku":"","good":[],"bad":[],"score_override":"","override_value":"","rating":[],"price":[],"jnews_override_counter":[],"jnews_post_split":[],"footnotes":""},"categories":[53],"tags":[54],"class_list":["post-173","post","type-post","status-publish","format-standard","has-post-thumbnail","hentry","category-comunicados-de-prensa","tag-comunicados-de-prensa-2"],"jetpack_featured_media_url":"https:\/\/atecordoba.org\/wp-content\/uploads\/2020\/05\/logo-nuevochico-e1561581322808.png","_links":{"self":[{"href":"https:\/\/atecordoba.org\/index.php?rest_route=\/wp\/v2\/posts\/173","targetHints":{"allow":["GET"]}}],"collection":[{"href":"https:\/\/atecordoba.org\/index.php?rest_route=\/wp\/v2\/posts"}],"about":[{"href":"https:\/\/atecordoba.org\/index.php?rest_route=\/wp\/v2\/types\/post"}],"author":[{"embeddable":true,"href":"https:\/\/atecordoba.org\/index.php?rest_route=\/wp\/v2\/users\/1"}],"replies":[{"embeddable":true,"href":"https:\/\/atecordoba.org\/index.php?rest_route=%2Fwp%2Fv2%2Fcomments&post=173"}],"version-history":[{"count":0,"href":"https:\/\/atecordoba.org\/index.php?rest_route=\/wp\/v2\/posts\/173\/revisions"}],"wp:featuredmedia":[{"embeddable":true,"href":"https:\/\/atecordoba.org\/index.php?rest_route=\/wp\/v2\/media\/19220"}],"wp:attachment":[{"href":"https:\/\/atecordoba.org\/index.php?rest_route=%2Fwp%2Fv2%2Fmedia&parent=173"}],"wp:term":[{"taxonomy":"category","embeddable":true,"href":"https:\/\/atecordoba.org\/index.php?rest_route=%2Fwp%2Fv2%2Fcategories&post=173"},{"taxonomy":"post_tag","embeddable":true,"href":"https:\/\/atecordoba.org\/index.php?rest_route=%2Fwp%2Fv2%2Ftags&post=173"}],"curies":[{"name":"wp","href":"https:\/\/api.w.org\/{rel}","templated":true}]}}