{"id":1714,"date":"2012-09-18T20:17:09","date_gmt":"2012-09-18T23:17:09","guid":{"rendered":"http:\/\/www.atecordoba.org\/?p=1714"},"modified":"2012-09-18T20:17:09","modified_gmt":"2012-09-18T23:17:09","slug":"ate-marcho-en-la-unc-por-la-precarizacion-de-los-no-docentes","status":"publish","type":"post","link":"https:\/\/atecordoba.org\/?p=1714","title":{"rendered":"ATE march\u00f3 en la UNC por la precarizaci\u00f3n de los no docentes"},"content":{"rendered":"<div><em><span style=\"font-size: medium;\">En el marco del crecimiento de ATE en la Universidad Nacional de C\u00f3rdoba,\u00a0hoy\u00a0se realiz\u00f3 una movilizaci\u00f3n de los trabajadores no docentes del Comedor Universitario en reclamo del pase a planta permanente de los compa\u00f1eros precarizados, con contratos y tercerizaciones, que se desempe\u00f1an en el sector.<\/span><\/em><\/div>\n<p><span style=\"font-size: medium;\">La movilizaci\u00f3n parti\u00f3 del propio Comedor, para concluir en el consejo Superior de la UNC donde las autoridades de la Casa de Estudios, all\u00ed reunidas, recibieron a los compa\u00f1eros y receptaron sus demandas.<\/span><br \/>\n<span style=\"font-size: medium;\">En la oportunidad, estuvieron la secretaria General de ATE C\u00f3rdoba,\u00a0Mar\u00eda Teresa Romero, y el secretario General de CTA C\u00f3rdoba, Oscar Mengarelli. Se sumaron a la movilizaci\u00f3n trabajadores no decentes de la Facultad de Filosof\u00eda y Humanidades, y estudiantes de diversas agrupaciones universitarias.<\/span><\/p>\n<p><a href=\"http:\/\/www.atecordoba.org\/wp-content\/uploads\/2012\/09\/IMG_2378.jpg\"><img loading=\"lazy\" decoding=\"async\" class=\"aligncenter size-medium wp-image-1715\" title=\"IMG_2378\" src=\"http:\/\/www.atecordoba.org\/wp-content\/uploads\/2012\/09\/IMG_2378-300x225.jpg\" alt=\"\" width=\"300\" height=\"225\" \/><\/a><br \/>\n<span style=\"font-size: medium;\">\u201cVenimos a peticionar a las autoridades para que se instrumenten las medidas necesarias con el fin de terminar con la precarizaci\u00f3n laboral que sufren gran parte del plantel de trabajadores del comedor. Elaboramos un informe, que acercamos a la Secretar\u00eda General de la Universidad, donde detallamos que de 71 trabajadores, realizando 2800 raciones diarias -tanto en el propio Comedor como en los colegios secundarios de la UNC y en la usina del centro-, s\u00f3lo 34 est\u00e1n correctamente designados en planta permanente. Otros 19 son contratados, m\u00e1s 14 compa\u00f1eros tercerizados de una empresa de limpieza (que cobran alrededor de1200 pesos mensuales)\u201d, denunci\u00f3 ante los decanos y consejeros presentes, Carlos Victorel, delegado de ATE en el sector.<\/span><\/p>\n<p><a href=\"http:\/\/www.atecordoba.org\/wp-content\/uploads\/2012\/09\/IMG_2358.jpg\"><img loading=\"lazy\" decoding=\"async\" class=\"aligncenter size-medium wp-image-1716\" title=\"IMG_2358\" src=\"http:\/\/www.atecordoba.org\/wp-content\/uploads\/2012\/09\/IMG_2358-300x225.jpg\" alt=\"\" width=\"300\" height=\"225\" \/><\/a><br \/>\n<span style=\"font-size: medium;\">El comedor universitario ha sido una de las cartas de presentaci\u00f3n de la gesti\u00f3n de la rectora Carolina Scotto, con un fuerte crecimiento en la cantidad de raciones que se brindan a los estudiantes a bajo precio.<\/span><br \/>\n<span style=\"font-size: medium;\">En ese sentido, Victorel remarc\u00f3 que el fuerte incremento en la cantidad de raciones, que valor\u00f3 de forma positiva, no puede ser basado \u201csobre la precarizaci\u00f3n de los trabajadores. Sin los trabajadores en esta condici\u00f3n no existir\u00eda el nivel de producci\u00f3n actual. Pero esto es un bot\u00f3n de muestra, cada decano de la universidad tiene a trabajadores precarizados escondidos en su placar. Venimos a llamar la atenci\u00f3n de las autoridades para que fijen una pol\u00edtica que cambie este rumbo\u201d.<\/span><\/p>\n<p><a href=\"http:\/\/www.atecordoba.org\/wp-content\/uploads\/2012\/09\/IMG_2407.jpg\"><img loading=\"lazy\" decoding=\"async\" class=\"aligncenter size-medium wp-image-1717\" title=\"IMG_2407\" src=\"http:\/\/www.atecordoba.org\/wp-content\/uploads\/2012\/09\/IMG_2407-300x225.jpg\" alt=\"\" width=\"300\" height=\"225\" \/><\/a><br \/>\n<span style=\"font-size: medium;\">Adem\u00e1s, los compa\u00f1eros de ATE reclamaron que se efectivice una audiencia pedida por la conducci\u00f3n de nuestro gremio, a los efectos de formalizar con el rectorado la participaci\u00f3n de ATE en la vida de la universidad, toda vez que se vienen realizando elecciones de delegados en distintos sectores de la Casa de Estudios. El pedido se audiencia se realiz\u00f3 hace 10 d\u00edas, sin que hasta el momento haya habido alguna respuesta oficial.\u00a0<\/span><br \/>\n<span style=\"font-size: medium;\">A su turno, el decano de Filosof\u00eda y Humanidades, Diego Tati\u00e1n, reconoci\u00f3 la situaci\u00f3n laboral que se vive en la facultad que preside, as\u00ed como en otros sectores de la UNC. En el mismo sentido se expres\u00f3 la Vicerrectora Hebe Goldenhersch.\u00a0<\/span><br \/>\n<span style=\"font-size: medium;\">ATE espera que los festejos de los 400 a\u00f1os de la universidad se cumplan con los trabajadores recuperando su dignidad.<\/span><\/p>\n\n","protected":false},"excerpt":{"rendered":"<p>En el marco del crecimiento de ATE en la Universidad Nacional de C\u00f3rdoba,\u00a0hoy\u00a0se realiz\u00f3 una movilizaci\u00f3n de los trabajadores no docentes del Comedor Universitario en reclamo del pase a planta permanente de los compa\u00f1eros precarizados, con contratos y tercerizaciones, que se desempe\u00f1an en el sector. La movilizaci\u00f3n parti\u00f3 del propio Comedor, para concluir en el [&hellip;]<\/p>\n","protected":false},"author":1,"featured_media":19220,"comment_status":"open","ping_status":"open","sticky":false,"template":"","format":"standard","meta":{"_exactmetrics_skip_tracking":false,"_exactmetrics_sitenote_active":false,"_exactmetrics_sitenote_note":"","_exactmetrics_sitenote_category":0,"jnews-multi-image_gallery":[],"jnews_single_post":[],"jnews_primary_category":[],"jnews_social_meta":[],"jnews_review":[],"enable_review":"","type":"","name":"","summary":"","brand":"","sku":"","good":[],"bad":[],"score_override":"","override_value":"","rating":[],"price":[],"jnews_override_counter":[],"jnews_post_split":[],"footnotes":""},"categories":[18],"tags":[],"class_list":["post-1714","post","type-post","status-publish","format-standard","has-post-thumbnail","hentry","category-nacionales"],"jetpack_featured_media_url":"https:\/\/atecordoba.org\/wp-content\/uploads\/2020\/05\/logo-nuevochico-e1561581322808.png","_links":{"self":[{"href":"https:\/\/atecordoba.org\/index.php?rest_route=\/wp\/v2\/posts\/1714","targetHints":{"allow":["GET"]}}],"collection":[{"href":"https:\/\/atecordoba.org\/index.php?rest_route=\/wp\/v2\/posts"}],"about":[{"href":"https:\/\/atecordoba.org\/index.php?rest_route=\/wp\/v2\/types\/post"}],"author":[{"embeddable":true,"href":"https:\/\/atecordoba.org\/index.php?rest_route=\/wp\/v2\/users\/1"}],"replies":[{"embeddable":true,"href":"https:\/\/atecordoba.org\/index.php?rest_route=%2Fwp%2Fv2%2Fcomments&post=1714"}],"version-history":[{"count":0,"href":"https:\/\/atecordoba.org\/index.php?rest_route=\/wp\/v2\/posts\/1714\/revisions"}],"wp:featuredmedia":[{"embeddable":true,"href":"https:\/\/atecordoba.org\/index.php?rest_route=\/wp\/v2\/media\/19220"}],"wp:attachment":[{"href":"https:\/\/atecordoba.org\/index.php?rest_route=%2Fwp%2Fv2%2Fmedia&parent=1714"}],"wp:term":[{"taxonomy":"category","embeddable":true,"href":"https:\/\/atecordoba.org\/index.php?rest_route=%2Fwp%2Fv2%2Fcategories&post=1714"},{"taxonomy":"post_tag","embeddable":true,"href":"https:\/\/atecordoba.org\/index.php?rest_route=%2Fwp%2Fv2%2Ftags&post=1714"}],"curies":[{"name":"wp","href":"https:\/\/api.w.org\/{rel}","templated":true}]}}