{"id":1705,"date":"2012-09-13T17:04:43","date_gmt":"2012-09-13T20:04:43","guid":{"rendered":"http:\/\/www.atecordoba.org\/?p=1705"},"modified":"2012-09-13T17:04:43","modified_gmt":"2012-09-13T20:04:43","slug":"eligen-delegada-en-la-anac","status":"publish","type":"post","link":"https:\/\/atecordoba.org\/?p=1705","title":{"rendered":"Eligen delegada en la ANAC"},"content":{"rendered":"<p><em>Con la participaci\u00f3n del 60% del padr\u00f3n, los compa\u00f1eros del Departamento de Certificaciones Aeron\u00e1uticas de la ANAC reeligieron a Ana Cristina Tormo como delegada hasta 2014.<\/em><\/p>\n<p><a href=\"http:\/\/www.atecordoba.org\/wp-content\/uploads\/2012\/09\/ana-tormo-delegada-anac.jpg\"><img loading=\"lazy\" decoding=\"async\" title=\"ana tormo delegada anac\" src=\"http:\/\/www.atecordoba.org\/wp-content\/uploads\/2012\/09\/ana-tormo-delegada-anac-300x180.jpg\" alt=\"\" width=\"300\" height=\"180\" \/><\/a><\/p>\n<p>Esta muestra de la activa participaci\u00f3n de los trabajadores en el acto eleccionario da muestra del crecimiento de ATE en el sector.<\/p>\n","protected":false},"excerpt":{"rendered":"<p>Con la participaci\u00f3n del 60% del padr\u00f3n, los compa\u00f1eros del Departamento de Certificaciones Aeron\u00e1uticas de la ANAC reeligieron a Ana Cristina Tormo como delegada hasta 2014. Esta muestra de la activa participaci\u00f3n de los trabajadores en el acto eleccionario da muestra del crecimiento de ATE en el sector.<\/p>\n","protected":false},"author":1,"featured_media":19220,"comment_status":"open","ping_status":"open","sticky":false,"template":"","format":"standard","meta":{"_exactmetrics_skip_tracking":false,"_exactmetrics_sitenote_active":false,"_exactmetrics_sitenote_note":"","_exactmetrics_sitenote_category":0,"jnews-multi-image_gallery":[],"jnews_single_post":[],"jnews_primary_category":[],"jnews_social_meta":[],"jnews_review":[],"enable_review":"","type":"","name":"","summary":"","brand":"","sku":"","good":[],"bad":[],"score_override":"","override_value":"","rating":[],"price":[],"jnews_override_counter":[],"jnews_post_split":[],"footnotes":""},"categories":[18],"tags":[],"class_list":["post-1705","post","type-post","status-publish","format-standard","has-post-thumbnail","hentry","category-nacionales"],"jetpack_featured_media_url":"https:\/\/atecordoba.org\/wp-content\/uploads\/2020\/05\/logo-nuevochico-e1561581322808.png","_links":{"self":[{"href":"https:\/\/atecordoba.org\/index.php?rest_route=\/wp\/v2\/posts\/1705","targetHints":{"allow":["GET"]}}],"collection":[{"href":"https:\/\/atecordoba.org\/index.php?rest_route=\/wp\/v2\/posts"}],"about":[{"href":"https:\/\/atecordoba.org\/index.php?rest_route=\/wp\/v2\/types\/post"}],"author":[{"embeddable":true,"href":"https:\/\/atecordoba.org\/index.php?rest_route=\/wp\/v2\/users\/1"}],"replies":[{"embeddable":true,"href":"https:\/\/atecordoba.org\/index.php?rest_route=%2Fwp%2Fv2%2Fcomments&post=1705"}],"version-history":[{"count":0,"href":"https:\/\/atecordoba.org\/index.php?rest_route=\/wp\/v2\/posts\/1705\/revisions"}],"wp:featuredmedia":[{"embeddable":true,"href":"https:\/\/atecordoba.org\/index.php?rest_route=\/wp\/v2\/media\/19220"}],"wp:attachment":[{"href":"https:\/\/atecordoba.org\/index.php?rest_route=%2Fwp%2Fv2%2Fmedia&parent=1705"}],"wp:term":[{"taxonomy":"category","embeddable":true,"href":"https:\/\/atecordoba.org\/index.php?rest_route=%2Fwp%2Fv2%2Fcategories&post=1705"},{"taxonomy":"post_tag","embeddable":true,"href":"https:\/\/atecordoba.org\/index.php?rest_route=%2Fwp%2Fv2%2Ftags&post=1705"}],"curies":[{"name":"wp","href":"https:\/\/api.w.org\/{rel}","templated":true}]}}