{"id":1698,"date":"2012-09-13T16:36:32","date_gmt":"2012-09-13T19:36:32","guid":{"rendered":"http:\/\/www.atecordoba.org\/?p=1698"},"modified":"2012-09-13T16:36:32","modified_gmt":"2012-09-13T19:36:32","slug":"personal-civil-en-estado-de-asamblea-permanente","status":"publish","type":"post","link":"https:\/\/atecordoba.org\/?p=1698","title":{"rendered":"Personal Civil en estado de asamblea permanente"},"content":{"rendered":"<p><em>En un plenario de delegados realizado hoy en<\/em><strong><em> <\/em><\/strong><em>ATE C\u00f3rdoba, los trabajadores ratificaron el descontento por la falta de respuestas de la patronal a las demandas del sector.&nbsp;<\/em><\/p>\n<p><a href=\"http:\/\/www.atecordoba.org\/wp-content\/uploads\/2012\/09\/IMG_1887.jpg\" class=\"\"><img loading=\"lazy\" decoding=\"async\" class=\"aligncenter size-medium wp-image-1699\" title=\"IMG_1887\" src=\"http:\/\/www.atecordoba.org\/wp-content\/uploads\/2012\/09\/IMG_1887-300x225.jpg\" alt=\"\" width=\"300\" height=\"225\"><\/a><\/p>\n<p>El sector m\u00e1s postergado de la administraci\u00f3n p\u00fablica nacional mantiene el estado de asamblea permanente ante la falta de respuestas del Ministerio de Defensa ante la serie de demandas que vienen expresando los trabajadores desde hace dos a\u00f1os.<\/p>\n<p>Durante un plenario ordinario desarrollado hoy en ATE, los compa\u00f1eros resolvieron realizar asambleas de dos horas por turno, con la modalidad sometida a la decisi\u00f3n de cada uno de los sectores de trabajo, atento a las distintas particularidades. Las asambleas se extender\u00e1n desde el lunes 3 de septiembre y por 15 d\u00edas h\u00e1biles.<\/p>\n<p>Motiva la medida el reclamo por una recomposici\u00f3n salarial del 35%, Apertura de la paritaria sectorial de carrera, pase a planta permanente de los contratados, actualizaci\u00f3n de los suplementos percibidos por el personal del Instituto Obra Social del Ej\u00e9rcito, en vista del reciente blanqueo del salario del personal militar en actividad que redunda en un mayor ingreso monetario al mismo.<\/p>\n<p>Adem\u00e1s, los trabajadores del personal docente de Gendarmer\u00eda demandan el correcto reencasillamiento del personal Docente dela Gendarmer\u00eda Nacionaly la correcta liquidaci\u00f3n de sus haberes mensuales y cargas sociales; regularizaci\u00f3n y reconocimiento de los suplementos que le correspondan seg\u00fan estatuto a los compa\u00f1eros del Ejercito Argentino; regularizaci\u00f3n de la situaci\u00f3n del personal con respecto a las Aseguradoras de Riesgo de Trabajo.<\/p>\n<p>Los compa\u00f1eros de mantenimiento del Barrio Aeron\u00e1utico exigen la restituci\u00f3n del horario de refrigerio y cumplimentaci\u00f3n de la entrega de ropa de trabajo y material de seguridad a los mismos.<\/p>\n<p>Otros puntos de la agenda de reclamos incluyen:<\/p>\n<ul>\n<li>Blanqueo y actualizaci\u00f3n del monto del Suplemento por Refrigerio percibido por los trabajadores del Instituto Nacional de Medicina Aeroespacial, respetando la proporcionalidad porcentual respecto al salario que ten\u00edan en el momento de otorgarse.<\/li>\n<li>Adecuaci\u00f3n del Nivel Educativo de los compa\u00f1eros Docentes dela Escuelade Suboficiales dela Fuerza A\u00e9reaArgentina C\u00f3rdoba y su consiguiente reajuste salarial acorde con la tarea realizada.<\/li>\n<li>Hora Universal de 45 minutos para todo el personal docente comprendido en ley 17.409.<\/li>\n<li>Regularizaci\u00f3n del pago y Actualizaci\u00f3n del monto del Incentivo docente y su Incorporaci\u00f3n al b\u00e1sico a trav\u00e9s de la variaci\u00f3n del Nivel \u00cdndice 1.<\/li>\n<\/ul>\n<p>&nbsp;<\/p>\n<p>El plenario se expres\u00f3 tambi\u00e9n por la eliminaci\u00f3n del impuesto a las ganancias y el m\u00ednimo de asignaciones familiares, 82% m\u00f3vil de los haberes jubilatorios.<strong><\/strong><\/p>\n<p>En la oportunidad estuvieron presentes compa\u00f1eros de Escuela de Suboficiales dela FuerzaA\u00e9reaC\u00f3rdoba, la Farmacia IOSE C\u00f3rdoba, la Escuela de Suboficiales de Gendarmer\u00eda, el INMAE, el Centro Odontol\u00f3gico, la CAR Noroeste del IOSE, el IUA, junto con Eugenia Vivas, delegada por el Consejo Directivo Provincial, as\u00ed como Alejandro Charra, Luis Barcena y Miriam Martino, Secretarios de Organizaci\u00f3n Interior y Acci\u00f3n Pol\u00edtica respectivamente.<\/p>\n<p>El plenario inst\u00f3 al Consejo Directivo Nacional a convocar a un plenario nacional, con car\u00e1cter de urgente, en vista de haber tomado conocimiento los compa\u00f1eros de fuertes rumores de apertura de la paritaria sectorial. En ese sentido, los compa\u00f1eros proponen realizar un intensivo relevamiento de las problem\u00e1ticas de los distintos sectores con el objeto de elaborar un informe que ser\u00e1 presentado oportunamente al Consejo Directivo Nacional.<\/p>\n<p><\/p>\n","protected":false},"excerpt":{"rendered":"<p>En un plenario de delegados realizado hoy en ATE C\u00f3rdoba, los trabajadores ratificaron el descontento por la falta de respuestas de la patronal a las demandas del sector.&nbsp; El sector m\u00e1s postergado de la administraci\u00f3n p\u00fablica nacional mantiene el estado de asamblea permanente ante la falta de respuestas del Ministerio de Defensa ante la serie [&hellip;]<\/p>\n","protected":false},"author":1,"featured_media":19220,"comment_status":"open","ping_status":"open","sticky":false,"template":"","format":"standard","meta":{"_exactmetrics_skip_tracking":false,"_exactmetrics_sitenote_active":false,"_exactmetrics_sitenote_note":"","_exactmetrics_sitenote_category":0,"jnews-multi-image_gallery":[],"jnews_single_post":[],"jnews_primary_category":[],"jnews_social_meta":[],"jnews_review":[],"enable_review":"","type":"","name":"","summary":"","brand":"","sku":"","good":[],"bad":[],"score_override":"","override_value":"","rating":[],"price":[],"jnews_override_counter":[],"jnews_post_split":[],"footnotes":""},"categories":[18],"tags":[],"class_list":["post-1698","post","type-post","status-publish","format-standard","has-post-thumbnail","hentry","category-nacionales"],"jetpack_featured_media_url":"https:\/\/atecordoba.org\/wp-content\/uploads\/2020\/05\/logo-nuevochico-e1561581322808.png","_links":{"self":[{"href":"https:\/\/atecordoba.org\/index.php?rest_route=\/wp\/v2\/posts\/1698","targetHints":{"allow":["GET"]}}],"collection":[{"href":"https:\/\/atecordoba.org\/index.php?rest_route=\/wp\/v2\/posts"}],"about":[{"href":"https:\/\/atecordoba.org\/index.php?rest_route=\/wp\/v2\/types\/post"}],"author":[{"embeddable":true,"href":"https:\/\/atecordoba.org\/index.php?rest_route=\/wp\/v2\/users\/1"}],"replies":[{"embeddable":true,"href":"https:\/\/atecordoba.org\/index.php?rest_route=%2Fwp%2Fv2%2Fcomments&post=1698"}],"version-history":[{"count":0,"href":"https:\/\/atecordoba.org\/index.php?rest_route=\/wp\/v2\/posts\/1698\/revisions"}],"wp:featuredmedia":[{"embeddable":true,"href":"https:\/\/atecordoba.org\/index.php?rest_route=\/wp\/v2\/media\/19220"}],"wp:attachment":[{"href":"https:\/\/atecordoba.org\/index.php?rest_route=%2Fwp%2Fv2%2Fmedia&parent=1698"}],"wp:term":[{"taxonomy":"category","embeddable":true,"href":"https:\/\/atecordoba.org\/index.php?rest_route=%2Fwp%2Fv2%2Fcategories&post=1698"},{"taxonomy":"post_tag","embeddable":true,"href":"https:\/\/atecordoba.org\/index.php?rest_route=%2Fwp%2Fv2%2Ftags&post=1698"}],"curies":[{"name":"wp","href":"https:\/\/api.w.org\/{rel}","templated":true}]}}