{"id":1692,"date":"2012-09-12T19:11:57","date_gmt":"2012-09-12T22:11:57","guid":{"rendered":"http:\/\/www.atecordoba.org\/?p=1692"},"modified":"2012-09-12T19:11:57","modified_gmt":"2012-09-12T22:11:57","slug":"el-ministro-carlos-tomada-reafirmo-el-ambito-de-ate-en-la-provincia","status":"publish","type":"post","link":"https:\/\/atecordoba.org\/?p=1692","title":{"rendered":"El ministro Carlos Tomada reafirm\u00f3 el \u00e1mbito de ATE en la Provincia"},"content":{"rendered":"<div>comunicado de prensa 12-9-2012<\/div>\n<div><\/div>\n<div><span style=\"font-size: large;\">Por medio de la resoluci\u00f3n 770, el ministro de Trabajo de la Naci\u00f3n, Carlos Tomada, reafirm\u00f3 el derecho de la Asociaci\u00f3n Trabajadores del Estado para representar a los trabajadores estatales de la provincia de C\u00f3rdoba, que el gobierno de Jos\u00e9 Manuel de la Sota no quiere reconocer desde 2006.<\/span><\/div>\n<p><span style=\"font-size: large;\">La resoluci\u00f3n, emitida el\u00a06 de septiembre\u00a0pasado, reconoce nuevamente a ATE C\u00f3rdoba el derecho a coexistir con otras organizaciones gremiales en el Estado provincial y en los municipios de C\u00f3rdoba, conforme a la resoluci\u00f3n 255\/03, que sostiene la pluralidad sindical en el \u00e1mbito del Estado, y en los convenios de la Organizaci\u00f3n Internacional del Trabajo (OIT) que Argentina tiene suscriptos.<br \/>\n\u201cEl es resultado de la coherencia y la perseverancia de un gremio discriminado por de la Sota, desde hace seis a\u00f1os, por no aceptar la sumisi\u00f3n a las pol\u00edticas oficiales. El Ministerio de Trabajo nos dio la raz\u00f3n en todos los argumentos que present\u00f3 nuestro equipo legal. Durante todo este tiempo debimos salir a explicar a nuestros 2100 afiliados de la provincia que \u00e9ramos legales y sufrir la persecuci\u00f3n permanente del gobierno a nuestros delegados y activistas.\u00a0Hoy\u00a0estamos felices porque triunf\u00f3 la verdad\u201d, dijo\u00a0Mar\u00eda Teresa Romero, secretaria General de ATE C\u00f3rdoba.<br \/>\nEsta resoluci\u00f3n es la segunda que emite Trabajo sobre el particular. La anterior (708\/09) fue emitida como resultado del recurso administrativo realizado por ATE para poner fin a la discriminaci\u00f3n en C\u00f3rdoba, donde nuestro gremio no cuenta con c\u00f3digos de descuento por planilla ni acceso a las mesas de negociaci\u00f3n laboral. Dicha resoluci\u00f3n fue impugnada por el Sindicato de Empleados P\u00fablicos. Ahora, con su firma, Tomada cierra definitivamente un atropello a nuestro gremio, reconociendo as\u00ed el planteo de ATE, que siempre tuvo sustento legal.<br \/>\n\u201cReclamamos que el gobernador sea coherente con sus discursos de di\u00e1logo y legalidad, respetando esta resoluci\u00f3n que determina el reconocimiento del \u00e1mbito de actuaci\u00f3n sindical para nuestro gremio en la provincia de C\u00f3rdoba. Esto no quita que seguiremos siendo aut\u00f3nomos de los gobiernos y los partidos pol\u00edtico, porque nuestro fin es defender el derecho de los trabajadores, activos y jubilados\u201d, concluy\u00f3 Romero.<\/span><\/p>\n<div><\/div>\n<div><span style=\"font-size: large;\">Mar\u00eda Teresa Romero<\/span><\/div>\n<div><span style=\"font-size: large;\">Secretaria General<\/span><\/div>\n<div><span style=\"font-size: large;\">ATE C\u00f3rdoba<\/span><\/div>\n<div><\/div>\n<div>\n\n<\/div>\n","protected":false},"excerpt":{"rendered":"<p>comunicado de prensa 12-9-2012 Por medio de la resoluci\u00f3n 770, el ministro de Trabajo de la Naci\u00f3n, Carlos Tomada, reafirm\u00f3 el derecho de la Asociaci\u00f3n Trabajadores del Estado para representar a los trabajadores estatales de la provincia de C\u00f3rdoba, que el gobierno de Jos\u00e9 Manuel de la Sota no quiere reconocer desde 2006. La resoluci\u00f3n, [&hellip;]<\/p>\n","protected":false},"author":1,"featured_media":19220,"comment_status":"open","ping_status":"open","sticky":false,"template":"","format":"standard","meta":{"_exactmetrics_skip_tracking":false,"_exactmetrics_sitenote_active":false,"_exactmetrics_sitenote_note":"","_exactmetrics_sitenote_category":0,"jnews-multi-image_gallery":[],"jnews_single_post":[],"jnews_primary_category":[],"jnews_social_meta":[],"jnews_review":[],"enable_review":"","type":"","name":"","summary":"","brand":"","sku":"","good":[],"bad":[],"score_override":"","override_value":"","rating":[],"price":[],"jnews_override_counter":[],"jnews_post_split":[],"footnotes":""},"categories":[53],"tags":[],"class_list":["post-1692","post","type-post","status-publish","format-standard","has-post-thumbnail","hentry","category-comunicados-de-prensa"],"jetpack_featured_media_url":"https:\/\/atecordoba.org\/wp-content\/uploads\/2020\/05\/logo-nuevochico-e1561581322808.png","_links":{"self":[{"href":"https:\/\/atecordoba.org\/index.php?rest_route=\/wp\/v2\/posts\/1692","targetHints":{"allow":["GET"]}}],"collection":[{"href":"https:\/\/atecordoba.org\/index.php?rest_route=\/wp\/v2\/posts"}],"about":[{"href":"https:\/\/atecordoba.org\/index.php?rest_route=\/wp\/v2\/types\/post"}],"author":[{"embeddable":true,"href":"https:\/\/atecordoba.org\/index.php?rest_route=\/wp\/v2\/users\/1"}],"replies":[{"embeddable":true,"href":"https:\/\/atecordoba.org\/index.php?rest_route=%2Fwp%2Fv2%2Fcomments&post=1692"}],"version-history":[{"count":0,"href":"https:\/\/atecordoba.org\/index.php?rest_route=\/wp\/v2\/posts\/1692\/revisions"}],"wp:featuredmedia":[{"embeddable":true,"href":"https:\/\/atecordoba.org\/index.php?rest_route=\/wp\/v2\/media\/19220"}],"wp:attachment":[{"href":"https:\/\/atecordoba.org\/index.php?rest_route=%2Fwp%2Fv2%2Fmedia&parent=1692"}],"wp:term":[{"taxonomy":"category","embeddable":true,"href":"https:\/\/atecordoba.org\/index.php?rest_route=%2Fwp%2Fv2%2Fcategories&post=1692"},{"taxonomy":"post_tag","embeddable":true,"href":"https:\/\/atecordoba.org\/index.php?rest_route=%2Fwp%2Fv2%2Ftags&post=1692"}],"curies":[{"name":"wp","href":"https:\/\/api.w.org\/{rel}","templated":true}]}}