{"id":1682,"date":"2012-09-10T19:42:53","date_gmt":"2012-09-10T22:42:53","guid":{"rendered":"http:\/\/www.atecordoba.org\/?p=1682"},"modified":"2012-09-10T19:42:53","modified_gmt":"2012-09-10T22:42:53","slug":"la-justicia-reinstalo-un-delegado-de-ate-en-cruz-del-eje","status":"publish","type":"post","link":"https:\/\/atecordoba.org\/?p=1682","title":{"rendered":"La justicia reinstal\u00f3 un delegado de ATE en Cruz del Eje"},"content":{"rendered":"<p><em>Una resoluci\u00f3n judicial orden\u00f3 al municipio de Cruz del Eje a devolver a su lugar de trabajo a Ramiro Silva, desplazado por el intendente Francisco \u00a0Esteban. Es el segundo delegado reinstalado y ahora resta que la justicia haga lo propio con el delegado Pedro Mor\u00e1n.<\/em><\/p>\n<p><a href=\"http:\/\/www.atecordoba.org\/wp-content\/uploads\/2012\/09\/liz-y-ramiro-silva.jpg\"><img loading=\"lazy\" decoding=\"async\" class=\"aligncenter size-medium wp-image-1683\" title=\"liz y ramiro silva\" src=\"http:\/\/www.atecordoba.org\/wp-content\/uploads\/2012\/09\/liz-y-ramiro-silva-300x300.jpg\" alt=\"\" width=\"300\" height=\"300\" \/><\/a><\/p>\n<p>El jueves 6 de septiembre la justicia de Cruz del Eje orden\u00f3 la reinstalaci\u00f3n del delegado municipal de ATE Ramiro Silva, que hab\u00eda sido desplazado de su lugar de trabajo pro orden del intendente radical Francisco Esteban, en el marco del largo conflicto gremial que envuelve al municipio por la rebaja en las condiciones de trabajo de los compa\u00f1eros, tras la asunci\u00f3n de la nueva gesti\u00f3n en diciembre pasado.<\/p>\n<p>Ahora, Silva disfruta de reencontrarse con su estatus de delegado, que nunca debi\u00f3 cambiar atento a la tutela sindical que protege su rol como representante de los trabajadores. El caso repite lo sucedido con la delegado Liz Maldonado, reinstala el mes pasado en el mismo proceso.<\/p>\n<p>&#8220;Se hizo justicia, cumplieron con la ley. Esteban tiene que entender que un gremio no existe porque lo apruebe o no el intendente. Tenemos la personar\u00eda y los delegados como para ejercer la representatividad y vamos a estar dentro del municipio por los compa\u00f1eros&#8221;, dijo Silva enterado de la resoluci\u00f3n judicial.<\/p>\n<p>&#8220;Adem\u00e1s -agreg\u00f3- es una forma de demostrar a todos que ATE est\u00e1 vivo, los compa\u00f1eros est\u00e1n felices. como el otro gremio arregl\u00f3 con Esteban, dec\u00edan que nosotros est\u00e1bamos de m\u00e1s pero \u00a0ATE lleg\u00f3 para quedarse, mientras los trabajadores as\u00ed lo quieran, m\u00e1s all\u00e1 de lo que opine el poder de turno&#8221;.<\/p>\n<p>Silva fij\u00f3 una agenda de necesidades que apunta a la reincorporaci\u00f3n de 30 compa\u00f1eros despedidos y la recuperaci\u00f3n lo derechos adquiridos de otros 270, que vieron rebajar brutalmente sus salarios y pasados, ilegalmente, de planta permanente a contratos basura. &#8220;Tenemos que pelear por el aumento salarial ya que estamos cobrando lo mismo que en mayo del a\u00f1o pasado. A los compa\u00f1eros los\u00a0extorsionaron\u00a0para que firmen esos contratos pero es una situaci\u00f3n que se puede revertir&#8221;, advirti\u00f3 Silva, que se desempe\u00f1a en el \u00e1rea de Econom\u00eda de la comuna.<\/p>\n<p>Ahora resta la reinstalaci\u00f3n del delegado Pedro Mor\u00e1n, que se estar\u00eda pro decidir en el transcurso de los pr\u00f3ximos d\u00edas. Mor\u00e1n cumple funciones como capataz de obra.<\/p>\n<p>Por lo pronto, los compa\u00f1eros de ATE Cruz del Eje tienen previsto realizar un plenario el pr\u00f3ximo viernes 14 de septiembre para resolver los pasos a seguir.<\/p>\n<p>&nbsp;<\/p>\n","protected":false},"excerpt":{"rendered":"<p>Una resoluci\u00f3n judicial orden\u00f3 al municipio de Cruz del Eje a devolver a su lugar de trabajo a Ramiro Silva, desplazado por el intendente Francisco \u00a0Esteban. Es el segundo delegado reinstalado y ahora resta que la justicia haga lo propio con el delegado Pedro Mor\u00e1n. El jueves 6 de septiembre la justicia de Cruz del [&hellip;]<\/p>\n","protected":false},"author":1,"featured_media":19220,"comment_status":"open","ping_status":"open","sticky":false,"template":"","format":"standard","meta":{"_exactmetrics_skip_tracking":false,"_exactmetrics_sitenote_active":false,"_exactmetrics_sitenote_note":"","_exactmetrics_sitenote_category":0,"jnews-multi-image_gallery":[],"jnews_single_post":[],"jnews_primary_category":[],"jnews_social_meta":[],"jnews_review":[],"enable_review":"","type":"","name":"","summary":"","brand":"","sku":"","good":[],"bad":[],"score_override":"","override_value":"","rating":[],"price":[],"jnews_override_counter":[],"jnews_post_split":[],"footnotes":""},"categories":[20],"tags":[],"class_list":["post-1682","post","type-post","status-publish","format-standard","has-post-thumbnail","hentry","category-municipales"],"jetpack_featured_media_url":"https:\/\/atecordoba.org\/wp-content\/uploads\/2020\/05\/logo-nuevochico-e1561581322808.png","_links":{"self":[{"href":"https:\/\/atecordoba.org\/index.php?rest_route=\/wp\/v2\/posts\/1682","targetHints":{"allow":["GET"]}}],"collection":[{"href":"https:\/\/atecordoba.org\/index.php?rest_route=\/wp\/v2\/posts"}],"about":[{"href":"https:\/\/atecordoba.org\/index.php?rest_route=\/wp\/v2\/types\/post"}],"author":[{"embeddable":true,"href":"https:\/\/atecordoba.org\/index.php?rest_route=\/wp\/v2\/users\/1"}],"replies":[{"embeddable":true,"href":"https:\/\/atecordoba.org\/index.php?rest_route=%2Fwp%2Fv2%2Fcomments&post=1682"}],"version-history":[{"count":0,"href":"https:\/\/atecordoba.org\/index.php?rest_route=\/wp\/v2\/posts\/1682\/revisions"}],"wp:featuredmedia":[{"embeddable":true,"href":"https:\/\/atecordoba.org\/index.php?rest_route=\/wp\/v2\/media\/19220"}],"wp:attachment":[{"href":"https:\/\/atecordoba.org\/index.php?rest_route=%2Fwp%2Fv2%2Fmedia&parent=1682"}],"wp:term":[{"taxonomy":"category","embeddable":true,"href":"https:\/\/atecordoba.org\/index.php?rest_route=%2Fwp%2Fv2%2Fcategories&post=1682"},{"taxonomy":"post_tag","embeddable":true,"href":"https:\/\/atecordoba.org\/index.php?rest_route=%2Fwp%2Fv2%2Ftags&post=1682"}],"curies":[{"name":"wp","href":"https:\/\/api.w.org\/{rel}","templated":true}]}}