{"id":1678,"date":"2012-09-10T19:03:21","date_gmt":"2012-09-10T22:03:21","guid":{"rendered":"http:\/\/www.atecordoba.org\/?p=1678"},"modified":"2012-09-10T19:03:21","modified_gmt":"2012-09-10T22:03:21","slug":"gran-participacion-consagro-un-nuevo-delegado-en-la-unc","status":"publish","type":"post","link":"https:\/\/atecordoba.org\/?p=1678","title":{"rendered":"Gran participaci\u00f3n consagr\u00f3 un nuevo delegado en la UNC"},"content":{"rendered":"<p><em>Se trata de Francisco Pav\u00e1n, elegido con le 70% del padr\u00f3n como representante no docente en la Facultad de Matem\u00e1tica, Astronom\u00eda y F\u00edsica. La elecci\u00f3n marca el crecimiento organizativo de ATE en la UNC donde los trabajadores del Comedor Universitario eligi\u00f3 delegados recientemente.<\/em><\/p>\n<p><a href=\"http:\/\/www.atecordoba.org\/wp-content\/uploads\/2012\/09\/francisco-pavan.jpg\"><img loading=\"lazy\" decoding=\"async\" class=\"aligncenter size-medium wp-image-1679\" title=\"francisco pavan\" src=\"http:\/\/www.atecordoba.org\/wp-content\/uploads\/2012\/09\/francisco-pavan-300x225.jpg\" alt=\"\" width=\"300\" height=\"225\" \/><\/a><br \/>\n&#8220;Empezamos una nueva etapa donde ATE trabajar\u00e1 en la defensa de los derechos de los trabajadores no docentes en el FAMAF&#8221;, dijo el delegado electo al saludar los resultados de la elecci\u00f3n.<\/p>\n<p>La agenda de desarrollo gremial que tiene el sector incluyen la recomposici\u00f3n salarial acorde a la canasta familiar, el pase a planta de contratados, monotributistas y tercerizados, as\u00ed como la recuperaci\u00f3n del 3% de antig\u00fcedad.<\/p>\n<p>&#8220;Este es un salto organizativo de ATE en la universidad que ya se manifest\u00f3 con la elecci\u00f3n de delegados en el Comedor Universitario. En ambos casos este proceso se da con gran participaci\u00f3n de los compa\u00f1eros&#8221;, afirm\u00f3 Pav\u00e1n.<\/p>\n<p><a href=\"http:\/\/www.atecordoba.org\/wp-content\/uploads\/2012\/09\/volante-no-docentes.jpg\"><img loading=\"lazy\" decoding=\"async\" class=\"aligncenter size-medium wp-image-1680\" title=\"volante no docentes\" src=\"http:\/\/www.atecordoba.org\/wp-content\/uploads\/2012\/09\/volante-no-docentes-205x300.jpg\" alt=\"\" width=\"205\" height=\"300\" \/><\/a><\/p>\n<p>&nbsp;<\/p>\n","protected":false},"excerpt":{"rendered":"<p>Se trata de Francisco Pav\u00e1n, elegido con le 70% del padr\u00f3n como representante no docente en la Facultad de Matem\u00e1tica, Astronom\u00eda y F\u00edsica. La elecci\u00f3n marca el crecimiento organizativo de ATE en la UNC donde los trabajadores del Comedor Universitario eligi\u00f3 delegados recientemente. &#8220;Empezamos una nueva etapa donde ATE trabajar\u00e1 en la defensa de los [&hellip;]<\/p>\n","protected":false},"author":1,"featured_media":19220,"comment_status":"open","ping_status":"open","sticky":false,"template":"","format":"standard","meta":{"_exactmetrics_skip_tracking":false,"_exactmetrics_sitenote_active":false,"_exactmetrics_sitenote_note":"","_exactmetrics_sitenote_category":0,"jnews-multi-image_gallery":[],"jnews_single_post":[],"jnews_primary_category":[],"jnews_social_meta":[],"jnews_review":[],"enable_review":"","type":"","name":"","summary":"","brand":"","sku":"","good":[],"bad":[],"score_override":"","override_value":"","rating":[],"price":[],"jnews_override_counter":[],"jnews_post_split":[],"footnotes":""},"categories":[18],"tags":[],"class_list":["post-1678","post","type-post","status-publish","format-standard","has-post-thumbnail","hentry","category-nacionales"],"jetpack_featured_media_url":"https:\/\/atecordoba.org\/wp-content\/uploads\/2020\/05\/logo-nuevochico-e1561581322808.png","_links":{"self":[{"href":"https:\/\/atecordoba.org\/index.php?rest_route=\/wp\/v2\/posts\/1678","targetHints":{"allow":["GET"]}}],"collection":[{"href":"https:\/\/atecordoba.org\/index.php?rest_route=\/wp\/v2\/posts"}],"about":[{"href":"https:\/\/atecordoba.org\/index.php?rest_route=\/wp\/v2\/types\/post"}],"author":[{"embeddable":true,"href":"https:\/\/atecordoba.org\/index.php?rest_route=\/wp\/v2\/users\/1"}],"replies":[{"embeddable":true,"href":"https:\/\/atecordoba.org\/index.php?rest_route=%2Fwp%2Fv2%2Fcomments&post=1678"}],"version-history":[{"count":0,"href":"https:\/\/atecordoba.org\/index.php?rest_route=\/wp\/v2\/posts\/1678\/revisions"}],"wp:featuredmedia":[{"embeddable":true,"href":"https:\/\/atecordoba.org\/index.php?rest_route=\/wp\/v2\/media\/19220"}],"wp:attachment":[{"href":"https:\/\/atecordoba.org\/index.php?rest_route=%2Fwp%2Fv2%2Fmedia&parent=1678"}],"wp:term":[{"taxonomy":"category","embeddable":true,"href":"https:\/\/atecordoba.org\/index.php?rest_route=%2Fwp%2Fv2%2Fcategories&post=1678"},{"taxonomy":"post_tag","embeddable":true,"href":"https:\/\/atecordoba.org\/index.php?rest_route=%2Fwp%2Fv2%2Ftags&post=1678"}],"curies":[{"name":"wp","href":"https:\/\/api.w.org\/{rel}","templated":true}]}}