{"id":1666,"date":"2012-09-05T17:17:32","date_gmt":"2012-09-05T20:17:32","guid":{"rendered":"http:\/\/www.atecordoba.org\/?p=1666"},"modified":"2012-09-05T17:17:32","modified_gmt":"2012-09-05T20:17:32","slug":"marcha-en-villa-maria-por-la-defensa-de-la-salud-publica","status":"publish","type":"post","link":"https:\/\/atecordoba.org\/?p=1666","title":{"rendered":"Marcha en Villa Mar\u00eda por la defensa de la salud p\u00fablica"},"content":{"rendered":"<p>Comunicado de prensa 5-9-2012<\/p>\n<p><a href=\"http:\/\/www.atecordoba.org\/wp-content\/uploads\/2012\/09\/movilizaci\u00f3n-ate-villa-mar\u00eda.jpg\"><img loading=\"lazy\" decoding=\"async\" class=\"aligncenter size-medium wp-image-1667\" title=\"movilizaci\u00f3n ate villa mar\u00eda\" src=\"http:\/\/www.atecordoba.org\/wp-content\/uploads\/2012\/09\/movilizaci\u00f3n-ate-villa-mar\u00eda-300x225.jpg\" alt=\"\" width=\"300\" height=\"225\" \/><\/a><\/p>\n<p>Ante la par\u00e1lisis manifiesta de la obra de construcci\u00f3n del Nuevo Hospital Regional Pasteur, la seccional Villa Mar\u00eda de ATE C\u00f3rdoba convoca a una caravana que se llevar\u00e1 a cabo ma\u00f1ana a las 12 horas, en reclamo del reinicio de dicha obra, detenida hace siete meses.<\/p>\n<p>En una ciudad que ha sido privilegiada durante los \u00faltimos a\u00f1os por la obra p\u00fablica es precisamente la salud p\u00fablica lo que olvidan finalizar, tanto los funcionarios del municipio como del gobierno provincial.<\/p>\n<p>Conscientes que s\u00f3lo la movilizaci\u00f3n popular es capaz de sacar del letargo a una obra que se necesita con urgencia en la ciudad, a partir de las 12 horas ATE partir\u00e1 en caravana desde el viejo hospital Pasteur (Mendoza al 1900) hasta el emplazamiento del nuevo hospital (ruta 9, salida a C\u00f3rdoba). Previamente la movilizaci\u00f3n recorrer\u00e1 el centro de la ciudad.<\/p>\n<p>En la oportunidad estar\u00e1n presentes trabajadores de Fabricaciones Militares y Anses Villa Mar\u00eda, sumados a compa\u00f1eros de C\u00f3rdoba Capital, as\u00ed como de las seccionales R\u00edo Tercero y R\u00edo Cuarto.<\/p>\n<p>Jos\u00e9 Gorozo<\/p>\n<p>Secretario Gremial<\/p>\n<p>ATE C\u00f3rdoba<\/p>\n","protected":false},"excerpt":{"rendered":"<p>Comunicado de prensa 5-9-2012 Ante la par\u00e1lisis manifiesta de la obra de construcci\u00f3n del Nuevo Hospital Regional Pasteur, la seccional Villa Mar\u00eda de ATE C\u00f3rdoba convoca a una caravana que se llevar\u00e1 a cabo ma\u00f1ana a las 12 horas, en reclamo del reinicio de dicha obra, detenida hace siete meses. En una ciudad que ha [&hellip;]<\/p>\n","protected":false},"author":1,"featured_media":19220,"comment_status":"open","ping_status":"open","sticky":false,"template":"","format":"standard","meta":{"_exactmetrics_skip_tracking":false,"_exactmetrics_sitenote_active":false,"_exactmetrics_sitenote_note":"","_exactmetrics_sitenote_category":0,"jnews-multi-image_gallery":[],"jnews_single_post":[],"jnews_primary_category":[],"jnews_social_meta":[],"jnews_review":[],"enable_review":"","type":"","name":"","summary":"","brand":"","sku":"","good":[],"bad":[],"score_override":"","override_value":"","rating":[],"price":[],"jnews_override_counter":[],"jnews_post_split":[],"footnotes":""},"categories":[53],"tags":[],"class_list":["post-1666","post","type-post","status-publish","format-standard","has-post-thumbnail","hentry","category-comunicados-de-prensa"],"jetpack_featured_media_url":"https:\/\/atecordoba.org\/wp-content\/uploads\/2020\/05\/logo-nuevochico-e1561581322808.png","_links":{"self":[{"href":"https:\/\/atecordoba.org\/index.php?rest_route=\/wp\/v2\/posts\/1666","targetHints":{"allow":["GET"]}}],"collection":[{"href":"https:\/\/atecordoba.org\/index.php?rest_route=\/wp\/v2\/posts"}],"about":[{"href":"https:\/\/atecordoba.org\/index.php?rest_route=\/wp\/v2\/types\/post"}],"author":[{"embeddable":true,"href":"https:\/\/atecordoba.org\/index.php?rest_route=\/wp\/v2\/users\/1"}],"replies":[{"embeddable":true,"href":"https:\/\/atecordoba.org\/index.php?rest_route=%2Fwp%2Fv2%2Fcomments&post=1666"}],"version-history":[{"count":0,"href":"https:\/\/atecordoba.org\/index.php?rest_route=\/wp\/v2\/posts\/1666\/revisions"}],"wp:featuredmedia":[{"embeddable":true,"href":"https:\/\/atecordoba.org\/index.php?rest_route=\/wp\/v2\/media\/19220"}],"wp:attachment":[{"href":"https:\/\/atecordoba.org\/index.php?rest_route=%2Fwp%2Fv2%2Fmedia&parent=1666"}],"wp:term":[{"taxonomy":"category","embeddable":true,"href":"https:\/\/atecordoba.org\/index.php?rest_route=%2Fwp%2Fv2%2Fcategories&post=1666"},{"taxonomy":"post_tag","embeddable":true,"href":"https:\/\/atecordoba.org\/index.php?rest_route=%2Fwp%2Fv2%2Ftags&post=1666"}],"curies":[{"name":"wp","href":"https:\/\/api.w.org\/{rel}","templated":true}]}}