{"id":1662,"date":"2012-09-05T16:42:51","date_gmt":"2012-09-05T19:42:51","guid":{"rendered":"http:\/\/www.atecordoba.org\/?p=1662"},"modified":"2012-09-05T16:42:51","modified_gmt":"2012-09-05T19:42:51","slug":"caja-de-jubilaciones-debe-continuar-el-plan-de-lucha","status":"publish","type":"post","link":"https:\/\/atecordoba.org\/?p=1662","title":{"rendered":"Caja de Jubilaciones: DEBE CONTINUAR EL PLAN DE LUCHA"},"content":{"rendered":"<p>Comunicado de prensa 5-9-2012<\/p>\n<p align=\"center\"><strong>NO CREEMOS EN DE LA SOTA<\/strong><\/p>\n<p>\u00a0Ante la serie de acontecimientos que envuelven la crisis financiera de la Caja de Jubilaciones, el Consejo Directivo Provincial de ATE, conjuntamente con la CTA C\u00f3rdoba expresan que:<\/p>\n<ul>\n<li>No acordamos ni firmamos con el gobernador porque ya incumpli\u00f3 el compromiso del 24-7, cuando en la Legislatura se comprometi\u00f3 a no destruir el sistema previsional ni la movilidad jubilatoria.<\/li>\n<li>Por eso el 8-8 se present\u00f3 en la Unicameral para que sus manos de yeso aprueben la reforma m\u00e1s antipopular sobre los ingresos de los jubilados y el futuro de los activos. Esa misma escriban\u00eda fue protagonista, por orden del gobernador, del impuestazo sobre las naftas, inflacionario y regresivo.<\/li>\n<li>Ante las cuatro marchas multitudinarias, el gobierno provincial respondi\u00f3 con una cruenta represi\u00f3n y la justific\u00f3 con supuestos infiltrados para acallar los leg\u00edtimos reclamos de los trabajadores.\u00a0\u00bfC\u00f3mo vamos a creer que en esta \u201ctregua\u201d de diez d\u00edas, como vamos a creer que el 11 de septiembre luego de la audiencia en la Corte Suprema de Justicia se van a cobrar los 1000 millones de la deuda de la Naci\u00f3n a la Provincia?<\/li>\n<li>El gobernador debe saber que los trabajadores no somos parte de su cordobesismo, un proyecto personal con miras electoralistas para el 2015. Por eso, el 10 de septiembre no vamos a Buenos Aires a participar de la interna entre C\u00f3rdoba y la Casa Rosada.<\/li>\n<li>Lo m\u00e1s grave \u00a0es que el gobierno provincial pide que la Naci\u00f3n firme otro convenio \u00a0(2012-2015) de \u201cm\u00e1s armonizaci\u00f3n\u201d. \u00bfA cambio de qu\u00e9? Cuando el jefe de la ANSES, Diego Bossio dijo que las jubilaciones de los estatales cordobeses son de privilegio. Bossio es el \u00fanico que le cree al INDEC (que los trabajadores comemos por 6$ por d\u00eda), s\u00f3lo as\u00ed se entiende que nuestras jubilaciones sean privilegiadas. Lo cierto es que lo \u00fanico que queda por \u2018armonizar\u2019 es promediar los \u00faltimos 120 meses de sueldos para \u00a0liquidar el haber inicial, llevarnos definitivamente \u00a0al mismo r\u00e9gimen nacional y liquidar s\u00f3lo el 53% del salario del trabajador en actividad.<\/li>\n<li>No podemos permitir que el sacrificio de nuestros jubilados ni el futuro de nuestros compa\u00f1eros financien las ambiciones pol\u00edticas del gobernador.<\/li>\n<li>De la Sota tiene que hacerse cargo de todos los desmanejos y decisiones pol\u00edticas, como otorgar la pasividad anticipada a 25.000 trabajadores antes de cumplir con la edad y con los aportes, principal desfinanciamiento de la caja de jubilaciones en su gesti\u00f3n 2003-2007. De la misma forma, los porcentajes en negro de los salarios tambi\u00e9n profundizaron la falta de financiamiento.<\/li>\n<\/ul>\n<p align=\"center\">POR CONTINUIDAD DEL PLAN DE LUCHA, POR LA RECUPERACI\u00d3N DE LA LEY 8024, BASTA DE ARMONIZACIONES.<\/p>\n<p>&nbsp;<\/p>\n<p>Mar\u00eda Teresa Romero \u00a0 \u00a0 \u00a0 \u00a0 \u00a0 \u00a0 \u00a0 \u00a0 \u00a0 \u00a0 \u00a0 \u00a0 \u00a0 \u00a0 \u00a0 \u00a0 \u00a0 \u00a0 \u00a0 \u00a0 \u00a0 \u00a0 \u00a0 \u00a0 \u00a0 \u00a0 \u00a0 \u00a0 \u00a0 \u00a0 \u00a0 \u00a0 \u00a0 \u00a0 \u00a0 \u00a0 \u00a0 \u00a0 \u00a0 \u00a0 \u00a0 \u00a0 \u00a0 \u00a0 \u00a0 \u00a0 \u00a0 \u00a0 \u00a0 \u00a0 \u00a0 \u00a0 \u00a0 \u00a0 \u00a0 \u00a0 \u00a0 \u00a0 \u00a0 \u00a0 \u00a0 \u00a0 \u00a0 \u00a0 \u00a0 \u00a0 \u00a0 \u00a0 \u00a0 \u00a0 \u00a0 \u00a0 \u00a0 \u00a0 \u00a0 \u00a0 \u00a0 \u00a0 \u00a0 \u00a0 \u00a0 \u00a0 \u00a0 \u00a0 \u00a0 \u00a0 \u00a0 \u00a0 \u00a0 \u00a0 \u00a0 \u00a0 \u00a0 \u00a0 \u00a0 \u00a0 \u00a0 \u00a0 \u00a0 \u00a0 \u00a0 \u00a0 \u00a0 \u00a0 Oscar Mengarelli<\/p>\n<p>Secretaria General \u00a0 \u00a0 \u00a0 \u00a0 \u00a0 \u00a0 \u00a0 \u00a0 \u00a0 \u00a0 \u00a0 \u00a0 \u00a0 \u00a0 \u00a0 \u00a0 \u00a0 \u00a0 \u00a0 \u00a0 \u00a0 \u00a0 \u00a0 \u00a0 \u00a0 \u00a0 \u00a0 \u00a0 \u00a0 \u00a0 \u00a0 \u00a0 \u00a0 \u00a0 \u00a0 \u00a0 \u00a0 \u00a0 \u00a0 \u00a0 \u00a0 \u00a0 \u00a0 \u00a0 \u00a0 \u00a0 \u00a0 \u00a0 \u00a0 \u00a0 \u00a0 \u00a0 \u00a0 \u00a0 \u00a0 \u00a0 \u00a0 \u00a0 \u00a0 \u00a0 \u00a0 \u00a0 \u00a0 \u00a0 \u00a0 \u00a0 \u00a0 \u00a0 \u00a0 \u00a0 \u00a0 \u00a0 \u00a0 \u00a0 \u00a0 \u00a0 \u00a0 \u00a0 \u00a0 \u00a0 \u00a0 \u00a0 \u00a0 \u00a0 \u00a0 \u00a0 \u00a0 \u00a0 \u00a0 \u00a0 \u00a0 \u00a0 \u00a0 \u00a0 \u00a0 \u00a0 \u00a0 \u00a0 \u00a0 \u00a0 \u00a0 \u00a0 \u00a0 \u00a0 \u00a0 \u00a0 \u00a0 Secretario General<\/p>\n<p>ATE C\u00f3rdoba \u00a0 \u00a0 \u00a0 \u00a0 \u00a0 \u00a0 \u00a0 \u00a0 \u00a0 \u00a0 \u00a0 \u00a0 \u00a0 \u00a0 \u00a0 \u00a0 \u00a0 \u00a0 \u00a0 \u00a0 \u00a0 \u00a0 \u00a0 \u00a0 \u00a0 \u00a0 \u00a0 \u00a0 \u00a0 \u00a0 \u00a0 \u00a0 \u00a0 \u00a0 \u00a0 \u00a0 \u00a0 \u00a0 \u00a0 \u00a0 \u00a0 \u00a0 \u00a0 \u00a0 \u00a0 \u00a0 \u00a0 \u00a0 \u00a0 \u00a0 \u00a0 \u00a0 \u00a0 \u00a0 \u00a0 \u00a0 \u00a0 \u00a0 \u00a0 \u00a0 \u00a0 \u00a0 \u00a0 \u00a0 \u00a0 \u00a0 \u00a0 \u00a0 \u00a0 \u00a0 \u00a0 \u00a0 \u00a0 \u00a0 \u00a0 \u00a0 \u00a0 \u00a0 \u00a0 \u00a0 \u00a0 \u00a0 \u00a0 \u00a0 \u00a0 \u00a0 \u00a0 \u00a0 \u00a0 \u00a0 \u00a0 \u00a0 \u00a0 \u00a0 \u00a0 \u00a0 \u00a0 \u00a0 \u00a0 \u00a0 \u00a0 \u00a0 \u00a0 \u00a0 \u00a0 \u00a0 \u00a0 \u00a0 \u00a0 \u00a0 \u00a0 \u00a0 \u00a0CTA C\u00f3rdoba<\/p>\n","protected":false},"excerpt":{"rendered":"<p>Comunicado de prensa 5-9-2012 NO CREEMOS EN DE LA SOTA \u00a0Ante la serie de acontecimientos que envuelven la crisis financiera de la Caja de Jubilaciones, el Consejo Directivo Provincial de ATE, conjuntamente con la CTA C\u00f3rdoba expresan que: No acordamos ni firmamos con el gobernador porque ya incumpli\u00f3 el compromiso del 24-7, cuando en la [&hellip;]<\/p>\n","protected":false},"author":1,"featured_media":19220,"comment_status":"open","ping_status":"open","sticky":false,"template":"","format":"standard","meta":{"_exactmetrics_skip_tracking":false,"_exactmetrics_sitenote_active":false,"_exactmetrics_sitenote_note":"","_exactmetrics_sitenote_category":0,"jnews-multi-image_gallery":[],"jnews_single_post":[],"jnews_primary_category":[],"jnews_social_meta":[],"jnews_review":[],"enable_review":"","type":"","name":"","summary":"","brand":"","sku":"","good":[],"bad":[],"score_override":"","override_value":"","rating":[],"price":[],"jnews_override_counter":[],"jnews_post_split":[],"footnotes":""},"categories":[53],"tags":[],"class_list":["post-1662","post","type-post","status-publish","format-standard","has-post-thumbnail","hentry","category-comunicados-de-prensa"],"jetpack_featured_media_url":"https:\/\/atecordoba.org\/wp-content\/uploads\/2020\/05\/logo-nuevochico-e1561581322808.png","_links":{"self":[{"href":"https:\/\/atecordoba.org\/index.php?rest_route=\/wp\/v2\/posts\/1662","targetHints":{"allow":["GET"]}}],"collection":[{"href":"https:\/\/atecordoba.org\/index.php?rest_route=\/wp\/v2\/posts"}],"about":[{"href":"https:\/\/atecordoba.org\/index.php?rest_route=\/wp\/v2\/types\/post"}],"author":[{"embeddable":true,"href":"https:\/\/atecordoba.org\/index.php?rest_route=\/wp\/v2\/users\/1"}],"replies":[{"embeddable":true,"href":"https:\/\/atecordoba.org\/index.php?rest_route=%2Fwp%2Fv2%2Fcomments&post=1662"}],"version-history":[{"count":0,"href":"https:\/\/atecordoba.org\/index.php?rest_route=\/wp\/v2\/posts\/1662\/revisions"}],"wp:featuredmedia":[{"embeddable":true,"href":"https:\/\/atecordoba.org\/index.php?rest_route=\/wp\/v2\/media\/19220"}],"wp:attachment":[{"href":"https:\/\/atecordoba.org\/index.php?rest_route=%2Fwp%2Fv2%2Fmedia&parent=1662"}],"wp:term":[{"taxonomy":"category","embeddable":true,"href":"https:\/\/atecordoba.org\/index.php?rest_route=%2Fwp%2Fv2%2Fcategories&post=1662"},{"taxonomy":"post_tag","embeddable":true,"href":"https:\/\/atecordoba.org\/index.php?rest_route=%2Fwp%2Fv2%2Ftags&post=1662"}],"curies":[{"name":"wp","href":"https:\/\/api.w.org\/{rel}","templated":true}]}}