{"id":1652,"date":"2012-08-29T19:30:00","date_gmt":"2012-08-29T22:30:00","guid":{"rendered":"http:\/\/www.atecordoba.org\/?p=1652"},"modified":"2012-08-29T19:30:00","modified_gmt":"2012-08-29T22:30:00","slug":"nueva-marcha-frente-a-la-caja-de-jubilaciones","status":"publish","type":"post","link":"https:\/\/atecordoba.org\/?p=1652","title":{"rendered":"Nueva marcha frente a la Caja de Jubilaciones"},"content":{"rendered":"<p><em>ATE particip\u00f3 junto a los gremios provinciales en la concentraci\u00f3n frente a la antigua Caja de Jubilaciones. Duras cr\u00edticas a De la Sota y al Anses.<\/em><\/p>\n<p>La movilizaci\u00f3n se produjo despu\u00e9s que el gobierno provincial aprobada en la Legislatura un impuesto a los combustibles, que infl\u00f3 los \u00e1nimos callejeros por su car\u00e1cter inflacionario y recaudatorio. La n\u00f3mina de gremios presentes expresaron su repudio, una vez m\u00e1s, a la reforma previsional delasotista, bajo la palabra de Juan Monserrat, secretario General de la UEPC, cuyo gremio convoc\u00f3 la protesta de hoy.<\/p>\n<p><a href=\"http:\/\/www.atecordoba.org\/wp-content\/uploads\/2012\/08\/IMG_2232.jpg\"><img loading=\"lazy\" decoding=\"async\" class=\"aligncenter size-medium wp-image-1653\" title=\"IMG_2232\" src=\"http:\/\/www.atecordoba.org\/wp-content\/uploads\/2012\/08\/IMG_2232-300x225.jpg\" alt=\"\" width=\"300\" height=\"225\" \/><\/a><\/p>\n<p>La lista de oradores incluy\u00f3 a una jubilada del interior, que dirigi\u00f3 b\u00e1sicamente su diatriba contra el interventor del Anses, Diego Bossio, por afirmar que las jubilaciones cordobesas &#8220;son de privilegio&#8221;.<\/p>\n<p><a href=\"http:\/\/www.atecordoba.org\/wp-content\/uploads\/2012\/08\/IMG_2228.jpg\"><img loading=\"lazy\" decoding=\"async\" class=\"aligncenter size-medium wp-image-1654\" title=\"IMG_2228\" src=\"http:\/\/www.atecordoba.org\/wp-content\/uploads\/2012\/08\/IMG_2228-300x225.jpg\" alt=\"\" width=\"300\" height=\"225\" \/><\/a><\/p>\n<p>A su turno, la secretaria General de CTERA, Stella Maldonado, pronunic\u00f3 un discurso donde expres\u00f3 la solidaridad de la organizaci\u00f3n docnete con el conflicto estatal y record\u00f3 la resistencia, en la d\u00e9cada de los &#8217;90, a los traspasos de la cajas provinciales a la Naci\u00f3n<\/p>\n<p>&nbsp;<\/p>\n<p>Por \u00faltimo, Monserrat ratific\u00f3 la continuidad del plan de lucha y confi\u00f3 en una salida favorable al conflicto. Consider\u00f3 que ni el ajuste delasotista y la prepotencia del Anses son aceptables para el movimiento obrero cordob\u00e9s.<\/p>\n<p><a href=\"http:\/\/www.atecordoba.org\/wp-content\/uploads\/2012\/08\/IMG_2241.jpg\"><img loading=\"lazy\" decoding=\"async\" class=\"aligncenter size-medium wp-image-1656\" title=\"IMG_2241\" src=\"http:\/\/www.atecordoba.org\/wp-content\/uploads\/2012\/08\/IMG_2241-300x225.jpg\" alt=\"\" width=\"300\" height=\"225\" \/><\/a><\/p>\n<p>En la oportunidad estuvieron presentes la secretaria General de ATE C\u00f3rdoba, Mar\u00eda Teresa Romero, y el secretario General de CTA C\u00f3rdoba, Oscar Mengarelli, junto a los cuerpos org\u00e1nicos de ATE C\u00f3rdoba y militantes de la CTA.<\/p>\n","protected":false},"excerpt":{"rendered":"<p>ATE particip\u00f3 junto a los gremios provinciales en la concentraci\u00f3n frente a la antigua Caja de Jubilaciones. Duras cr\u00edticas a De la Sota y al Anses. La movilizaci\u00f3n se produjo despu\u00e9s que el gobierno provincial aprobada en la Legislatura un impuesto a los combustibles, que infl\u00f3 los \u00e1nimos callejeros por su car\u00e1cter inflacionario y recaudatorio. [&hellip;]<\/p>\n","protected":false},"author":1,"featured_media":19220,"comment_status":"open","ping_status":"open","sticky":false,"template":"","format":"standard","meta":{"_exactmetrics_skip_tracking":false,"_exactmetrics_sitenote_active":false,"_exactmetrics_sitenote_note":"","_exactmetrics_sitenote_category":0,"jnews-multi-image_gallery":[],"jnews_single_post":[],"jnews_primary_category":[],"jnews_social_meta":[],"jnews_review":[],"enable_review":"","type":"","name":"","summary":"","brand":"","sku":"","good":[],"bad":[],"score_override":"","override_value":"","rating":[],"price":[],"jnews_override_counter":[],"jnews_post_split":[],"footnotes":""},"categories":[1],"tags":[],"class_list":["post-1652","post","type-post","status-publish","format-standard","has-post-thumbnail","hentry","category-sin-categoria"],"jetpack_featured_media_url":"https:\/\/atecordoba.org\/wp-content\/uploads\/2020\/05\/logo-nuevochico-e1561581322808.png","_links":{"self":[{"href":"https:\/\/atecordoba.org\/index.php?rest_route=\/wp\/v2\/posts\/1652","targetHints":{"allow":["GET"]}}],"collection":[{"href":"https:\/\/atecordoba.org\/index.php?rest_route=\/wp\/v2\/posts"}],"about":[{"href":"https:\/\/atecordoba.org\/index.php?rest_route=\/wp\/v2\/types\/post"}],"author":[{"embeddable":true,"href":"https:\/\/atecordoba.org\/index.php?rest_route=\/wp\/v2\/users\/1"}],"replies":[{"embeddable":true,"href":"https:\/\/atecordoba.org\/index.php?rest_route=%2Fwp%2Fv2%2Fcomments&post=1652"}],"version-history":[{"count":0,"href":"https:\/\/atecordoba.org\/index.php?rest_route=\/wp\/v2\/posts\/1652\/revisions"}],"wp:featuredmedia":[{"embeddable":true,"href":"https:\/\/atecordoba.org\/index.php?rest_route=\/wp\/v2\/media\/19220"}],"wp:attachment":[{"href":"https:\/\/atecordoba.org\/index.php?rest_route=%2Fwp%2Fv2%2Fmedia&parent=1652"}],"wp:term":[{"taxonomy":"category","embeddable":true,"href":"https:\/\/atecordoba.org\/index.php?rest_route=%2Fwp%2Fv2%2Fcategories&post=1652"},{"taxonomy":"post_tag","embeddable":true,"href":"https:\/\/atecordoba.org\/index.php?rest_route=%2Fwp%2Fv2%2Ftags&post=1652"}],"curies":[{"name":"wp","href":"https:\/\/api.w.org\/{rel}","templated":true}]}}