{"id":1643,"date":"2012-08-27T10:32:09","date_gmt":"2012-08-27T13:32:09","guid":{"rendered":"http:\/\/www.atecordoba.org\/?p=1643"},"modified":"2012-08-27T10:32:09","modified_gmt":"2012-08-27T13:32:09","slug":"ate-desmiente-denuncia-sobre-afiliado-a-luz-y-fuerza-detenido-durante-la-represion-policial","status":"publish","type":"post","link":"https:\/\/atecordoba.org\/?p=1643","title":{"rendered":"ATE desmiente denuncia sobre afiliado a Luz y Fuerza, detenido durante la represi\u00f3n policial"},"content":{"rendered":"<p>comunicado de prensa 27-8-2012<\/p>\n<p>Tras conocerse las denuncias publicadas en diversos diarios\u00a0ayer\u00a0y\u00a0hoy, donde se relaciona a nuestro gremio con se\u00f1alamientos a un afiliado de Luz y Fuerza -Guillermo Maldonado- detenido el\u00a0jueves\u00a0durante la represi\u00f3n policial, ATE C\u00f3rdoba desmiente cualquier tipo de relaci\u00f3n con dichas denuncias.<\/p>\n<p>Esta conducci\u00f3n sindical no conoce personalmente al trabajador de Luz y Fuerza ni se hizo referencia al mismo durante el Plenario de 100 delegados de ATE que se realiz\u00f3 el\u00a0viernes\u00a0en nuestro gremio para analizar el conflicto de la Caja de Jubilaciones, m\u00e1s all\u00e1 de reclamar su liberaci\u00f3n.\u00a0Esto es as\u00ed al punto que el abogado de nuestro gremio ha intervenido en las gestiones judiciales para liberaci\u00f3n de Maldonado, junto a la del resto de los trabajadores detenidos.<\/p>\n<p>En ese sentido, queremos despegar a nuestro gremio de los dichos de Marcos Gonz\u00e1lez, un afiliado que no integra la conducci\u00f3n gremial ni ostenta ninguna representaci\u00f3n colectiva en ATE. En consecuencia, las declaraciones p\u00fablicas de Gonz\u00e1lez corren por su cuenta.<\/p>\n<p>Adem\u00e1s, vale aclarar que no tenemos por costumbre denunciar en los diarios la procedencia pol\u00edtica de los trabajadores, incluso cuando est\u00e9n relacionados con un gobierno que enfrentamos por su pol\u00edtica de ajuste.<\/p>\n<p>Quiz\u00e1 esta denuncia period\u00edstica esconda oscuras intensiones para debilitar un polo de resistencia gremial a la pol\u00edtica previsional delasotista, donde ATE est\u00e1 comprometido colectivamente, m\u00e1s all\u00e1 de los dichos de un afiliado.<\/p>\n<p>Lamentamos que los diarios La Voz del Interior,\u00a0hoy, y\u00a0Clar\u00edn,\u00a0ayer, hayan citado a ATE sin consultar a la conducci\u00f3n en un hecho de tal gravedad y solicitamos que se incluya esta desmentida en su pr\u00f3xima publicaci\u00f3n.<\/p>\n<p>Mar\u00eda Teresa Romero<\/p>\n<p>Secretaria General<\/p>\n<p>ATE C\u00f3rdoba<\/p>\n","protected":false},"excerpt":{"rendered":"<p>comunicado de prensa 27-8-2012 Tras conocerse las denuncias publicadas en diversos diarios\u00a0ayer\u00a0y\u00a0hoy, donde se relaciona a nuestro gremio con se\u00f1alamientos a un afiliado de Luz y Fuerza -Guillermo Maldonado- detenido el\u00a0jueves\u00a0durante la represi\u00f3n policial, ATE C\u00f3rdoba desmiente cualquier tipo de relaci\u00f3n con dichas denuncias. Esta conducci\u00f3n sindical no conoce personalmente al trabajador de Luz y [&hellip;]<\/p>\n","protected":false},"author":1,"featured_media":19220,"comment_status":"open","ping_status":"open","sticky":false,"template":"","format":"standard","meta":{"_exactmetrics_skip_tracking":false,"_exactmetrics_sitenote_active":false,"_exactmetrics_sitenote_note":"","_exactmetrics_sitenote_category":0,"jnews-multi-image_gallery":[],"jnews_single_post":[],"jnews_primary_category":[],"jnews_social_meta":[],"jnews_review":[],"enable_review":"","type":"","name":"","summary":"","brand":"","sku":"","good":[],"bad":[],"score_override":"","override_value":"","rating":[],"price":[],"jnews_override_counter":[],"jnews_post_split":[],"footnotes":""},"categories":[1],"tags":[],"class_list":["post-1643","post","type-post","status-publish","format-standard","has-post-thumbnail","hentry","category-sin-categoria"],"jetpack_featured_media_url":"https:\/\/atecordoba.org\/wp-content\/uploads\/2020\/05\/logo-nuevochico-e1561581322808.png","_links":{"self":[{"href":"https:\/\/atecordoba.org\/index.php?rest_route=\/wp\/v2\/posts\/1643","targetHints":{"allow":["GET"]}}],"collection":[{"href":"https:\/\/atecordoba.org\/index.php?rest_route=\/wp\/v2\/posts"}],"about":[{"href":"https:\/\/atecordoba.org\/index.php?rest_route=\/wp\/v2\/types\/post"}],"author":[{"embeddable":true,"href":"https:\/\/atecordoba.org\/index.php?rest_route=\/wp\/v2\/users\/1"}],"replies":[{"embeddable":true,"href":"https:\/\/atecordoba.org\/index.php?rest_route=%2Fwp%2Fv2%2Fcomments&post=1643"}],"version-history":[{"count":0,"href":"https:\/\/atecordoba.org\/index.php?rest_route=\/wp\/v2\/posts\/1643\/revisions"}],"wp:featuredmedia":[{"embeddable":true,"href":"https:\/\/atecordoba.org\/index.php?rest_route=\/wp\/v2\/media\/19220"}],"wp:attachment":[{"href":"https:\/\/atecordoba.org\/index.php?rest_route=%2Fwp%2Fv2%2Fmedia&parent=1643"}],"wp:term":[{"taxonomy":"category","embeddable":true,"href":"https:\/\/atecordoba.org\/index.php?rest_route=%2Fwp%2Fv2%2Fcategories&post=1643"},{"taxonomy":"post_tag","embeddable":true,"href":"https:\/\/atecordoba.org\/index.php?rest_route=%2Fwp%2Fv2%2Ftags&post=1643"}],"curies":[{"name":"wp","href":"https:\/\/api.w.org\/{rel}","templated":true}]}}