{"id":1637,"date":"2012-08-24T19:45:32","date_gmt":"2012-08-24T22:45:32","guid":{"rendered":"http:\/\/www.atecordoba.org\/?p=1637"},"modified":"2012-08-24T19:45:32","modified_gmt":"2012-08-24T22:45:32","slug":"plenario-general-de-delegados-de-ate-cordoba","status":"publish","type":"post","link":"https:\/\/atecordoba.org\/?p=1637","title":{"rendered":"Plenario General de delegados de ATE C\u00f3rdoba"},"content":{"rendered":"<p><em>Casi un centenar de delegados de distintos puntos de la provincia, nacionales, provinciales y municipales, se reunieron hoy en nuestra sede para debatir y plantear propuestas de un plan de acci\u00f3n. Miguel Berrotar\u00e1n contextualiz\u00f3 la situaci\u00f3n de la Caja de jubilaciones.<\/em><\/p>\n<p>&nbsp;<\/p>\n<p><a href=\"http:\/\/www.atecordoba.org\/wp-content\/uploads\/2012\/08\/IMG_2221.jpg\"><img loading=\"lazy\" decoding=\"async\" class=\"aligncenter size-medium wp-image-1638\" title=\"IMG_2221\" src=\"http:\/\/www.atecordoba.org\/wp-content\/uploads\/2012\/08\/IMG_2221-300x225.jpg\" alt=\"\" width=\"300\" height=\"225\" \/><\/a><\/p>\n<p>Con la presencia de los compa\u00f1eros Ernesto Contretas y Mario Mu\u00f1oz, responsables en el Consejo Directivo Nacional de las direcciones de Provinciales y Municipales respectivamente, \u00a0ATE C\u00f3rdoba desarroll\u00f3 hoy un Plenario General de Delegados. Alrededor de un centenar de delgados analizaron y debatieron la coyuntura de la provincia que deriva del grave conflicto de la Caja de Jubilaciones, tras las represi\u00f3n que sufri\u00f3 la movilizaci\u00f3n de ayer.<\/p>\n<p>En la oportunidad estuvo presente una delegaci\u00f3n de compa\u00f1eros de la seccional Villa Mar\u00eda, as\u00ed como de la delegaci\u00f3n de Jes\u00fas Mar\u00eda, as\u00ed como delegados de San Marcos Sierra, R\u00edo Segundo y Punilla. En cuanto a los sectores presentes, se destacaron representantes de: Fabricaciones Militares, ANAC, PAMI, ANSES, Personal Civil de las FF.AA., Parques Nacionales, no docentes UNC, Senasa. Conicet y CNC; as\u00ed tambi\u00e9n se participaron de la reuni\u00f3n compa\u00f1eros de provinciales del\u00a0\u00a0Ministerio de Desarrollo Social y salud provincial de diversos hospitales. En tanto, desde el sector municipal se hicieron presentes delegados de Jes\u00fas Mar\u00eda y San Marcos Sierra.<\/p>\n<p><a href=\"http:\/\/www.atecordoba.org\/wp-content\/uploads\/2012\/08\/IMG_2225.jpg\"><img loading=\"lazy\" decoding=\"async\" class=\"aligncenter size-medium wp-image-1639\" title=\"IMG_2225\" src=\"http:\/\/www.atecordoba.org\/wp-content\/uploads\/2012\/08\/IMG_2225-300x225.jpg\" alt=\"\" width=\"300\" height=\"225\" \/><\/a><\/p>\n<p>Tras la apertura de Mar\u00eda Teresa Romero, secretaria General de ATE C\u00f3rdoba, se abri\u00f3 el debate con la palabra de Miguel Berrotar\u00e1n, ex dirigente de La Bancaria y profundo conocedor de la situaci\u00f3n de la Caja de Jubilaciones.<\/p>\n<p>Los compa\u00f1eros aprovecharon para informarse sobre las causas de la situaci\u00f3n financiera actual del organismo previsional, as\u00ed como de las decisiones pol\u00edticas que tomaron distintos gobiernos,\u00a0en contextos diversos y que, de una u otra forma, fueron aniquilando los derechos de los trabajadores y los recursos financieros de la Caja.<\/p>\n<p>&#8220;Ac\u00e1 hay que partir de las jubilaciones de privilegio de (Eduardo) Angeloz a funcionarios, pol\u00edticos y legisladores; el decreto 1777 de Mestre que baj\u00f3 las jubilaciones al 67% de lo que percib\u00eda el trabajador en actividad; el primer pacto de armonizaci\u00f3n de De la Sota con la Naci\u00f3n en 2003 y las 25 mil jubilaciones anticipadas, n\u00facleo central del problema actual de la Caja&#8221;, explic\u00f3 Berrotar\u00e1n.<\/p>\n<p><a href=\"http:\/\/www.atecordoba.org\/wp-content\/uploads\/2012\/08\/IMG_2222.jpg\"><img loading=\"lazy\" decoding=\"async\" class=\"aligncenter size-medium wp-image-1640\" title=\"IMG_2222\" src=\"http:\/\/www.atecordoba.org\/wp-content\/uploads\/2012\/08\/IMG_2222-300x225.jpg\" alt=\"\" width=\"300\" height=\"225\" \/><\/a><\/p>\n<p>M\u00e1s cerca en ele tiempo, se hizo referencia a la ley 9504 que promovi\u00f3 el ex gobernador Juan Schiaretti, que rebaj\u00f3 el c\u00e1lculo del haber inicial jubilatorio al promedio de los \u00faltimos 48 meses y pag\u00f3 con bonos a partir de cierto monto. &#8220;El golpe de gracia se da con la ley 10078 del gobierno de De la Sota que pulveriza los magros aumentos que reciben los jubilados, difiriendo su liquidaci\u00f3n a 180 respecto a lo que cobran los activos&#8221;, dijo el compa\u00f1ero, para agregar: \u201cnunca los sistemas previsionales se sostienen \u00fanicamente con los aportes de los trabajadores\u201d,<\/p>\n<p>En ese sentido, describi\u00f3 las distintas fuentes de financiamiento que pose\u00eda el sistema previsional cordob\u00e9s y c\u00f3mo cada gobierno las fue desviando hacia rentas generales. En s\u00edntesis, el planteo fue que existen recursos para financiar el sistema, lo que falta es una decisi\u00f3n pol\u00edtica de fondo para abordar financiamiento genuino. \u00a0&#8220;El sistema previsional es una responsabilidad del Estado, tal como lo establece la Constituci\u00f3n provincial&#8221;, se\u00f1al\u00f3.<\/p>\n<p><a href=\"http:\/\/www.atecordoba.org\/wp-content\/uploads\/2012\/08\/IMG_2219.jpg\"><img loading=\"lazy\" decoding=\"async\" class=\"aligncenter size-medium wp-image-1641\" title=\"IMG_2219\" src=\"http:\/\/www.atecordoba.org\/wp-content\/uploads\/2012\/08\/IMG_2219-300x225.jpg\" alt=\"\" width=\"300\" height=\"225\" \/><\/a><\/p>\n<p>Por \u00faltimo, describi\u00f3 los a\u00f1os de la emergencia previsional que le permitieron a los distintos gobiernos justificarse\u00a0para realizar los ajustes aplicados. &#8220;Al no estar normalizada la Caja, las representaciones de los trabajadores y jubilados no pudimos acceder a los balances para saber, a ciencia cierta, si el Estado provincial realiz\u00f3 las contribuciones correspondientes&#8221;, concluy\u00f3 Berrotar\u00e1n.<\/p>\n<p>Tras un cuarto intermedio, los delegados iniciaron\u00a0el debate a los fines de analizar las diferentes posiciones que hay que asumir en un marco de la conflictividad generada pro el ajuste del gobierno provincial.<\/p>\n<p>Al respecto, se resolvi\u00f3 continuar el plan de lucha en la Caja de Jubilaciones, como prioridad de la coyuntura en la provincia. Hubo tambi\u00e9n un espacio para debatir la situaci\u00f3n del hospital C\u00f3rdoba. El lunes se llevar\u00e1 a cabo una asamblea en el centro de salud.<\/p>\n","protected":false},"excerpt":{"rendered":"<p>Casi un centenar de delegados de distintos puntos de la provincia, nacionales, provinciales y municipales, se reunieron hoy en nuestra sede para debatir y plantear propuestas de un plan de acci\u00f3n. Miguel Berrotar\u00e1n contextualiz\u00f3 la situaci\u00f3n de la Caja de jubilaciones. &nbsp; Con la presencia de los compa\u00f1eros Ernesto Contretas y Mario Mu\u00f1oz, responsables en [&hellip;]<\/p>\n","protected":false},"author":1,"featured_media":19220,"comment_status":"open","ping_status":"open","sticky":false,"template":"","format":"standard","meta":{"_exactmetrics_skip_tracking":false,"_exactmetrics_sitenote_active":false,"_exactmetrics_sitenote_note":"","_exactmetrics_sitenote_category":0,"jnews-multi-image_gallery":[],"jnews_single_post":[],"jnews_primary_category":[],"jnews_social_meta":[],"jnews_review":[],"enable_review":"","type":"","name":"","summary":"","brand":"","sku":"","good":[],"bad":[],"score_override":"","override_value":"","rating":[],"price":[],"jnews_override_counter":[],"jnews_post_split":[],"footnotes":""},"categories":[1],"tags":[],"class_list":["post-1637","post","type-post","status-publish","format-standard","has-post-thumbnail","hentry","category-sin-categoria"],"jetpack_featured_media_url":"https:\/\/atecordoba.org\/wp-content\/uploads\/2020\/05\/logo-nuevochico-e1561581322808.png","_links":{"self":[{"href":"https:\/\/atecordoba.org\/index.php?rest_route=\/wp\/v2\/posts\/1637","targetHints":{"allow":["GET"]}}],"collection":[{"href":"https:\/\/atecordoba.org\/index.php?rest_route=\/wp\/v2\/posts"}],"about":[{"href":"https:\/\/atecordoba.org\/index.php?rest_route=\/wp\/v2\/types\/post"}],"author":[{"embeddable":true,"href":"https:\/\/atecordoba.org\/index.php?rest_route=\/wp\/v2\/users\/1"}],"replies":[{"embeddable":true,"href":"https:\/\/atecordoba.org\/index.php?rest_route=%2Fwp%2Fv2%2Fcomments&post=1637"}],"version-history":[{"count":0,"href":"https:\/\/atecordoba.org\/index.php?rest_route=\/wp\/v2\/posts\/1637\/revisions"}],"wp:featuredmedia":[{"embeddable":true,"href":"https:\/\/atecordoba.org\/index.php?rest_route=\/wp\/v2\/media\/19220"}],"wp:attachment":[{"href":"https:\/\/atecordoba.org\/index.php?rest_route=%2Fwp%2Fv2%2Fmedia&parent=1637"}],"wp:term":[{"taxonomy":"category","embeddable":true,"href":"https:\/\/atecordoba.org\/index.php?rest_route=%2Fwp%2Fv2%2Fcategories&post=1637"},{"taxonomy":"post_tag","embeddable":true,"href":"https:\/\/atecordoba.org\/index.php?rest_route=%2Fwp%2Fv2%2Ftags&post=1637"}],"curies":[{"name":"wp","href":"https:\/\/api.w.org\/{rel}","templated":true}]}}