{"id":1630,"date":"2012-08-23T19:26:43","date_gmt":"2012-08-23T22:26:43","guid":{"rendered":"http:\/\/www.atecordoba.org\/?p=1630"},"modified":"2012-08-23T19:26:43","modified_gmt":"2012-08-23T22:26:43","slug":"provinciales-de-ate-realizaran-manana-un-paro-por-24-horas","status":"publish","type":"post","link":"https:\/\/atecordoba.org\/?p=1630","title":{"rendered":"Provinciales de ATE realizar\u00e1n ma\u00f1ana un paro por 24 horas"},"content":{"rendered":"<p><span style=\"font-size: medium;\">comunicado de prensa 23-8-2012 N\u00ba2<\/span><\/p>\n<div><a href=\"http:\/\/www.atecordoba.org\/wp-content\/uploads\/2012\/08\/pag-6-y7-2.jpg\"><img loading=\"lazy\" decoding=\"async\" class=\"aligncenter size-medium wp-image-1634\" title=\"pag 6 y7 -2\" src=\"http:\/\/www.atecordoba.org\/wp-content\/uploads\/2012\/08\/pag-6-y7-2-300x225.jpg\" alt=\"\" width=\"300\" height=\"225\" \/><\/a><\/div>\n<div>En repudio a la represi\u00f3n realizada hoy y en defensa del 82% m\u00f3vil, el Consejo Directivo Provincial de ATE C\u00f3rdoba resolvi\u00f3 que ma\u00f1ana viernes 24 de agosto se realizar\u00e1 un paro total de actividades por 24 horas en el \u00e1mbito de la provincia..<\/div>\n<div>Por otro lado, los cuerpos org\u00e1nicos de nuestra organizaci\u00f3n se movilizar\u00e1n a Tribunales II, a las 10 horas, para exigir la liberaci\u00f3n de los compa\u00f1eros detenidos en la represi\u00f3n de hoy.<\/div>\n<div><\/div>\n<div>Maria Teresa Romero<\/div>\n<div>Secretaria General<\/div>\n<div>ATE C\u00f3rdoba<\/div>\n","protected":false},"excerpt":{"rendered":"<p>comunicado de prensa 23-8-2012 N\u00ba2 En repudio a la represi\u00f3n realizada hoy y en defensa del 82% m\u00f3vil, el Consejo Directivo Provincial de ATE C\u00f3rdoba resolvi\u00f3 que ma\u00f1ana viernes 24 de agosto se realizar\u00e1 un paro total de actividades por 24 horas en el \u00e1mbito de la provincia.. Por otro lado, los cuerpos org\u00e1nicos de [&hellip;]<\/p>\n","protected":false},"author":1,"featured_media":19220,"comment_status":"open","ping_status":"open","sticky":false,"template":"","format":"standard","meta":{"_exactmetrics_skip_tracking":false,"_exactmetrics_sitenote_active":false,"_exactmetrics_sitenote_note":"","_exactmetrics_sitenote_category":0,"jnews-multi-image_gallery":[],"jnews_single_post":[],"jnews_primary_category":[],"jnews_social_meta":[],"jnews_review":[],"enable_review":"","type":"","name":"","summary":"","brand":"","sku":"","good":[],"bad":[],"score_override":"","override_value":"","rating":[],"price":[],"jnews_override_counter":[],"jnews_post_split":[],"footnotes":""},"categories":[53],"tags":[],"class_list":["post-1630","post","type-post","status-publish","format-standard","has-post-thumbnail","hentry","category-comunicados-de-prensa"],"jetpack_featured_media_url":"https:\/\/atecordoba.org\/wp-content\/uploads\/2020\/05\/logo-nuevochico-e1561581322808.png","_links":{"self":[{"href":"https:\/\/atecordoba.org\/index.php?rest_route=\/wp\/v2\/posts\/1630","targetHints":{"allow":["GET"]}}],"collection":[{"href":"https:\/\/atecordoba.org\/index.php?rest_route=\/wp\/v2\/posts"}],"about":[{"href":"https:\/\/atecordoba.org\/index.php?rest_route=\/wp\/v2\/types\/post"}],"author":[{"embeddable":true,"href":"https:\/\/atecordoba.org\/index.php?rest_route=\/wp\/v2\/users\/1"}],"replies":[{"embeddable":true,"href":"https:\/\/atecordoba.org\/index.php?rest_route=%2Fwp%2Fv2%2Fcomments&post=1630"}],"version-history":[{"count":0,"href":"https:\/\/atecordoba.org\/index.php?rest_route=\/wp\/v2\/posts\/1630\/revisions"}],"wp:featuredmedia":[{"embeddable":true,"href":"https:\/\/atecordoba.org\/index.php?rest_route=\/wp\/v2\/media\/19220"}],"wp:attachment":[{"href":"https:\/\/atecordoba.org\/index.php?rest_route=%2Fwp%2Fv2%2Fmedia&parent=1630"}],"wp:term":[{"taxonomy":"category","embeddable":true,"href":"https:\/\/atecordoba.org\/index.php?rest_route=%2Fwp%2Fv2%2Fcategories&post=1630"},{"taxonomy":"post_tag","embeddable":true,"href":"https:\/\/atecordoba.org\/index.php?rest_route=%2Fwp%2Fv2%2Ftags&post=1630"}],"curies":[{"name":"wp","href":"https:\/\/api.w.org\/{rel}","templated":true}]}}