{"id":1615,"date":"2012-08-23T18:23:55","date_gmt":"2012-08-23T21:23:55","guid":{"rendered":"http:\/\/www.atecordoba.org\/?p=1615"},"modified":"2012-08-23T18:23:55","modified_gmt":"2012-08-23T21:23:55","slug":"marcha-a-tribunales-palos-para-los-trabajadores","status":"publish","type":"post","link":"https:\/\/atecordoba.org\/?p=1615","title":{"rendered":"Marcha a tribunales: palos para los trabajadores"},"content":{"rendered":"<p><em>La polic\u00eda cordobesa aplic\u00f3 hoy una brutal represi\u00f3n sobre los trabajadores estatales que se manifestaban frente a tribunales. El Estado provincial ajusta el sistema previsional y violenta a los perjudicados directos. Alrededor de 15 trabajadores <em>heridos\u00a0<\/em>y tres demorados \u00a0fueron el lamentable saldo de la jornada.\u00a0<\/em><\/p>\n<p><em><\/em>Hoy fue el d\u00eda. Al igual que en el invierno del 2008, cuando Juan Schiaretti hizo aprobar en la legislatura un ajuste previsional que deriv\u00f3 en una bataola en la Plaza San Mart\u00edn, los tribunales provinciales fueron testigos de la salvaje represi\u00f3n que comand\u00f3 el comisario Ram\u00f3n Frias, jefe de la departamental Capital, junto a 1000 efectivos policiales preparados para aplicar el rigor que la gesti\u00f3n delasotista entiende indispensable para llevar adelante un plan de gobierno, que combina marketing publicitario y ajuste financiero en igual medida.<\/p>\n<p>Las columnas de trabajadores llegaron alrededor a partir de las 10.30. ATE arrib\u00f3 unos minutos despu\u00e9s porque previamente se moviliz\u00f3 hasta la sede de la Caja de jubilaciones.<\/p>\n<p><a href=\"http:\/\/www.atecordoba.org\/wp-content\/uploads\/2012\/08\/IMG_2158.jpg\"><img loading=\"lazy\" decoding=\"async\" class=\"aligncenter size-medium wp-image-1616\" title=\"IMG_2158\" src=\"http:\/\/www.atecordoba.org\/wp-content\/uploads\/2012\/08\/IMG_2158-300x225.jpg\" alt=\"\" width=\"300\" height=\"225\" \/><\/a><\/p>\n<p>El fr\u00edo que despert\u00f3 a la ciudad este jueves, despu\u00e9s de una mi\u00e9rcoles calcinante para agosto, no ten\u00eda previsto que las fuerzas policiales, tan duchas en aplicar palos como en dejar sin resolver los delitos m\u00e1s impactantes y sonados de la \u00faltima d\u00e9cada, calentaran la ma\u00f1ana, arremetiendo contra los miles de compa\u00f1eros que acompa\u00f1aban a los dirigentes estatales a presentar la denuncia por inconstitucionalidad de la ley 10078, que difiere el pago de los aumentos salariales a los jubilados pro 180 d\u00edas, entre otras penosas medidas aprobadas hace 20 d\u00edas en la legislatura.<\/p>\n<p>El caldo de cultivo que fondea la crisis de la jubilaciones cordobesas hay que buscarlo en la pelea pol\u00edtica entre el gobierno nacional -v\u00eda <em>spots<\/em>\u00a0publicitarios tan necios como mal intencionados, hasta el punto de calificar a las jubilaciones cordobesas como &#8216;de privilegio- y el gobierno provincial, que utiliza a la Caja como punta de lanza para su choque con el kirchnerismo, en aras de sostener la presumible candidatura (testimonial) de Jos\u00e9 Manuel De la Sota para presidente en el 2015. Para ello reclama con justeza los fondos que en Anses no manda a la provincia, pero evita responder por sus responsabilidades en el desfinanciamiento de la entidad previsional, con 25 mil jubilaciones anticipadas y a\u00f1os de pagos en negro en los sueldos de los activos.<\/p>\n<p>Esta situaci\u00f3n, sumada a la persistente \u00a0presi\u00f3n nacional para &#8216;armonizar&#8217; (es decir, bajar literalmente las jubilaciones al nivel cobran los jubilados del Anses) demuestra que es la conducci\u00f3n pol\u00edtica, tanto de la Casa Rosada como en C\u00f3rdoba, lso responsables del cuadro que sufren los estatales en C\u00f3rdoba.\u00a0Mientras, los jubilados provinciales son el jam\u00f3n de un sandwich que se comer\u00e1n las disputas pol\u00edticas peque\u00f1as, mientras los trabajadores luchan en las calles por defender sus derechos.<\/p>\n<p><a href=\"http:\/\/www.atecordoba.org\/wp-content\/uploads\/2012\/08\/IMG_2176.jpg\"><img loading=\"lazy\" decoding=\"async\" class=\"aligncenter size-medium wp-image-1617\" title=\"IMG_2176\" src=\"http:\/\/www.atecordoba.org\/wp-content\/uploads\/2012\/08\/IMG_2176-300x225.jpg\" alt=\"\" width=\"300\" height=\"225\" \/><\/a><\/p>\n<p>Bajo la recurrente excusa de las bombas de estruendo, Fr\u00edas orden\u00f3 a las formaciones azules que cargaran contra los compa\u00f1eros, que respondieron con cantos, en su mayor\u00eda, y piedras, s\u00f3lo unos pocos grupos espaciados. Se pudo observar como dos compa\u00f1eros judiciales eran demorados cuando intentaban proteger a dos mujeres jubiladas del mismo gremio, dando muestras que la pol\u00edtica no apunt\u00f3 a los famosos &#8216;violentos&#8217;, sino llev\u00e1ndose puestos a cualquier trabajador que se pusiera enfrente. Otro trabajador m\u00e1s, de Luz y Fuerza, tambi\u00e9n fue demorado. Peor lo m\u00e1s grave son los 15 compa\u00f1eros que resultaron heridos como resultado del accionar policial.<\/p>\n<p>&#8220;S\u00f3lo fuimos a pedir que se derogue esta ley a tribunales, porque es un nuevo avance contra nuestros jubilados&#8221;, se\u00f1al\u00f3 Mar\u00eda Teresa Romero, secretaria General de ATE C\u00f3rdoba. &#8220;El gobernador De la Sota minti\u00f3 cuando dijo que sal\u00eda de la emergencia previsional y no tocar\u00eda ning\u00fan derecho de los jubilados, sino s\u00f3lo reclamar a la Naci\u00f3n por los fondos adeudados. Recordemos que ya han armonizado muchas de las condiciones del sistema previsional cordob\u00e9s con las pautas del Anses. Nosotros reclamamos el retorno a la ley 8024 original, que el proceso de uni\u00f3n por C\u00f3rdoba viene desarrollando hace 12 a\u00f1os. Ahora reprime a los trabajadores para acallar la protesta porque no puede convencer que la mentira es cierta&#8221;, acus\u00f3 la dirigente.<\/p>\n<p>Las balas de goma y los gases lacrim\u00f3genos fueron el principal argumento para fundar el di\u00e1logo que De la Sota proclama como \u00fanico instrumento en su pol\u00edtica marketinera.<\/p>\n<p><a href=\"http:\/\/www.atecordoba.org\/wp-content\/uploads\/2012\/08\/disturbios006.jpg\"><img loading=\"lazy\" decoding=\"async\" class=\"aligncenter size-medium wp-image-1618\" title=\"disturbios006\" src=\"http:\/\/www.atecordoba.org\/wp-content\/uploads\/2012\/08\/disturbios006-300x200.jpg\" alt=\"\" width=\"300\" height=\"200\" \/><\/a><\/p>\n<p>La represi\u00f3n se extendi\u00f3 hasta pasadas las 13 horas, cuando las distintas columnas gremiales ya se hab\u00edan retirado de la zona. La polic\u00eda le dijo a la prensa que la represi\u00f3n &#8220;fue mesurada&#8221;. Como c\u00ednico festejo de la jornada vivida, De la Sota departi\u00f3 por la tarde con Mauricio Macri en la Casa de Gobierno, mientras los gremios resolv\u00edan los pasos a seguir.<\/p>\n<p>ATE resolvi\u00f3 para ma\u00f1ana un paro de 24 horas en el Estado provincial, al igual que los municipales de capital, judiciales y Luz y Fuerza.<\/p>\n\n","protected":false},"excerpt":{"rendered":"<p>La polic\u00eda cordobesa aplic\u00f3 hoy una brutal represi\u00f3n sobre los trabajadores estatales que se manifestaban frente a tribunales. El Estado provincial ajusta el sistema previsional y violenta a los perjudicados directos. Alrededor de 15 trabajadores heridos\u00a0y tres demorados \u00a0fueron el lamentable saldo de la jornada.\u00a0 Hoy fue el d\u00eda. Al igual que en el invierno [&hellip;]<\/p>\n","protected":false},"author":1,"featured_media":19220,"comment_status":"open","ping_status":"open","sticky":false,"template":"","format":"standard","meta":{"_exactmetrics_skip_tracking":false,"_exactmetrics_sitenote_active":false,"_exactmetrics_sitenote_note":"","_exactmetrics_sitenote_category":0,"jnews-multi-image_gallery":[],"jnews_single_post":[],"jnews_primary_category":[],"jnews_social_meta":[],"jnews_review":[],"enable_review":"","type":"","name":"","summary":"","brand":"","sku":"","good":[],"bad":[],"score_override":"","override_value":"","rating":[],"price":[],"jnews_override_counter":[],"jnews_post_split":[],"footnotes":""},"categories":[1],"tags":[],"class_list":["post-1615","post","type-post","status-publish","format-standard","has-post-thumbnail","hentry","category-sin-categoria"],"jetpack_featured_media_url":"https:\/\/atecordoba.org\/wp-content\/uploads\/2020\/05\/logo-nuevochico-e1561581322808.png","_links":{"self":[{"href":"https:\/\/atecordoba.org\/index.php?rest_route=\/wp\/v2\/posts\/1615","targetHints":{"allow":["GET"]}}],"collection":[{"href":"https:\/\/atecordoba.org\/index.php?rest_route=\/wp\/v2\/posts"}],"about":[{"href":"https:\/\/atecordoba.org\/index.php?rest_route=\/wp\/v2\/types\/post"}],"author":[{"embeddable":true,"href":"https:\/\/atecordoba.org\/index.php?rest_route=\/wp\/v2\/users\/1"}],"replies":[{"embeddable":true,"href":"https:\/\/atecordoba.org\/index.php?rest_route=%2Fwp%2Fv2%2Fcomments&post=1615"}],"version-history":[{"count":0,"href":"https:\/\/atecordoba.org\/index.php?rest_route=\/wp\/v2\/posts\/1615\/revisions"}],"wp:featuredmedia":[{"embeddable":true,"href":"https:\/\/atecordoba.org\/index.php?rest_route=\/wp\/v2\/media\/19220"}],"wp:attachment":[{"href":"https:\/\/atecordoba.org\/index.php?rest_route=%2Fwp%2Fv2%2Fmedia&parent=1615"}],"wp:term":[{"taxonomy":"category","embeddable":true,"href":"https:\/\/atecordoba.org\/index.php?rest_route=%2Fwp%2Fv2%2Fcategories&post=1615"},{"taxonomy":"post_tag","embeddable":true,"href":"https:\/\/atecordoba.org\/index.php?rest_route=%2Fwp%2Fv2%2Ftags&post=1615"}],"curies":[{"name":"wp","href":"https:\/\/api.w.org\/{rel}","templated":true}]}}