{"id":1611,"date":"2012-08-23T16:10:44","date_gmt":"2012-08-23T19:10:44","guid":{"rendered":"http:\/\/www.atecordoba.org\/?p=1611"},"modified":"2012-08-23T16:10:44","modified_gmt":"2012-08-23T19:10:44","slug":"repudio-a-la-represion-a-los-trabajadores","status":"publish","type":"post","link":"https:\/\/atecordoba.org\/?p=1611","title":{"rendered":"Repudio a la represi\u00f3n a los trabajadores"},"content":{"rendered":"<p><span style=\"font-size: medium;\">comunicado de prensa 23-8-2012<\/span><\/p>\n<p><a href=\"http:\/\/www.atecordoba.org\/wp-content\/uploads\/2012\/08\/IMG_2175.jpg\"><img loading=\"lazy\" decoding=\"async\" class=\"aligncenter size-medium wp-image-1612\" title=\"IMG_2175\" src=\"http:\/\/www.atecordoba.org\/wp-content\/uploads\/2012\/08\/IMG_2175-300x225.jpg\" alt=\"\" width=\"300\" height=\"225\" \/><\/a><\/p>\n<p style=\"text-align: left;\" align=\"center\"><span style=\"font-size: large;\">ATE C\u00f3rdoba expresa su m\u00e1s profundo repudio a la represi\u00f3n policial desatada hoy en contra de los manifestantes, frente al edificio de Tribunales y zona aleda\u00f1a.<\/span><\/p>\n<p><span style=\"font-size: large;\">As\u00ed se manifiesta el presunto esp\u00edritu dialoguista del gobernador De la Sota, que no mide las consecuencias que generan las medidas autoritarias que promueven la p\u00e9rdida de derechos previsionales, tal como sucedi\u00f3 con la aprobaci\u00f3n de la ley 10078.<\/span><\/p>\n<div><span style=\"font-size: large;\"><br \/>\nEl ensa\u00f1amiento policial con los trabajadores, que hasta el momento habr\u00edan dejado un saldo de 15 heridos, da cuenta de cu\u00e1l es el objetivo que persigue el gobierno provincial: ajuste y represi\u00f3n para activos y jubilados de la provincia de C\u00f3rdoba. Mientras, De la Sota prosigue con su juego pol\u00edtico y campa\u00f1a publicitaria, para evadir sus responsabilidades institucionales sobre el desmanejo de la Caja de Jubilaciones en particular, y de las finanzas provinciales en general.\u00a0<\/span><\/div>\n<div><span style=\"font-size: large;\"><span style=\"font-size: large;\"><br \/>\nAlarma la magnitud de la represi\u00f3n, que no se condice con el clima de la concentraci\u00f3n. Pareciera que la jornada de hoy fue un mensaje del poder a los trabajadores para que detengan sus protestas. En ese sentido, exigimos la inmediata liberaci\u00f3n de los tres compa\u00f1eros demorados por ejercer su derecho a la protesta.<\/span><\/span>&nbsp;<\/p>\n<\/div>\n<div><span style=\"font-size: large;\"><span style=\"font-size: large;\">Estos penosos hechos no deben obviar que ATE repudia los dichos del interventor del ANSES, Diego Bossio, en el sentido que las jubilaciones cordobesas \u2018son de privilegio\u2019, declaraciones que promueven un escenario de confrontaci\u00f3n sin sentido. Olvida el funcionario que los estatales cordobeses aportamos el 18% de nuestro salario (m\u00e1s el 22% de la contribuci\u00f3n patronal) y que el 82% m\u00f3vil es un derecho consagrado por la Constituci\u00f3n provincial. Seguramente la poca voluntad de cumplir con la ley y la justicia que muestra Bossio, como bien lo saben los jubilados beneficiados por el fallo Badaro, le impide informarse sobre la normativa del sistema previsional cordob\u00e9s.<\/span><\/span>&nbsp;<\/p>\n<\/div>\n<div><span style=\"font-size: large;\">Por todo lo expuesto, ATE continuar\u00e1 desarrollando el plan de lucha, conjuntamente con los compa\u00f1eros comprometidos en la defensa del sistema previsional cordob\u00e9s, con la mec\u00e1nica dispuesta hasta el momento. En ese sentido, ma\u00f1ana realizaremos la presentaci\u00f3n del recurso de inconstitucionalidad ante el Tribunal Superior de Justicia sobre la ley 10078, que estaba prevista para hoy y no pudo ser presentada.\u00a0<\/span><br \/>\n<span style=\"font-size: medium;\"><br \/>\n<\/span><\/div>\n<div><span style=\"font-size: medium;\">Mar\u00eda Teresa Romero<\/span><br \/>\n<span style=\"font-size: medium;\">Secretaria General<\/span><br \/>\n<span style=\"font-size: medium;\">ATE C\u00f3rdoba<\/span><\/div>\n","protected":false},"excerpt":{"rendered":"<p>comunicado de prensa 23-8-2012 ATE C\u00f3rdoba expresa su m\u00e1s profundo repudio a la represi\u00f3n policial desatada hoy en contra de los manifestantes, frente al edificio de Tribunales y zona aleda\u00f1a. As\u00ed se manifiesta el presunto esp\u00edritu dialoguista del gobernador De la Sota, que no mide las consecuencias que generan las medidas autoritarias que promueven la [&hellip;]<\/p>\n","protected":false},"author":1,"featured_media":19220,"comment_status":"open","ping_status":"open","sticky":false,"template":"","format":"standard","meta":{"_exactmetrics_skip_tracking":false,"_exactmetrics_sitenote_active":false,"_exactmetrics_sitenote_note":"","_exactmetrics_sitenote_category":0,"jnews-multi-image_gallery":[],"jnews_single_post":[],"jnews_primary_category":[],"jnews_social_meta":[],"jnews_review":[],"enable_review":"","type":"","name":"","summary":"","brand":"","sku":"","good":[],"bad":[],"score_override":"","override_value":"","rating":[],"price":[],"jnews_override_counter":[],"jnews_post_split":[],"footnotes":""},"categories":[53],"tags":[],"class_list":["post-1611","post","type-post","status-publish","format-standard","has-post-thumbnail","hentry","category-comunicados-de-prensa"],"jetpack_featured_media_url":"https:\/\/atecordoba.org\/wp-content\/uploads\/2020\/05\/logo-nuevochico-e1561581322808.png","_links":{"self":[{"href":"https:\/\/atecordoba.org\/index.php?rest_route=\/wp\/v2\/posts\/1611","targetHints":{"allow":["GET"]}}],"collection":[{"href":"https:\/\/atecordoba.org\/index.php?rest_route=\/wp\/v2\/posts"}],"about":[{"href":"https:\/\/atecordoba.org\/index.php?rest_route=\/wp\/v2\/types\/post"}],"author":[{"embeddable":true,"href":"https:\/\/atecordoba.org\/index.php?rest_route=\/wp\/v2\/users\/1"}],"replies":[{"embeddable":true,"href":"https:\/\/atecordoba.org\/index.php?rest_route=%2Fwp%2Fv2%2Fcomments&post=1611"}],"version-history":[{"count":0,"href":"https:\/\/atecordoba.org\/index.php?rest_route=\/wp\/v2\/posts\/1611\/revisions"}],"wp:featuredmedia":[{"embeddable":true,"href":"https:\/\/atecordoba.org\/index.php?rest_route=\/wp\/v2\/media\/19220"}],"wp:attachment":[{"href":"https:\/\/atecordoba.org\/index.php?rest_route=%2Fwp%2Fv2%2Fmedia&parent=1611"}],"wp:term":[{"taxonomy":"category","embeddable":true,"href":"https:\/\/atecordoba.org\/index.php?rest_route=%2Fwp%2Fv2%2Fcategories&post=1611"},{"taxonomy":"post_tag","embeddable":true,"href":"https:\/\/atecordoba.org\/index.php?rest_route=%2Fwp%2Fv2%2Ftags&post=1611"}],"curies":[{"name":"wp","href":"https:\/\/api.w.org\/{rel}","templated":true}]}}