{"id":1606,"date":"2012-08-22T20:02:43","date_gmt":"2012-08-22T23:02:43","guid":{"rendered":"http:\/\/www.atecordoba.org\/?p=1606"},"modified":"2012-08-22T20:02:43","modified_gmt":"2012-08-22T23:02:43","slug":"municipales-de-la-carlota-y-villa-valeria-se-suman-a-ate","status":"publish","type":"post","link":"https:\/\/atecordoba.org\/?p=1606","title":{"rendered":"Municipales de La Carlota y Villa Valeria se suman a ATE"},"content":{"rendered":"<p><em>La seccional R\u00edo Cuarto afili\u00f3 a 52 compa\u00f1eros entre las dos localidades del sur provincial y ya alcanz\u00f3 los 600 afiliados.<\/em><\/p>\n<p><a href=\"http:\/\/www.atecordoba.org\/wp-content\/uploads\/2012\/08\/villa-valeria-rio-cuarto.jpg\" class=\"\"><img loading=\"lazy\" decoding=\"async\" class=\"aligncenter size-medium wp-image-1607\" title=\"villa valeria-rio cuarto\" src=\"http:\/\/www.atecordoba.org\/wp-content\/uploads\/2012\/08\/villa-valeria-rio-cuarto-300x224.jpg\" alt=\"\" width=\"300\" height=\"224\"><\/a><\/p>\n<p>Como resultado del esfuerzo militante que se viene desarrollando en toda la provincia, medio centenar de municipales firmaron su afiliaci\u00f3n a nuestro gremio. Se trata de compa\u00f1eros que cumplen funciones en La Carlota y Villa Valeria, donde ATE nunca tuvo representaci\u00f3n hasta el momento.<\/p>\n<p>En La Carlota, ubicada a 150 kil\u00f3metros de R\u00edo Cuarto, se incorporaron 20 compa\u00f1eros, en tanto en Villa Valeria sumaron 25 activos y siete jubilados. As\u00ed, la seccional extiende su cobertura territorial municipal a ocho comunas, contabilizando las antes nombradas m\u00e1s R\u00edo Cuarto, R\u00edo Los Sauces, Alcira Gigena, Chucul, Alpa Corral y Achiras.<\/p>\n<p>&#8220;En general, los dos municipios muestran la realidad&nbsp;homog\u00e9nea que afecta a los municipales del interior provincial: precarizaci\u00f3n laboral extrema, bajos salarios, falta de ropa para trabajar en los corralones. Y por supuesto, carencia de un estatuto y una carrera administrativa&#8221;, explic\u00f3 Federico Giuliani, secretario General de ATE R\u00edo Cuarto.<\/p>\n<p>El dirigente destac\u00f3 la buena recepci\u00f3n de los compa\u00f1eros, que se afiliaron despu\u00e9s de participar en una serie de reuniones informativas. &#8220;ATE lleg\u00f3 para quedarse. Estamos contentos porque con estos nuevos compa\u00f1eros, llegamos a los 600 afiliados en la seccional, cosa que no suced\u00eda hace 25 a\u00f1os. Creemos que hay mucho camino por recorrer entre los municipales, para seguir creciendo&#8221;, concluy\u00f3 el dirigente.<\/p>\n<p>&nbsp;<\/p>\n","protected":false},"excerpt":{"rendered":"<p>La seccional R\u00edo Cuarto afili\u00f3 a 52 compa\u00f1eros entre las dos localidades del sur provincial y ya alcanz\u00f3 los 600 afiliados. Como resultado del esfuerzo militante que se viene desarrollando en toda la provincia, medio centenar de municipales firmaron su afiliaci\u00f3n a nuestro gremio. Se trata de compa\u00f1eros que cumplen funciones en La Carlota y [&hellip;]<\/p>\n","protected":false},"author":1,"featured_media":19220,"comment_status":"open","ping_status":"open","sticky":false,"template":"","format":"standard","meta":{"_exactmetrics_skip_tracking":false,"_exactmetrics_sitenote_active":false,"_exactmetrics_sitenote_note":"","_exactmetrics_sitenote_category":0,"jnews-multi-image_gallery":[],"jnews_single_post":[],"jnews_primary_category":[],"jnews_social_meta":[],"jnews_review":[],"enable_review":"","type":"","name":"","summary":"","brand":"","sku":"","good":[],"bad":[],"score_override":"","override_value":"","rating":[],"price":[],"jnews_override_counter":[],"jnews_post_split":[],"footnotes":""},"categories":[20],"tags":[],"class_list":["post-1606","post","type-post","status-publish","format-standard","has-post-thumbnail","hentry","category-municipales"],"jetpack_featured_media_url":"https:\/\/atecordoba.org\/wp-content\/uploads\/2020\/05\/logo-nuevochico-e1561581322808.png","_links":{"self":[{"href":"https:\/\/atecordoba.org\/index.php?rest_route=\/wp\/v2\/posts\/1606","targetHints":{"allow":["GET"]}}],"collection":[{"href":"https:\/\/atecordoba.org\/index.php?rest_route=\/wp\/v2\/posts"}],"about":[{"href":"https:\/\/atecordoba.org\/index.php?rest_route=\/wp\/v2\/types\/post"}],"author":[{"embeddable":true,"href":"https:\/\/atecordoba.org\/index.php?rest_route=\/wp\/v2\/users\/1"}],"replies":[{"embeddable":true,"href":"https:\/\/atecordoba.org\/index.php?rest_route=%2Fwp%2Fv2%2Fcomments&post=1606"}],"version-history":[{"count":0,"href":"https:\/\/atecordoba.org\/index.php?rest_route=\/wp\/v2\/posts\/1606\/revisions"}],"wp:featuredmedia":[{"embeddable":true,"href":"https:\/\/atecordoba.org\/index.php?rest_route=\/wp\/v2\/media\/19220"}],"wp:attachment":[{"href":"https:\/\/atecordoba.org\/index.php?rest_route=%2Fwp%2Fv2%2Fmedia&parent=1606"}],"wp:term":[{"taxonomy":"category","embeddable":true,"href":"https:\/\/atecordoba.org\/index.php?rest_route=%2Fwp%2Fv2%2Fcategories&post=1606"},{"taxonomy":"post_tag","embeddable":true,"href":"https:\/\/atecordoba.org\/index.php?rest_route=%2Fwp%2Fv2%2Ftags&post=1606"}],"curies":[{"name":"wp","href":"https:\/\/api.w.org\/{rel}","templated":true}]}}