{"id":1553,"date":"2012-08-16T18:04:23","date_gmt":"2012-08-16T21:04:23","guid":{"rendered":"http:\/\/www.atecordoba.org\/?p=1553"},"modified":"2012-08-16T18:04:23","modified_gmt":"2012-08-16T21:04:23","slug":"constitucion-de-la-provincia-de-cordoba","status":"publish","type":"post","link":"https:\/\/atecordoba.org\/?p=1553","title":{"rendered":"Constituci\u00f3n de la Provincia de C\u00f3rdoba"},"content":{"rendered":"<p><a href=\"http:\/\/web2.cba.gov.ar\/web\/leyes.nsf\/(vLeyesxNro)\/CP00?OpenDocument\">http:\/\/web2.cba.gov.ar\/web\/leyes.nsf\/(vLeyesxNro)\/CP00?OpenDocument<\/a><\/p>\n<div align=\"center\"><strong><span style=\"font-family: 'Times New Roman';\">CONSTITUCI\u00d3N DE LA PROVINCIA DE C\u00d3RDOBA Y SU REFORMA SANCIONADA CON FECHA 14.09.01<\/span><\/strong><br \/>\n<strong><span style=\"font-family: 'Times New Roman';\">C\u00d3RDOBA, 26 DE ABRIL DE 1987<\/span><\/strong><\/p>\n<p><strong><span style=\"font-family: 'Times New Roman';\">PRE\u00c1MBULO<\/span><\/strong><\/p>\n<\/div>\n<p><span style=\"font-family: 'Times New Roman';\">Nos, los representantes del pueblo de la Provincia de C\u00f3rdoba, reunidos en Convenci\u00f3n Constituyente, con la finalidad de exaltar la dignidad de la persona y garantizar el pleno ejercicio de sus derechos; reafirmar los valores de la libertad, la igualdad y la solidaridad; consolidar el sistema representativo, republicano y democr\u00e1tico; afianzar los derechos de la Provincia en el concierto federal argentino; asegurar la autonom\u00eda municipal y el acceso de todas las personas a la justicia, la educaci\u00f3n y la cultura; y promover una econom\u00eda puesta al servicio del hombre y la justicia social; para el definitivo establecimiento de una democracia pluralista y participativa y la consecuci\u00f3n del bien com\u00fan; invocando la protecci\u00f3n de Dios, fuente de toda raz\u00f3n y justicia, sancionamos esta Constituci\u00f3n.<\/span><\/p>\n<div align=\"center\">\n<strong><span style=\"font-family: 'Times New Roman';\">PRIMERA PARTE<\/span><\/strong><br \/>\n<strong><span style=\"font-family: 'Times New Roman';\">Declaraciones, Derechos, Deberes, Garant\u00edas y Pol\u00edticas Especiales<\/span><\/strong><\/p>\n<p><strong><span style=\"font-family: 'Times New Roman';\">T\u00cdTULO PRIMERO<\/span><\/strong><\/p>\n<p><strong><span style=\"font-family: 'Times New Roman';\">Declaraciones, Derechos, Deberes y Garant\u00edas<\/span><\/strong><\/p>\n<p><strong><span style=\"font-family: 'Times New Roman';\">SECCI\u00d3N PRIMERA<\/span><\/strong><\/p>\n<p><strong><span style=\"font-family: 'Times New Roman';\">Declaraciones de Fe Pol\u00edtica<\/span><\/strong><\/p>\n<\/div>\n<p>&nbsp;<\/p>\n<p><strong><span style=\"font-family: 'Times New Roman';\">FORMA DE ESTADO<\/span><\/strong><\/p>\n<p><strong><span style=\"font-family: 'Times New Roman';\">Art\u00edculo 1.-<\/span><\/strong><span style=\"font-family: 'Times New Roman';\">\u00a0La Provincia de C\u00f3rdoba, con los l\u00edmites que por derecho le corresponden, es parte integrante de la Rep\u00fablica Argentina, y se organiza como Estado Social de Derecho, sujeto a la Constituci\u00f3n Nacional y a esta Constituci\u00f3n.<\/span><br \/>\n<strong><span style=\"font-family: 'Times New Roman';\">FORMA DE GOBIERNO<\/span><\/strong><\/p>\n<p><strong><span style=\"font-family: 'Times New Roman';\">Art\u00edculo 2.-<\/span><\/strong><span style=\"font-family: 'Times New Roman';\">\u00a0La Provincia organiza su Gobierno bajo la forma representativa, republicana y democr\u00e1tica, como lo consagra esta Constituci\u00f3n.<\/span><br \/>\n<strong><span style=\"font-family: 'Times New Roman';\">SOBERAN\u00cdA POPULAR<\/span><\/strong><\/p>\n<p><strong><span style=\"font-family: 'Times New Roman';\">Art\u00edculo 3.-<\/span><\/strong><span style=\"font-family: 'Times New Roman';\">\u00a0La soberan\u00eda reside en el pueblo, quien la ejerce a trav\u00e9s de sus representantes y dem\u00e1s autoridades leg\u00edtimamente constituidas y, por s\u00ed, de acuerdo con las formas de participaci\u00f3n que esta Constituci\u00f3n establece.<\/span><br \/>\n<strong><span style=\"font-family: 'Times New Roman';\">INVIOLABILIDAD DE LA PERSONA<\/span><\/strong><\/p>\n<p><strong><span style=\"font-family: 'Times New Roman';\">Art\u00edculo 4.-<\/span><\/strong><span style=\"font-family: 'Times New Roman';\">\u00a0La vida desde su concepci\u00f3n, la dignidad y la integridad f\u00edsica y moral de la persona son inviolables. Su respeto y protecci\u00f3n es deber de la comunidad y, en especial, de los poderes p\u00fablicos.<\/span><br \/>\n<strong><span style=\"font-family: 'Times New Roman';\">LIBERTAD RELIGIOSA Y DE CONCIENCIA<\/span><\/strong><\/p>\n<p><strong><span style=\"font-family: 'Times New Roman';\">Art\u00edculo 5.-<\/span><\/strong><span style=\"font-family: 'Times New Roman';\">\u00a0Son inviolables en el territorio de la Provincia la libertad religiosa en toda su amplitud, y la libertad de conciencia. Su ejercicio queda sujeto a las prescripciones de la moral y el orden p\u00fablico.<\/span><\/p>\n<p><span style=\"font-family: 'Times New Roman';\">Nadie puede ser obligado a declarar la religi\u00f3n que profesa.<\/span><\/p>\n<p><strong><span style=\"font-family: 'Times New Roman';\">CULTOS<\/span><\/strong><\/p>\n<p><strong><span style=\"font-family: 'Times New Roman';\">Art\u00edculo 6.-<\/span><\/strong><span style=\"font-family: 'Times New Roman';\">\u00a0La Provincia de C\u00f3rdoba, de acuerdo con su tradici\u00f3n cultural, reconoce y garantiza a la Iglesia Cat\u00f3lica Apost\u00f3lica Romana el libre y p\u00fablico ejercicio de su culto. Las relaciones entre \u00e9sta y el Estado se basan en los principios de autonom\u00eda y cooperaci\u00f3n. Igualmente garantiza a los dem\u00e1s cultos su libre y p\u00fablico ejercicio, sin m\u00e1s limitaciones que las que prescriben la moral, las buenas costumbres y el orden p\u00fablico.<\/span><br \/>\n<strong><span style=\"font-family: 'Times New Roman';\">LIBERTAD, IGUALDAD Y SOLIDARIDAD<\/span><\/strong><\/p>\n<p><strong><span style=\"font-family: 'Times New Roman';\">Art\u00edculo 7.-<\/span><\/strong><span style=\"font-family: 'Times New Roman';\">\u00a0Todas las personas en la Provincia son libres e iguales ante la ley y no se admiten discriminaciones. La convivencia social se funda en la solidaridad e igualdad de oportunidades.<\/span><br \/>\n<strong><span style=\"font-family: 'Times New Roman';\">ORGANIZACI\u00d3N SOCIAL<\/span><\/strong><\/p>\n<p><strong><span style=\"font-family: 'Times New Roman';\">Art\u00edculo 8.-<\/span><\/strong><span style=\"font-family: 'Times New Roman';\">\u00a0El Estado Provincial propende a una sociedad libre, justa, pluralista y participativa.<\/span><br \/>\n<strong><span style=\"font-family: 'Times New Roman';\">PARTICIPACI\u00d3N<\/span><\/strong><\/p>\n<p><strong><span style=\"font-family: 'Times New Roman';\">Art\u00edculo 9.-<\/span><\/strong><span style=\"font-family: 'Times New Roman';\">\u00a0El Estado Provincial promueve las condiciones para hacer real y efectiva la plena participaci\u00f3n pol\u00edtica, econ\u00f3mica, social y cultural de todas las personas y asociaciones.<\/span><br \/>\n<strong><span style=\"font-family: 'Times New Roman';\">LIBRE INICIATIVA<\/span><\/strong><\/p>\n<p><strong><span style=\"font-family: 'Times New Roman';\">Art\u00edculo 10.-<\/span><\/strong><span style=\"font-family: 'Times New Roman';\">\u00a0El Estado Provincial garantiza la iniciativa privada y toda actividad econ\u00f3mica l\u00edcita, y las armoniza con los derechos de las personas y de la comunidad.<\/span><br \/>\n<strong><span style=\"font-family: 'Times New Roman';\">RECURSOS NATURALES Y MEDIO AMBIENTE<\/span><\/strong><\/p>\n<p><strong><span style=\"font-family: 'Times New Roman';\">Art\u00edculo 11.-<\/span><\/strong><span style=\"font-family: 'Times New Roman';\">\u00a0El Estado Provincial resguarda el equilibrio ecol\u00f3gico, protege el medio ambiente y preserva los recursos naturales.<\/span><br \/>\n<strong><span style=\"font-family: 'Times New Roman';\">CAPITAL Y ASIENTO DE LAS AUTORIDADES<\/span><\/strong><\/p>\n<p><strong><span style=\"font-family: 'Times New Roman';\">Art\u00edculo 12.-<\/span><\/strong><span style=\"font-family: 'Times New Roman';\">\u00a0Las autoridades que ejercen el gobierno provincial residen en la ciudad de C\u00f3rdoba, Capital de la Provincia. Las dependencias de aqu\u00e9l pueden tener sede en el interior, seg\u00fan principios de descentralizaci\u00f3n administrativa. Por ley puede establecerse el cambio de asiento de la capital o de algunos de los \u00f3rganos de gobierno.<\/span><br \/>\n<strong><span style=\"font-family: 'Times New Roman';\">INDELEGABILIDAD DE FUNCIONES<\/span><\/strong><\/p>\n<p><strong><span style=\"font-family: 'Times New Roman';\">Art\u00edculo 13.-<\/span><\/strong><span style=\"font-family: 'Times New Roman';\">\u00a0Ning\u00fan magistrado o funcionario p\u00fablico puede delegar sus funciones en otra persona, ni un Poder delegar en otro sus atribuciones constitucionales, salvo en los casos previstos en esta Constituci\u00f3n, y es insanablemente nulo lo que cualquiera de ellos obrase en consecuencia.<\/span><br \/>\n<strong><span style=\"font-family: 'Times New Roman';\">RESPONSABILIDAD DE LOS FUNCIONARIOS<\/span><\/strong><\/p>\n<p><strong><span style=\"font-family: 'Times New Roman';\">*Art\u00edculo 14.-<\/span><\/strong><span style=\"font-family: 'Times New Roman';\">\u00a0Todos los funcionarios p\u00fablicos, a\u00fan el Interventor Federal, prestan juramento de cumplir esta Constituci\u00f3n y son responsables civil, penal, administrativa y pol\u00edticamente. Al asumir y cesar en sus cargos deben efectuar declaraci\u00f3n patrimonial conforme a la ley. El Estado es responsable por los da\u00f1os que causan los hechos y actos producidos por todos sus funcionarios y agentes.<\/span><br \/>\n<strong><span style=\"font-family: 'Times New Roman';\">PUBLICIDAD DE LOS ACTOS<\/span><\/strong><\/p>\n<p><strong><span style=\"font-family: 'Times New Roman';\">Art\u00edculo 15.-<\/span><\/strong><span style=\"font-family: 'Times New Roman';\">\u00a0Los actos del Estado son p\u00fablicos, en especial los que se relacionan con la renta y los bienes pertenecientes al Estado Provincial y Municipal. La ley determina el modo y la oportunidad de su publicaci\u00f3n y del acceso de los particulares a su conocimiento.<\/span><br \/>\n<strong><span style=\"font-family: 'Times New Roman';\">CL\u00c1USULA FEDERAL<\/span><\/strong><\/p>\n<p><strong><span style=\"font-family: 'Times New Roman';\">Art\u00edculo 16.-<\/span><\/strong><span style=\"font-family: 'Times New Roman';\">\u00a0Corresponde al Gobierno Provincial:<\/span><\/p>\n<p><span style=\"font-family: 'Times New Roman';\">1. Ejercer los derechos y competencias no delegadas al Gobierno Federal.<\/span><br \/>\n<span style=\"font-family: 'Times New Roman';\">2. Promover un federalismo de concertaci\u00f3n con el Gobierno Federal y entre las Provincias, con la finalidad de satisfacer intereses comunes y participar en organismos de consulta y decisi\u00f3n, as\u00ed como establecer relaciones intergubernamentales e interjurisdiccionales, mediante tratados y convenios.<\/span><br \/>\n<span style=\"font-family: 'Times New Roman';\">3. Ejercer en los lugares transferidos por cualquier t\u00edtulo al Gobierno Federal las potestades provinciales que no obstaculicen el cumplimiento de los objetivos de utilidad nacional.<\/span><br \/>\n<span style=\"font-family: 'Times New Roman';\">4. Concertar con el Gobierno Federal reg\u00edmenes de coparticipaci\u00f3n impositiva y descentralizaci\u00f3n del sistema previsional.<\/span><br \/>\n<span style=\"font-family: 'Times New Roman';\">5. Procurar y gestionar la desconcentraci\u00f3n y descentralizaci\u00f3n de la Administraci\u00f3n Federal.<\/span><br \/>\n<span style=\"font-family: 'Times New Roman';\">6. Realizar gestiones y acuerdos en el orden internacional, para satisfacci\u00f3n de sus intereses, sin perjuicio de las facultades del Gobierno Federal.<\/span><\/p>\n<p><strong><span style=\"font-family: 'Times New Roman';\">VIGENCIA DEL ORDEN CONSTITUCIONAL Y DEFENSA DE LA DEMOCRACIA<\/span><\/strong><\/p>\n<p><strong><span style=\"font-family: 'Times New Roman';\">Art\u00edculo 17.-<\/span><\/strong><span style=\"font-family: 'Times New Roman';\">\u00a0Esta Constituci\u00f3n no pierde vigencia a\u00fan cuando por acto violento o de cualquier naturaleza se llegue a interrumpir su observancia. Quienes ordenen, consientan o ejecuten actos de esta \u00edndole son considerados infames traidores al orden constitucional.<\/span><\/p>\n<p><span style=\"font-family: 'Times New Roman';\">Los que en este caso ejerzan las funciones previstas para las autoridades de esta Constituci\u00f3n, quedan inhabilitados a perpetuidad para ocupar cargo o empleo p\u00fablico alguno, en la Provincia o en los Municipios.<\/span><br \/>\n<span style=\"font-family: 'Times New Roman';\">Es deber de todo ciudadano contribuir al restablecimiento de la efectiva vigencia del orden constitucional y de las autoridades leg\u00edtimas; le asiste al pueblo de la Provincia el derecho de resistencia, cuando no sea posible otro recurso.<\/span><br \/>\n<span style=\"font-family: 'Times New Roman';\">Cualquier disposici\u00f3n adoptada por las autoridades en presencia o a requisici\u00f3n de fuerza armada o reuni\u00f3n sediciosa que se atribuya los derechos del pueblo, es insanablemente nula.<\/span><br \/>\n<span style=\"font-family: 'Times New Roman';\">A todos los efectos penales y procesales, se consideran vigentes, hasta la finalizaci\u00f3n del per\u00edodo para el que fueron elegidos, los fueros, inmunidades y privilegios procesales de los funcionarios electos directamente por el pueblo de conformidad a las disposiciones constitucionales, aunque sean destituidos por actos o hechos no previstos por esta Constituci\u00f3n. En consecuencia son nulos de nulidad absoluta y carentes de validez jur\u00eddica todas las condenas penales y sus accesorias civiles que se hubieran dictado o se dictaren en contravenci\u00f3n a esta norma.<\/span><\/p>\n<div align=\"center\"><strong><span style=\"font-family: 'Times New Roman';\">ECCI\u00d3N SEGUNDA<\/span><\/strong><br \/>\n<strong><span style=\"font-family: 'Times New Roman';\">Derechos<\/span><\/strong><\/p>\n<p><strong><span style=\"font-family: 'Times New Roman';\">CAP\u00cdTULO PRIMERO<\/span><\/strong><\/p>\n<p><strong><span style=\"font-family: 'Times New Roman';\">Derechos Personales<\/span><\/strong><\/p>\n<\/div>\n<p><strong><span style=\"font-family: 'Times New Roman';\">DERECHOS &#8211; DEFINICIONES<\/span><\/strong><\/p>\n<p><strong><span style=\"font-family: 'Times New Roman';\">Art\u00edculo 18.-<\/span><\/strong><span style=\"font-family: 'Times New Roman';\">\u00a0Todas las personas en la Provincia gozan de los derechos y garant\u00edas que la Constituci\u00f3n Nacional y los tratados internacionales ratificados por la Rep\u00fablica reconocen, y est\u00e1n sujetos a los deberes y restricciones que imponen.<\/span><br \/>\n<strong><span style=\"font-family: 'Times New Roman';\">DERECHOS ENUMERADOS<\/span><\/strong><\/p>\n<p><strong><span style=\"font-family: 'Times New Roman';\">Art\u00edculo 19.-<\/span><\/strong><span style=\"font-family: 'Times New Roman';\">\u00a0Todas las personas en la Provincia gozan de los siguientes derechos conforme a las leyes que reglamentan su ejercicio:<\/span><\/p>\n<p><span style=\"font-family: 'Times New Roman';\">1. A la vida desde la concepci\u00f3n, a la salud, a la integridad psicof\u00edsica y moral y a la seguridad personal.<\/span><br \/>\n<span style=\"font-family: 'Times New Roman';\">2. Al honor, a la intimidad y a la propia imagen.<\/span><br \/>\n<span style=\"font-family: 'Times New Roman';\">3. A la libertad e igualdad de oportunidades.<\/span><br \/>\n<span style=\"font-family: 'Times New Roman';\">4. A aprender y ense\u00f1ar, a la libertad intelectual, a investigar, a la creaci\u00f3n art\u00edstica y a participar de los beneficios de la cultura.<\/span><br \/>\n<span style=\"font-family: 'Times New Roman';\">5. A la libertad de culto y profesi\u00f3n religiosa o ideol\u00f3gica.<\/span><br \/>\n<span style=\"font-family: 'Times New Roman';\">6. A elegir y ejercer su profesi\u00f3n, oficio o empleo.<\/span><br \/>\n<span style=\"font-family: 'Times New Roman';\">7. A constituir una familia.<\/span><br \/>\n<span style=\"font-family: 'Times New Roman';\">8. A asociarse y reunirse con fines \u00fatiles y pac\u00edficos.<\/span><br \/>\n<span style=\"font-family: 'Times New Roman';\">9. A peticionar ante las autoridades y obtener respuesta y acceder a la jurisdicci\u00f3n y a la defensa de sus derechos.<\/span><br \/>\n<span style=\"font-family: 'Times New Roman';\">10. A comunicarse, expresarse e informarse.<\/span><br \/>\n<span style=\"font-family: 'Times New Roman';\">11. A entrar, permanecer, transitar y salir del territorio.<\/span><br \/>\n<span style=\"font-family: 'Times New Roman';\">12. Al secreto de los papeles privados, la correspondencia, las comunicaciones telegr\u00e1ficas y telef\u00f3nicas y las que se practiquen por cualquier otro medio.<\/span><br \/>\n<span style=\"font-family: 'Times New Roman';\">13. A acceder, libre e igualitariamente, a la pr\u00e1ctica del deporte.<\/span><\/p>\n<p><strong><span style=\"font-family: 'Times New Roman';\">DERECHOS NO ENUMERADOS<\/span><\/strong><\/p>\n<p><strong><span style=\"font-family: 'Times New Roman';\">Art\u00edculo 20.-<\/span><\/strong><span style=\"font-family: 'Times New Roman';\">\u00a0Los derechos enumerados y reconocidos por esta Constituci\u00f3n no importan denegaci\u00f3n de los dem\u00e1s que se derivan de la forma democr\u00e1tica de gobierno y de la condici\u00f3n natural del hombre.<\/span><br \/>\n<strong><span style=\"font-family: 'Times New Roman';\">DE LOS EXTRANJEROS<\/span><\/strong><\/p>\n<p><strong><span style=\"font-family: 'Times New Roman';\">Art\u00edculo 21.-<\/span><\/strong><span style=\"font-family: 'Times New Roman';\">\u00a0No se pueden dictar en la Provincia ley o reglamento que haga inferior la condici\u00f3n de extranjero a la del nacional. Ninguna ley obliga a los extranjeros a pagar mayores contribuciones que las soportadas por los nacionales, ni a pagar contribuciones forzosas extraordinarias.<\/span><br \/>\n<strong><span style=\"font-family: 'Times New Roman';\">OPERATIVIDAD<\/span><\/strong><\/p>\n<p><strong><span style=\"font-family: 'Times New Roman';\">Art\u00edculo 22.-<\/span><\/strong><span style=\"font-family: 'Times New Roman';\">\u00a0Los derechos y garant\u00edas establecidos en esta Constituci\u00f3n son de aplicaci\u00f3n operativa, salvo cuando sea imprescindible reglamentaci\u00f3n legal.<\/span><\/p>\n<div align=\"center\">\n<strong><span style=\"font-family: 'Times New Roman';\">CAP\u00cdTULO SEGUNDO<\/span><\/strong><br \/>\n<strong><span style=\"font-family: 'Times New Roman';\">Derechos Sociales<\/span><\/strong><\/p>\n<\/div>\n<p><strong><span style=\"font-family: 'Times New Roman';\">DEL TRABAJADOR<\/span><\/strong><\/p>\n<p><strong><span style=\"font-family: 'Times New Roman';\">Art\u00edculo 23.-<\/span><\/strong><span style=\"font-family: 'Times New Roman';\">\u00a0Todas las personas en la Provincia tienen derecho:<\/span><\/p>\n<p><span style=\"font-family: 'Times New Roman';\">1. A la libre elecci\u00f3n de su trabajo y a condiciones laborales equitativas, dignas, seguras, salubres y morales.<\/span><br \/>\n<span style=\"font-family: 'Times New Roman';\">2. A la capacitaci\u00f3n, al bienestar y al mejoramiento econ\u00f3mico.<\/span><br \/>\n<span style=\"font-family: 'Times New Roman';\">3. A una jornada limitada, con un m\u00e1ximo de cuarenta y cuatro horas semanales, con descansos adecuados y vacaciones pagas; y a disfrutar de su tiempo libre.<\/span><br \/>\n<span style=\"font-family: 'Times New Roman';\">4. A una retribuci\u00f3n justa, a igual remuneraci\u00f3n por igual tarea y a un salario m\u00ednimo, vital y m\u00f3vil.<\/span><br \/>\n<span style=\"font-family: 'Times New Roman';\">5. A la inembargabilidad de la indemnizaci\u00f3n laboral y de parte sustancial del salario y haber previsional.<\/span><br \/>\n<span style=\"font-family: 'Times New Roman';\">6. A que se prevean y aseguren los medios necesarios para atender las exigencias de su vida y de la familia a su cargo, en caso de accidente, enfermedad, invalidez, maternidad, vejez, situaci\u00f3n de desempleo y muerte, que tienda a un sistema de seguridad social integral.<\/span><br \/>\n<span style=\"font-family: 'Times New Roman';\">7. A participar en la administraci\u00f3n de las instituciones de seguridad social de las que sean beneficiarios.<\/span><br \/>\n<span style=\"font-family: 'Times New Roman';\">8. A participar de la gesti\u00f3n de las empresas p\u00fablicas, en la forma y l\u00edmites establecidos por la ley para la elevaci\u00f3n econ\u00f3mica y social del trabajador, en armon\u00eda con las exigencias de la producci\u00f3n.<\/span><br \/>\n<span style=\"font-family: 'Times New Roman';\">9. A la defensa de los intereses profesionales.<\/span><br \/>\n<span style=\"font-family: 'Times New Roman';\">10. A la gratuidad para la promoci\u00f3n de actuaciones administrativas o judiciales de naturaleza laboral, previsional o gremial.<\/span><br \/>\n<span style=\"font-family: 'Times New Roman';\">11. A asociarse libre y democr\u00e1ticamente en defensa de sus intereses econ\u00f3micos, sociales y profesionales en gremios o sindicatos que puedan federarse o confederarse del mismo modo.<\/span><br \/>\n<span style=\"font-family: 'Times New Roman';\">Queda garantizado a los gremios concertar convenios colectivos de trabajo, recurrir a la conciliaci\u00f3n y al arbitraje y el derecho de huelga.<\/span><br \/>\n<span style=\"font-family: 'Times New Roman';\">12. A ser directivos o representantes gremiales, con estabilidad en su empleo y garant\u00edas para el cumplimiento de su gesti\u00f3n.<\/span><br \/>\n<span style=\"font-family: 'Times New Roman';\">13. A la estabilidad en los empleos p\u00fablicos de carrera, no pudiendo ser separados del cargo sin sumario previo, que se funde en causa legal y sin garantizarse el derecho de defensa. Toda cesant\u00eda que contravenga lo antes expresado, ser\u00e1 nula, con la reparaci\u00f3n pertinente. Al escalaf\u00f3n en la carrera administrativa.<\/span><br \/>\n<span style=\"font-family: 'Times New Roman';\">En caso de duda sobre la aplicaci\u00f3n de normas laborales, prevalece la m\u00e1s favorable al trabajador.<\/span><\/p>\n<p><strong><span style=\"font-family: 'Times New Roman';\">DE LA MUJER<\/span><\/strong><\/p>\n<p><strong><span style=\"font-family: 'Times New Roman';\">Art\u00edculo 24.-\u00a0<\/span><\/strong><span style=\"font-family: 'Times New Roman';\">La mujer y el hombre tienen iguales derechos en lo cultural, econ\u00f3mico, pol\u00edtico, social y familiar, con respeto a sus respectivas caracter\u00edsticas sociobiol\u00f3gicas.<\/span><\/p>\n<p><span style=\"font-family: 'Times New Roman';\">La madre goza de especial protecci\u00f3n desde su embarazo, y las condiciones laborales deben permitirle el cumplimiento de su esencial funci\u00f3n familiar.<\/span><\/p>\n<p><strong><span style=\"font-family: 'Times New Roman';\">DE LA NI\u00d1EZ<\/span><\/strong><\/p>\n<p><strong><span style=\"font-family: 'Times New Roman';\">Art\u00edculo 25.-<\/span><\/strong><span style=\"font-family: 'Times New Roman';\">\u00a0El ni\u00f1o tiene derecho a que el Estado, mediante su responsabilidad preventiva y subsidiaria, le garantice el crecimiento, el desarrollo arm\u00f3nico y el pleno goce de los derechos, especialmente cuando se encuentre en situaci\u00f3n desprotegida, carenciada o bajo cualquier forma de discriminaci\u00f3n o de ejercicio abusivo de autoridad familiar.<\/span><br \/>\n<strong><span style=\"font-family: 'Times New Roman';\">DE LA JUVENTUD<\/span><\/strong><\/p>\n<p><strong><span style=\"font-family: 'Times New Roman';\">Art\u00edculo 26.-<\/span><\/strong><span style=\"font-family: 'Times New Roman';\">\u00a0Los j\u00f3venes tienen derecho a que el Estado promueva su desarrollo integral, posibilite su perfeccionamiento, su aporte creativo y propenda a lograr una plena formaci\u00f3n democr\u00e1tica, cultural y laboral que desarrolle la conciencia nacional en la construcci\u00f3n de una sociedad m\u00e1s justa, solidaria y moderna, que lo arraigue a su medio y asegure su participaci\u00f3n efectiva en las actividades comunitarias y pol\u00edticas.<\/span><br \/>\n<strong><span style=\"font-family: 'Times New Roman';\">DE LA DISCAPACIDAD<\/span><\/strong><\/p>\n<p><strong><span style=\"font-family: 'Times New Roman';\">Art\u00edculo 27.-<\/span><\/strong><span style=\"font-family: 'Times New Roman';\">\u00a0Los discapacitados tienen derecho a obtener la protecci\u00f3n integral del Estado que abarque la prevenci\u00f3n, asistencia, rehabilitaci\u00f3n, educaci\u00f3n, capacitaci\u00f3n, inserci\u00f3n en la vida social, y a la promoci\u00f3n de pol\u00edticas tendientes a la toma de conciencia de la sociedad respecto de los deberes de la solidaridad.<\/span><br \/>\n<strong><span style=\"font-family: 'Times New Roman';\">DE LA ANCIANIDAD<\/span><\/strong><\/p>\n<p><strong><span style=\"font-family: 'Times New Roman';\">Art\u00edculo 28.-<\/span><\/strong><span style=\"font-family: 'Times New Roman';\">\u00a0El Estado Provincial, la familia y la sociedad procuran la protecci\u00f3n de los ancianos y su integraci\u00f3n social y cultural, tendiendo a que desarrollen tareas de creaci\u00f3n libre, de realizaci\u00f3n personal y de servicio a la sociedad.<\/span><br \/>\n<strong><span style=\"font-family: 'Times New Roman';\">DEL CONSUMIDOR<\/span><\/strong><\/p>\n<p><strong><span style=\"font-family: 'Times New Roman';\">Art\u00edculo 29.-\u00a0<\/span><\/strong><span style=\"font-family: 'Times New Roman';\">Los consumidores y usuarios tienen derecho a agruparse en defensa de sus intereses. El Estado promueve su organizaci\u00f3n y funcionamiento.<\/span><\/p>\n<div align=\"center\">\n<strong><span style=\"font-family: 'Times New Roman';\">CAP\u00cdTULO TERCERO<\/span><\/strong><br \/>\n<strong><span style=\"font-family: 'Times New Roman';\">Derechos Pol\u00edticos<\/span><\/strong><\/p>\n<\/div>\n<p>&nbsp;<\/p>\n<p><strong><span style=\"font-family: 'Times New Roman';\">EL SUFRAGIO<\/span><\/strong><\/p>\n<p><strong><span style=\"font-family: 'Times New Roman';\">Art\u00edculo 30.-<\/span><\/strong><span style=\"font-family: 'Times New Roman';\">\u00a0Todos los ciudadanos tienen el derecho y el deber de participar en la vida pol\u00edtica. El voto universal, igual, secreto y obligatorio para la elecci\u00f3n de las autoridades es la base de la democracia y el \u00fanico modo de expresi\u00f3n de la voluntad pol\u00edtica del pueblo de la Provincia, salvo las excepciones previstas en esta Constituci\u00f3n.<\/span><\/p>\n<p><span style=\"font-family: 'Times New Roman';\">El r\u00e9gimen electoral provincial debe asegurar la representaci\u00f3n pluralista y la libertad plena del elector el d\u00eda del comicio.<\/span><br \/>\n<span style=\"font-family: 'Times New Roman';\">Esta Constituci\u00f3n y la ley determinan en qu\u00e9 casos los extranjeros pueden votar.<\/span><\/p>\n<p><strong><span style=\"font-family: 'Times New Roman';\">INICIATIVA POPULAR<\/span><\/strong><\/p>\n<p><strong><span style=\"font-family: 'Times New Roman';\">Art\u00edculo 31.-<\/span><\/strong><span style=\"font-family: 'Times New Roman';\">\u00a0Los ciudadanos pueden proponer a la Legislatura proyectos de leyes y de derogaci\u00f3n de las vigentes para su consideraci\u00f3n; la solicitud debe estar suscripta por el porcentaje de electores que la ley determine.<\/span><\/p>\n<p><span style=\"font-family: 'Times New Roman';\">No pueden ser sometidos a este procedimiento los proyectos de leyes concernientes a reformas de la Constituci\u00f3n, aprobaci\u00f3n de tratados, tributos, presupuestos, creaci\u00f3n y competencia de tribunales.<\/span><\/p>\n<p><strong><span style=\"font-family: 'Times New Roman';\">CONSULTA POPULAR Y REFER\u00c9NDUM<\/span><\/strong><\/p>\n<p><strong><span style=\"font-family: 'Times New Roman';\">Art\u00edculo 32.-<\/span><\/strong><span style=\"font-family: 'Times New Roman';\">\u00a0Todo asunto de inter\u00e9s general para la Provincia puede ser sometido a consulta popular, de acuerdo con lo que determine la ley.<\/span><\/p>\n<p><span style=\"font-family: 'Times New Roman';\">Se autoriza el refer\u00e9ndum para los casos previstos en esta Constituci\u00f3n.<\/span><\/p>\n<p><strong><span style=\"font-family: 'Times New Roman';\">PARTIDOS POL\u00cdTICOS<\/span><\/strong><\/p>\n<p><strong><span style=\"font-family: 'Times New Roman';\">Art\u00edculo 33.-<\/span><\/strong><span style=\"font-family: 'Times New Roman';\">\u00a0Todos los ciudadanos tienen el derecho a asociarse libremente en partidos pol\u00edticos democr\u00e1ticos y pluralistas.<\/span><\/p>\n<p><span style=\"font-family: 'Times New Roman';\">La Provincia reconoce y garantiza la existencia y personer\u00eda jur\u00eddica de aqu\u00e9llos que sustenten y respeten los principios republicanos, representativos, federales y democr\u00e1ticos establecidos por las Constituciones Nacional y Provincial.<\/span><\/p>\n<p><span style=\"font-family: 'Times New Roman';\">Son orientadores de la opini\u00f3n p\u00fablica y contribuyen a la formaci\u00f3n de la voluntad pol\u00edtica del pueblo. La ley establece el r\u00e9gimen de los partidos que act\u00faan en la Provincia y garantiza su libre creaci\u00f3n, organizaci\u00f3n democr\u00e1tica y pluralista, la contribuci\u00f3n econ\u00f3mica del Estado a su sostenimiento y la rendici\u00f3n de cuentas sobre el origen de sus fondos. Asegura la libre difusi\u00f3n de sus ideas y un igualitario acceso a los medios de comunicaci\u00f3n.<\/span><\/p>\n<p><span style=\"font-family: 'Times New Roman';\">S\u00f3lo a los partidos pol\u00edticos compete postular candidatos para cargos p\u00fablicos electivos.<\/span><br \/>\n<span style=\"font-family: 'Times New Roman';\">La ley garantiza la existencia de un Consejo de Partidos Pol\u00edticos de car\u00e1cter consultivo.<\/span><\/p>\n<div align=\"center\">\n<strong><span style=\"font-family: 'Times New Roman';\">CAP\u00cdTULO CUARTO<\/span><\/strong><br \/>\n<strong><span style=\"font-family: 'Times New Roman';\">Asociaciones y Sociedades Intermedias<\/span><\/strong><\/p>\n<\/div>\n<p>&nbsp;<\/p>\n<p><strong><span style=\"font-family: 'Times New Roman';\">DE LA FAMILIA<\/span><\/strong><\/p>\n<p><strong><span style=\"font-family: 'Times New Roman';\">Art\u00edculo 34.-<\/span><\/strong><span style=\"font-family: 'Times New Roman';\">\u00a0La familia es el n\u00facleo fundamental de la sociedad y debe gozar de condiciones sociales, econ\u00f3micas y culturales, que propendan a su afianzamiento y desarrollo integral.<\/span><\/p>\n<p><span style=\"font-family: 'Times New Roman';\">El Estado la protege y le facilita su constituci\u00f3n y fines.<\/span><br \/>\n<span style=\"font-family: 'Times New Roman';\">El cuidado y la educaci\u00f3n de los hijos es un derecho y una obligaci\u00f3n de los padres; el Estado se compromete en su cumplimiento.<\/span><br \/>\n<span style=\"font-family: 'Times New Roman';\">Se reconoce el derecho al bien de familia.<\/span><\/p>\n<p><strong><span style=\"font-family: 'Times New Roman';\">ORGANIZACIONES INTERMEDIAS<\/span><\/strong><\/p>\n<p><strong><span style=\"font-family: 'Times New Roman';\">Art\u00edculo 35.-<\/span><\/strong><span style=\"font-family: 'Times New Roman';\">\u00a0La comunidad se funda en la solidaridad. Las organizaciones de car\u00e1cter econ\u00f3mico, profesional, gremial, social y cultural, disponen de todas las facilidades para su creaci\u00f3n y desenvolvimiento de sus actividades; sus miembros gozan de la m\u00e1s amplia libertad de palabra, opini\u00f3n y cr\u00edtica, y del irrestricto derecho de peticionar a las autoridades y de recibir respuesta de las mismas. Sus estructuras internas deben ser democr\u00e1ticas y pluralistas y la principal exigencia es el cumplimiento de los deberes de solidaridad social.<\/span><br \/>\n<strong><span style=\"font-family: 'Times New Roman';\">COOPERATIVAS Y MUTUALES<\/span><\/strong><\/p>\n<p><strong><span style=\"font-family: 'Times New Roman';\">Art\u00edculo 36.-<\/span><\/strong><span style=\"font-family: 'Times New Roman';\">\u00a0El Estado Provincial fomenta y promueve la organizaci\u00f3n y desarrollo de cooperativas y mutuales. Les asegura una adecuada asistencia, difusi\u00f3n y fiscalizaci\u00f3n que garantice su car\u00e1cter y finalidades.<\/span><br \/>\n<strong><span style=\"font-family: 'Times New Roman';\">DE LOS COLEGIOS PROFESIONALES<\/span><\/strong><\/p>\n<p><strong><span style=\"font-family: 'Times New Roman';\">Art\u00edculo 37.-<\/span><\/strong><span style=\"font-family: 'Times New Roman';\">\u00a0La Provincia puede conferir el gobierno de las profesiones y el control de su ejercicio a las entidades que se organicen con el concurso de todos los profesionales de la actividad, en forma democr\u00e1tica y pluralista conforme a las bases y condiciones que establece la Legislatura. Tienen a su cargo la defensa y promoci\u00f3n de sus intereses espec\u00edficos y gozan de las atribuciones que la ley estime necesarias para el desempe\u00f1o de sus funciones, con arreglo a los principios de leal colaboraci\u00f3n mutua y subordinaci\u00f3n al bien com\u00fan, sin perjuicio de la jurisdicci\u00f3n de los poderes del Estado.<\/span><\/p>\n<div align=\"center\"><strong><span style=\"font-family: 'Times New Roman';\">SECCI\u00d3N TERCERA<\/span><\/strong><br \/>\n<strong><span style=\"font-family: 'Times New Roman';\">Deberes<\/span><\/strong><\/p>\n<\/div>\n<p><strong><span style=\"font-family: 'Times New Roman';\">Art\u00edculo 38.-<\/span><\/strong><span style=\"font-family: 'Times New Roman';\">\u00a0Los deberes de toda persona son:<\/span><\/p>\n<p><span style=\"font-family: 'Times New Roman';\">1. Cumplir la Constituci\u00f3n Nacional, esta Constituci\u00f3n, los tratados interprovinciales y las dem\u00e1s leyes, decretos y normas que se dicten en su consecuencia.<\/span><br \/>\n<span style=\"font-family: 'Times New Roman';\">2. Honrar y defender la Patria y la Provincia.<\/span><br \/>\n<span style=\"font-family: 'Times New Roman';\">3. Participar en la vida pol\u00edtica cuando la ley lo determine.<\/span><br \/>\n<span style=\"font-family: 'Times New Roman';\">4. Resguardar y proteger los intereses y el patrimonio cultural y material de la Naci\u00f3n, de la Provincia y de los Municipios.<\/span><br \/>\n<span style=\"font-family: 'Times New Roman';\">5. Contribuir a los gastos que demande la organizaci\u00f3n social y pol\u00edtica del Estado.<\/span><br \/>\n<span style=\"font-family: 'Times New Roman';\">6. Prestar servicios civiles en los casos que las leyes as\u00ed lo requieran.<\/span><br \/>\n<span style=\"font-family: 'Times New Roman';\">7. Formarse y educarse en la medida de su vocaci\u00f3n y de acuerdo con las necesidades sociales.<\/span><br \/>\n<span style=\"font-family: 'Times New Roman';\">8. Evitar la contaminaci\u00f3n ambiental y participar en la defensa ecol\u00f3gica.<\/span><br \/>\n<span style=\"font-family: 'Times New Roman';\">9. Cuidar su salud como bien social.<\/span><br \/>\n<span style=\"font-family: 'Times New Roman';\">10. Trabajar en la medida de sus posibilidades.<\/span><br \/>\n<span style=\"font-family: 'Times New Roman';\">11. No abusar del derecho.<\/span><br \/>\n<span style=\"font-family: 'Times New Roman';\">12. Actuar solidariamente.<\/span><\/p>\n<div align=\"center\">\n<strong><span style=\"font-family: 'Times New Roman';\">SECCI\u00d3N CUARTA<\/span><\/strong><br \/>\n<strong><span style=\"font-family: 'Times New Roman';\">Garant\u00edas<\/span><\/strong><\/p>\n<\/div>\n<p><strong><span style=\"font-family: 'Times New Roman';\">DEBIDO PROCESO<\/span><\/strong><\/p>\n<p><strong><span style=\"font-family: 'Times New Roman';\">Art\u00edculo 39.-<\/span><\/strong><span style=\"font-family: 'Times New Roman';\">\u00a0Nadie puede ser penado sino en virtud de un proceso tramitado con arreglo a esta Constituci\u00f3n; ni juzgado por otros jueces que los instituidos por la ley antes del hecho de la causa y designados de acuerdo con esta Constituci\u00f3n; ni considerado culpable mientras una sentencia firme no lo declare tal; ni perseguido penalmente m\u00e1s de una vez por el mismo hecho. Todo proceso debe concluir en un t\u00e9rmino razonable.<\/span><\/p>\n<p><strong><span style=\"font-family: 'Times New Roman';\">DEFENSA EN JUICIO<\/span><\/strong><\/p>\n<p><strong><span style=\"font-family: 'Times New Roman';\">Art\u00edculo 40.-<\/span><\/strong><span style=\"font-family: 'Times New Roman';\">\u00a0Es inviolable la defensa en juicio de la persona y de los derechos. Todo imputado tiene derecho a la defensa t\u00e9cnica, a\u00fan a cargo del Estado, desde el primer momento de la persecuci\u00f3n penal. Nadie puede ser obligado a declarar contra s\u00ed mismo en causa penal, ni en contra de su c\u00f3nyuge, ascendiente, descendiente, hermano y parientes colaterales hasta cuarto grado de consanguinidad o segundo de afinidad, su tutor o pupilo, o persona con quien conviva en aparente matrimonio. Carece de todo valor probatorio la declaraci\u00f3n del imputado prestada sin la presencia de su defensor.<\/span><\/p>\n<p><strong><span style=\"font-family: 'Times New Roman';\">PRUEBA<\/span><\/strong><\/p>\n<p><strong><span style=\"font-family: 'Times New Roman';\">Art\u00edculo 41.-<\/span><\/strong><span style=\"font-family: 'Times New Roman';\">\u00a0La prueba es p\u00fablica en todos los juicios, salvo los casos en que la publicidad afecte la moral o la seguridad p\u00fablica. La resoluci\u00f3n es motivada.<\/span><\/p>\n<p><span style=\"font-family: 'Times New Roman';\">No pueden servir en juicio las cartas y papeles privados que hubiesen sido sustra\u00eddos.<\/span><br \/>\n<span style=\"font-family: 'Times New Roman';\">Los actos que vulneren garant\u00edas reconocidas por esta Constituci\u00f3n carecen de toda eficacia probatoria. La ineficacia se extiende a todas aquellas pruebas que, con arreglo a las circunstancias del caso, no hubiesen podido ser obtenidas sin su violaci\u00f3n y fueran consecuencia necesaria de ella.<\/span><br \/>\n<span style=\"font-family: 'Times New Roman';\">En caso de duda sobre cuestiones de hecho, debe estarse a lo m\u00e1s favorable al imputado.<\/span><\/p>\n<p><strong><span style=\"font-family: 'Times New Roman';\">PRIVACI\u00d3N DE LA LIBERTAD<\/span><\/strong><\/p>\n<p><strong><span style=\"font-family: 'Times New Roman';\">Art\u00edculo 42.-<\/span><\/strong><span style=\"font-family: 'Times New Roman';\">\u00a0La privaci\u00f3n de la libertad durante el proceso tiene car\u00e1cter excepcional, s\u00f3lo puede ordenarse en los l\u00edmites de esta Constituci\u00f3n y siempre que no exceda el t\u00e9rmino m\u00e1ximo que fija la ley. Las normas que la autoricen son de interpretaci\u00f3n restrictiva.<\/span><\/p>\n<p><span style=\"font-family: 'Times New Roman';\">En caso de sobreseimiento o absoluci\u00f3n, el Estado puede indemnizar el tiempo de privaci\u00f3n de libertad, con arreglo a la ley.<\/span><br \/>\n<span style=\"font-family: 'Times New Roman';\">Salvo el caso de flagrancia nadie es privado de su libertad sin orden escrita y fundada de autoridad judicial competente, siempre que existan elementos de convicci\u00f3n suficientes de participaci\u00f3n en un hecho il\u00edcito y sea absolutamente indispensable para asegurar la investigaci\u00f3n y la actuaci\u00f3n de la ley. En caso de flagrancia, se da aviso inmediato a aqu\u00e9lla, y se pone a su disposici\u00f3n el aprehendido, con constancia de sus antecedentes y los del hecho que se le atribuye, a los fines previstos en el p\u00e1rrafo anterior.<\/span><br \/>\n<span style=\"font-family: 'Times New Roman';\">Producida la privaci\u00f3n de libertad el afectado es informado en el mismo acto del hecho que lo motiva y de los derechos que le asisten, y puede dar aviso de su situaci\u00f3n a quien crea conveniente; la autoridad arbitra los medios conducentes a ello.<\/span><\/p>\n<p><strong><span style=\"font-family: 'Times New Roman';\">INCOMUNICACI\u00d3N<\/span><\/strong><\/p>\n<p><strong><span style=\"font-family: 'Times New Roman';\">Art\u00edculo 43.-<\/span><\/strong><span style=\"font-family: 'Times New Roman';\">\u00a0La incomunicaci\u00f3n s\u00f3lo puede ser ordenada por el juez para evitar que el imputado entorpezca la investigaci\u00f3n y no puede exceder de dos d\u00edas. A\u00fan en tal caso queda garantizada la comunicaci\u00f3n con el defensor inmediatamente antes de la realizaci\u00f3n de cualquier acto que requiera la intervenci\u00f3n personal de aqu\u00e9l. Rige al respecto, el \u00faltimo p\u00e1rrafo del art\u00edculo anterior.<\/span><\/p>\n<p><strong><span style=\"font-family: 'Times New Roman';\">CUSTODIA DE PRESOS Y C\u00c1RCELES<\/span><\/strong><\/p>\n<p><strong><span style=\"font-family: 'Times New Roman';\">Art\u00edculo 44.-<\/span><\/strong><span style=\"font-family: 'Times New Roman';\">\u00a0Todo funcionario responsable de la custodia de presos, al hacerse cargo de los mismos, debe exigir y conservar en su poder la orden de detenci\u00f3n o prisi\u00f3n; a \u00e9l corresponde su custodia, con exclusividad. Es responsable de la detenci\u00f3n o prisi\u00f3n indebida.<\/span><\/p>\n<p><span style=\"font-family: 'Times New Roman';\">Los reglamentos, de cualquier lugar de encarcelamiento, deben atender al resguardo de la salud f\u00edsica y moral del interno, y facilitar su desenvolvimiento personal y afectivo.<\/span><br \/>\n<span style=\"font-family: 'Times New Roman';\">Prohibida la tortura o cualquier trato vejatorio o degradante, el funcionario que participe en ellos; no los denuncie, estando obligado a hacerlo, o de cualquier manera los consienta, cesa en su cargo y no puede desempe\u00f1ar otro por el t\u00e9rmino que establece la ley.<\/span><br \/>\n<span style=\"font-family: 'Times New Roman';\">Los encausados y condenados por delitos son alojados en establecimientos sanos, limpios y sometidos al tratamiento que aconsejan los aportes cient\u00edficos, t\u00e9cnicos y criminol\u00f3gicos que se hagan en esta materia.<\/span><br \/>\n<span style=\"font-family: 'Times New Roman';\">Las mujeres son alojadas en establecimientos especiales y los menores no pueden serlo en locales destinados a la detenci\u00f3n de adultos.<\/span><\/p>\n<p><strong><span style=\"font-family: 'Times New Roman';\">INVIOLABILIDAD DEL DOMICILIO &#8211; ALLANAMIENTO<\/span><\/strong><\/p>\n<p><strong><span style=\"font-family: 'Times New Roman';\">Art\u00edculo 45.-<\/span><\/strong><span style=\"font-family: 'Times New Roman';\">\u00a0El domicilio es inviolable y s\u00f3lo puede ser allanado con orden motivada, escrita y determinada del juez competente, la que no se suple por ning\u00fan otro medio. Cuando se trate de moradas particulares, el registro no puede realizarse de noche, salvo casos sumamente graves y urgentes.<\/span><br \/>\n<strong><span style=\"font-family: 'Times New Roman';\">PAPELES PRIVADOS Y COMUNICACIONES<\/span><\/strong><\/p>\n<p><strong><span style=\"font-family: 'Times New Roman';\">Art\u00edculo 46.-<\/span><\/strong><span style=\"font-family: 'Times New Roman';\">\u00a0El secreto de los papeles privados, la correspondencia epistolar y cualquier otra forma de comunicaci\u00f3n personal por el medio que sea, es inviolable. La ley determina los casos en que se puede proceder al examen o interceptaci\u00f3n mediante orden judicial motivada.<\/span><br \/>\n<strong><span style=\"font-family: 'Times New Roman';\">HABEAS CORPUS<\/span><\/strong><\/p>\n<p><strong><span style=\"font-family: 'Times New Roman';\">Art\u00edculo 47.-<\/span><\/strong><span style=\"font-family: 'Times New Roman';\">\u00a0Toda persona que de modo actual o inminente sufra una restricci\u00f3n arbitraria de su libertad personal, puede recurrir por cualquier medio, por s\u00ed o por terceros en su nombre al juez m\u00e1s pr\u00f3ximo, para que tome conocimiento de los hechos, y de resultar procedente, mande a resguardar su libertad o haga cesar la detenci\u00f3n en menos de veinticuatro horas.<\/span><\/p>\n<p><span style=\"font-family: 'Times New Roman';\">Puede tambi\u00e9n ejercer esta acci\u00f3n quien sufra una agravaci\u00f3n ileg\u00edtima de la forma y condiciones en que se cumple la privaci\u00f3n de la libertad, sin detrimento de las facultades propias del juez del proceso.<\/span><br \/>\n<span style=\"font-family: 'Times New Roman';\">La violaci\u00f3n de esta norma por parte del juez es causal de destituci\u00f3n.<\/span><\/p>\n<p><strong><span style=\"font-family: 'Times New Roman';\">AMPARO<\/span><\/strong><\/p>\n<p><strong><span style=\"font-family: 'Times New Roman';\">Art\u00edculo 48.-<\/span><\/strong><span style=\"font-family: 'Times New Roman';\">\u00a0Siempre que en forma actual o inminente se restrinjan, alteren, amenacen o lesionen, con arbitrariedad o ilegalidad manifiesta, derechos o garant\u00edas reconocidos por esta Constituci\u00f3n o por la Constituci\u00f3n Nacional, y no exista otra v\u00eda pronta y eficaz para evitar un grave da\u00f1o, la persona afectada puede pedir el amparo a los jueces en la forma que determine la ley.<\/span><br \/>\n<strong><span style=\"font-family: 'Times New Roman';\">ACCESO A LA JUSTICIA<\/span><\/strong><\/p>\n<p><strong><span style=\"font-family: 'Times New Roman';\">Art\u00edculo 49.-<\/span><\/strong><span style=\"font-family: 'Times New Roman';\">\u00a0En ning\u00fan caso puede resultar limitado el acceso a la Justicia por razones econ\u00f3micas. La ley establece un sistema de asistencia gratuita a tal efecto.<\/span><br \/>\n<strong><span style=\"font-family: 'Times New Roman';\">PRIVACIDAD<\/span><\/strong><\/p>\n<p><strong><span style=\"font-family: 'Times New Roman';\">Art\u00edculo 50.-<\/span><\/strong><span style=\"font-family: 'Times New Roman';\">\u00a0Toda persona tiene derecho a conocer lo que de \u00e9l conste en forma de registro, la finalidad a que se destina esa informaci\u00f3n, y a exigir su rectificaci\u00f3n y actualizaci\u00f3n. Dichos datos no pueden registrarse con prop\u00f3sitos discriminatorios de ninguna clase ni ser proporcionados a terceros, excepto cuando tengan un inter\u00e9s leg\u00edtimo.<\/span><\/p>\n<p><span style=\"font-family: 'Times New Roman';\">La ley reglamenta el uso de la inform\u00e1tica para que no se vulneren el honor, la intimidad personal y familiar y el pleno ejercicio de los derechos.<\/span><\/p>\n<p><strong><span style=\"font-family: 'Times New Roman';\">DERECHO A LA INFORMACI\u00d3N &#8211; LIBERTAD DE EXPRESI\u00d3N &#8211; PLURALIDAD<\/span><\/strong><\/p>\n<p><strong><span style=\"font-family: 'Times New Roman';\">Art\u00edculo 51.-<\/span><\/strong><span style=\"font-family: 'Times New Roman';\">\u00a0El ejercicio de los derechos a la informaci\u00f3n y a la libertad de expresi\u00f3n no est\u00e1 sujeto a censura previa sino s\u00f3lo a responsabilidades ulteriores expresamente establecidas por ley y destinadas exclusivamente a garantizar el respeto de los derechos, la reputaci\u00f3n de las personas y la protecci\u00f3n de la seguridad, la moral y el orden p\u00fablico.<\/span><\/p>\n<p><span style=\"font-family: 'Times New Roman';\">Los medios de comunicaci\u00f3n social deben asegurar los principios de pluralismo y de respeto a las culturas, las creencias, las corrientes de pensamiento y de opini\u00f3n. Se proh\u00edbe el monopolio y oligopolio p\u00fablico o privado y cualquier otra forma similar sobre los medios de comunicaci\u00f3n en el \u00e1mbito provincial. La ley garantiza el libre acceso a las fuentes p\u00fablicas de informaci\u00f3n y el secreto profesional period\u00edstico.<\/span><br \/>\n<span style=\"font-family: 'Times New Roman';\">La Legislatura no dicta leyes que restrinjan la libertad de prensa.<\/span><br \/>\n<span style=\"font-family: 'Times New Roman';\">Cuando se acuse una publicaci\u00f3n en que se censura en t\u00e9rminos decorosos la conducta de un individuo como magistrado o personalidad p\u00fablica, imput\u00e1ndosele faltas o delitos cuya averiguaci\u00f3n y castigo interese a la sociedad, debe admitirse prueba sobre los hechos denunciados y, de resultar ciertos, el acusado queda exento de pena.<\/span><br \/>\n<span style=\"font-family: 'Times New Roman';\">La informaci\u00f3n y la comunicaci\u00f3n constituyen un bien social.<\/span><\/p>\n<p><strong><span style=\"font-family: 'Times New Roman';\">MORA DE LA ADMINISTRACI\u00d3N &#8211; AMPARO<\/span><\/strong><\/p>\n<p><strong><span style=\"font-family: 'Times New Roman';\">Art\u00edculo 52.-<\/span><\/strong><span style=\"font-family: 'Times New Roman';\">\u00a0Para el caso de que esta Constituci\u00f3n, una ley u otra norma impongan a un funcionario, repartici\u00f3n o ente p\u00fablico administrativo un deber concreto a cumplir en un plazo determinado, toda persona afectada puede demandar su cumplimiento judicialmente y peticionar la ejecuci\u00f3n inmediata de los actos que el funcionario, repartici\u00f3n o ente p\u00fablico administrativo se hubiera rehusado a cumplir. El juez, previa comprobaci\u00f3n sumaria de los hechos enunciados, de la obligaci\u00f3n legal y del inter\u00e9s del reclamante, puede librar mandamiento judicial de pronto despacho en el plazo que prudencialmente establezca.<\/span><br \/>\n<strong><span style=\"font-family: 'Times New Roman';\">PROTECCI\u00d3N DE LOS INTERESES DIFUSOS<\/span><\/strong><\/p>\n<p><strong><span style=\"font-family: 'Times New Roman';\">Art\u00edculo 53.-<\/span><\/strong><span style=\"font-family: 'Times New Roman';\">\u00a0La ley garantiza a toda persona, sin perjuicio de la responsabilidad del Estado, la legitimaci\u00f3n para obtener de las autoridades la protecci\u00f3n de los intereses difusos, ecol\u00f3gicos o de cualquier \u00edndole, reconocidos en esta Constituci\u00f3n.<\/span><\/p>\n<div align=\"center\">\n<strong><span style=\"font-family: 'Times New Roman';\">T\u00cdTULO SEGUNDO<\/span><\/strong><br \/>\n<strong><span style=\"font-family: 'Times New Roman';\">Pol\u00edticas Especiales del Estado<\/span><\/strong><\/p>\n<p><strong><span style=\"font-family: 'Times New Roman';\">CAP\u00cdTULO PRIMERO<\/span><\/strong><\/p>\n<p><strong><span style=\"font-family: 'Times New Roman';\">Trabajo, Seguridad Social y Bienestar<\/span><\/strong><\/p>\n<\/div>\n<p><strong><span style=\"font-family: 'Times New Roman';\">TRABAJO<\/span><\/strong><\/p>\n<p><strong><span style=\"font-family: 'Times New Roman';\">Art\u00edculo 54.-<\/span><\/strong><span style=\"font-family: 'Times New Roman';\">\u00a0El trabajo es un derecho y un deber fundado en el principio de la solidaridad social. Es una actividad y constituye un medio para jerarquizar los valores espirituales y materiales de la persona y la comunidad; es fundamento de la prosperidad general.<\/span><\/p>\n<p><span style=\"font-family: 'Times New Roman';\">El Estado est\u00e1 obligado a promover la ocupaci\u00f3n plena y productiva de los habitantes de la Provincia.<\/span><br \/>\n<span style=\"font-family: 'Times New Roman';\">La ley contempla las situaciones y condiciones especiales del trabajo para asegurar la protecci\u00f3n efectiva de los trabajadores.<\/span><br \/>\n<span style=\"font-family: 'Times New Roman';\">El Estado Provincial ejerce la polic\u00eda del trabajo en el \u00e1mbito personal y territorial, sin perjuicio de las facultades del Gobierno Federal en la materia. Igualmente, en lo que respecta a negociaci\u00f3n colectiva en materia de conciliaci\u00f3n obligatoria, arbitraje facultativo y arbitraje obligatorio; en este \u00faltimo caso, s\u00f3lo en situaciones de excepci\u00f3n, y en todos los supuestos referidos, con la misma reserva sobre las facultades del Gobierno Federal.<\/span><\/p>\n<p><strong><span style=\"font-family: 'Times New Roman';\">SEGURIDAD SOCIAL<\/span><\/strong><\/p>\n<p><strong><span style=\"font-family: 'Times New Roman';\">Art\u00edculo 55.-<\/span><\/strong><span style=\"font-family: 'Times New Roman';\">\u00a0El Estado Provincial establece y garantiza, en el \u00e1mbito de su competencia, el efectivo cumplimiento de un r\u00e9gimen de seguridad social que proteja a todas las personas de las contingencias sociales, en base a los principios de solidaridad contributiva, equidad distributiva, accesibilidad, integralidad e irrenunciabilidad de beneficios y prestaciones. Los organismos de la seguridad social tienen autonom\u00eda y son administrados por los interesados con la participaci\u00f3n del Estado y en coordinaci\u00f3n con el Gobierno Federal.<\/span><br \/>\n<strong><span style=\"font-family: 'Times New Roman';\">ACTIVIDADES DE INTER\u00c9S SOCIAL<\/span><\/strong><\/p>\n<p><strong><span style=\"font-family: 'Times New Roman';\">Art\u00edculo 56.-<\/span><\/strong><span style=\"font-family: 'Times New Roman';\">\u00a0El Estado Provincial promueve actividades de inter\u00e9s social que tiendan a complementar el bienestar de la persona y de la comunidad, que comprendan el deporte, la recreaci\u00f3n, la utilizaci\u00f3n del tiempo libre y el turismo.<\/span><\/p>\n<p><strong><span style=\"font-family: 'Times New Roman';\">R\u00c9GIMEN PREVISIONAL<\/span><\/strong><\/p>\n<p><strong><span style=\"font-family: 'Times New Roman';\">Art\u00edculo 57.-<\/span><\/strong><span style=\"font-family: 'Times New Roman';\">\u00a0El Estado Provincial, en el \u00e1mbito de su competencia, otorga a los trabajadores los beneficios de la previsi\u00f3n social y asegura jubilaciones y pensiones m\u00f3viles, irreductibles y proporcionales a la remuneraci\u00f3n del trabajador en actividad.<\/span><\/p>\n<p><span style=\"font-family: 'Times New Roman';\">El r\u00e9gimen previsional debe ser uniforme y equitativo y debe procurar la coordinaci\u00f3n con otros sistemas previsionales.<\/span><br \/>\n<span style=\"font-family: 'Times New Roman';\">La ley establece un r\u00e9gimen general previsional que contemple las diferentes situaciones o condiciones laborales, conforme lo establece el art\u00edculo 104, inciso 19 de esta Constituci\u00f3n.<\/span><br \/>\n<span style=\"font-family: 'Times New Roman';\">Los recursos que conforman el patrimonio de las cajas previsionales son intangibles y deben ser utilizados s\u00f3lo para atender sus prestaciones espec\u00edficas.<\/span><\/p>\n<p><strong><span style=\"font-family: 'Times New Roman';\">VIVIENDA<\/span><\/strong><\/p>\n<p><strong><span style=\"font-family: 'Times New Roman';\">Art\u00edculo 58.-<\/span><\/strong><span style=\"font-family: 'Times New Roman';\">\u00a0Todos los habitantes tienen derecho a disfrutar de una vivienda digna, la que, junto a los servicios con ella conexos y la tierra necesaria para su asentamiento, tiene un valor social fundamental. La vivienda \u00fanica es inembargable, en las condiciones que fija la ley.<\/span><\/p>\n<p><span style=\"font-family: 'Times New Roman';\">El Estado Provincial promueve las condiciones necesarias para hacer efectivo este derecho. A tal fin planifica y ejecuta la pol\u00edtica de vivienda y puede concertarla con los dem\u00e1s niveles jurisdiccionales, las instituciones sociales o con el aporte solidario de los interesados. La pol\u00edtica habitacional se rige por los siguientes principios:\u00a0<\/span><br \/>\n<span style=\"font-family: 'Times New Roman';\">1. Usar racionalmente el suelo y preservar la calidad de vida, de acuerdo con el inter\u00e9s general y las pautas culturales y regionales de la comunidad.<\/span><br \/>\n<span style=\"font-family: 'Times New Roman';\">2. Impedir la especulaci\u00f3n.<\/span><br \/>\n<span style=\"font-family: 'Times New Roman';\">3. Asistir a las familias sin recursos para facilitar su acceso a la vivienda propia.<\/span><\/p>\n<p><strong><span style=\"font-family: 'Times New Roman';\">SALUD<\/span><\/strong><\/p>\n<p><strong><span style=\"font-family: 'Times New Roman';\">Art\u00edculo 59.-<\/span><\/strong><span style=\"font-family: 'Times New Roman';\">\u00a0La salud es un bien natural y social que genera en los habitantes de la Provincia el derecho al m\u00e1s completo bienestar psicof\u00edsico, espiritual, ambiental y social.<\/span><\/p>\n<p><span style=\"font-family: 'Times New Roman';\">El Gobierno de la Provincia garantiza este derecho mediante acciones y prestaciones promoviendo la participaci\u00f3n del individuo y de la comunidad. Establece, regula y fiscaliza el sistema de salud, integra todos los recursos y concerta la pol\u00edtica sanitaria con el Gobierno Federal, Gobiernos Provinciales, Municipios e instituciones sociales p\u00fablicas y privadas.<\/span><br \/>\n<span style=\"font-family: 'Times New Roman';\">La Provincia, en funci\u00f3n de lo establecido en la Constituci\u00f3n Nacional, conserva y reafirma para s\u00ed, la potestad del poder de polic\u00eda en materia de legislaci\u00f3n y administraci\u00f3n sobre salud.<\/span><br \/>\n<span style=\"font-family: 'Times New Roman';\">El sistema de salud se basa en la universalidad de la cobertura, con acciones integrales de promoci\u00f3n, protecci\u00f3n, recuperaci\u00f3n y rehabilitaci\u00f3n de la salud, e incluye el control de los riesgos biol\u00f3gicos sociales y ambientales de todas las personas, desde su concepci\u00f3n. Promueve la participaci\u00f3n de los sectores interesados en la soluci\u00f3n de la problem\u00e1tica sanitaria. Asegura el acceso en todo el territorio Provincial, al uso adecuado, igualitario y oportuno de las tecnolog\u00edas de salud y recursos terap\u00e9uticos.<\/span><\/p>\n<div align=\"center\">\n<strong><span style=\"font-family: 'Times New Roman';\">CAP\u00cdTULO SEGUNDO<\/span><\/strong><br \/>\n<strong><span style=\"font-family: 'Times New Roman';\">Cultura y Educaci\u00f3n<\/span><\/strong><\/p>\n<\/div>\n<p><strong><span style=\"font-family: 'Times New Roman';\">Art\u00edculo 60.-<\/span><\/strong><span style=\"font-family: 'Times New Roman';\">\u00a0El Estado Provincial difunde y promueve todas las manifestaciones de la cultura desde una perspectiva nacional que se complemente con las provinciales y regionales.<\/span><\/p>\n<p><span style=\"font-family: 'Times New Roman';\">La cultura y la educaci\u00f3n constituyen funciones sociales, cimentan la identidad y unidad nacional, y contribuyen a la integraci\u00f3n latinoamericana con esp\u00edritu abierto a los dem\u00e1s pueblos.<\/span><br \/>\n<span style=\"font-family: 'Times New Roman';\">El Estado garantiza el derecho a la educaci\u00f3n y el acceso a la cultura en igualdad de oportunidades y posibilidades, sin discriminaci\u00f3n alguna.<\/span><\/p>\n<p><strong><span style=\"font-family: 'Times New Roman';\">EDUCACI\u00d3N<\/span><\/strong><\/p>\n<p><strong><span style=\"font-family: 'Times New Roman';\">Art\u00edculo 61.-<\/span><\/strong><span style=\"font-family: 'Times New Roman';\">\u00a0La finalidad de la educaci\u00f3n es la formaci\u00f3n integral, armoniosa y permanente de la persona, con la participaci\u00f3n reflexiva y cr\u00edtica del educando, que le permita elaborar su escala de valores, tendiente a cumplir con su realizaci\u00f3n personal, su destino trascendente, su inserci\u00f3n en la vida socio-cultural y en el mundo laboral, para la conformaci\u00f3n de una sociedad democr\u00e1tica, justa y solidaria.<\/span><br \/>\n<strong><span style=\"font-family: 'Times New Roman';\">POL\u00cdTICA EDUCATIVA<\/span><\/strong><\/p>\n<p><strong><span style=\"font-family: 'Times New Roman';\">Art\u00edculo 62.-<\/span><\/strong><span style=\"font-family: 'Times New Roman';\">\u00a0La pol\u00edtica educativa provincial se ajusta a los siguientes principios y lineamientos:<\/span><\/p>\n<p><span style=\"font-family: 'Times New Roman';\">1. Ejercer, el Estado Provincial, funci\u00f3n educativa obligatoria; establecer la pol\u00edtica del sector y supervisar su cumplimiento.<\/span><br \/>\n<span style=\"font-family: 'Times New Roman';\">2. Garantizar el derecho de aprender y de ense\u00f1ar; reconocer a la familia como agente natural y primario de educaci\u00f3n, y la funci\u00f3n educativa de la comunidad.<\/span><br \/>\n<span style=\"font-family: 'Times New Roman';\">3. Reconocer la libertad de ense\u00f1anza. Las personas, asociaciones y Municipios tienen derecho a crear instituciones educativas ajustadas a los principios de esta Constituci\u00f3n, las que son reconocidas seg\u00fan la ley. La misma reglamenta la cooperaci\u00f3n econ\u00f3mica del Estado con aqu\u00e9llas que no persigan fines de lucro.<\/span><br \/>\n<span style=\"font-family: 'Times New Roman';\">4. Asegurar la obligatoriedad de la educaci\u00f3n b\u00e1sica general y com\u00fan y garantizar la igualdad de oportunidades y posibilidades para acceder a ella.<\/span><br \/>\n<span style=\"font-family: 'Times New Roman';\">5. Asegurar el car\u00e1cter gratuito, asistencial y exento de dogmatismos de la educaci\u00f3n p\u00fablica estatal.<\/span><br \/>\n<span style=\"font-family: 'Times New Roman';\">Los padres tienen derecho a que sus hijos reciban en la escuela estatal, educaci\u00f3n religiosa o moral, seg\u00fan sus convicciones.<\/span><br \/>\n<span style=\"font-family: 'Times New Roman';\">6. Promover el acceso a los habitantes, seg\u00fan su vocaci\u00f3n, capacidad y m\u00e9rito, a los m\u00e1s altos niveles de formaci\u00f3n, investigaci\u00f3n y creaci\u00f3n.<\/span><br \/>\n<span style=\"font-family: 'Times New Roman';\">7. Generar y promover medios diversos para la educaci\u00f3n permanente; la alfabetizaci\u00f3n, creaci\u00f3n cultural, capacitaci\u00f3n laboral o formaci\u00f3n profesional seg\u00fan las necesidades regionales.<\/span><br \/>\n<span style=\"font-family: 'Times New Roman';\">8. Satisfacer los requerimientos del sistema educativo, en cuanto a la formaci\u00f3n y actualizaci\u00f3n docente.<\/span><br \/>\n<span style=\"font-family: 'Times New Roman';\">9. Asegurar en el presupuesto provincial los recursos suficientes para la prestaci\u00f3n adecuada del servicio educativo; integrar aportes comunitarios, sectoriales y de otras jurisdicciones.<\/span><br \/>\n<span style=\"font-family: 'Times New Roman';\">10. Incorporar obligatoriamente en todos los niveles educativos, el estudio de esta Constituci\u00f3n, sus normas, esp\u00edritu e institutos.<\/span><\/p>\n<p><strong><span style=\"font-family: 'Times New Roman';\">GOBIERNO DE LA EDUCACI\u00d3N<\/span><\/strong><\/p>\n<p><strong><span style=\"font-family: 'Times New Roman';\">Art\u00edculo 63.-<\/span><\/strong><span style=\"font-family: 'Times New Roman';\">\u00a0El Estado Provincial organiza y fiscaliza el sistema educativo en todos los niveles, con centralizaci\u00f3n pol\u00edtica y normativa y descentralizaci\u00f3n operativa, de acuerdo con los principios democr\u00e1ticos de participaci\u00f3n. Integra en cuerpos colegiados a representantes del Gobierno, de los docentes y de otros agentes institucionales y sociales, en los niveles de elaboraci\u00f3n y ejecuci\u00f3n de pol\u00edticas, en la forma y con los atributos que fija la ley.<\/span><\/p>\n<p><span style=\"font-family: 'Times New Roman';\">Los centros de ense\u00f1anza son comunidades educativas, cuya acci\u00f3n est\u00e1 ligada a la pr\u00e1ctica democr\u00e1tica y a la participaci\u00f3n de sus integrantes.<\/span><\/p>\n<p><strong><span style=\"font-family: 'Times New Roman';\">CIENCIA Y TECNOLOG\u00cdA<\/span><\/strong><\/p>\n<p><strong><span style=\"font-family: 'Times New Roman';\">Art\u00edculo 64.-<\/span><\/strong><span style=\"font-family: 'Times New Roman';\">\u00a0El Estado Provincial protege, fomenta y orienta el progreso, uso e incorporaci\u00f3n de la ciencia y la tecnolog\u00eda, siempre que reafirmen la soberan\u00eda nacional y el desarrollo regional, que no alteren el equilibrio ecol\u00f3gico y contribuyan al mejoramiento integral del hombre.<\/span><\/p>\n<p><span style=\"font-family: 'Times New Roman';\">Queda garantizada la participaci\u00f3n de todas las personas en los adelantos tecnol\u00f3gicos y su aprovechamiento igualitario; deben evitarse los monopolios, la obsolescencia anticipada y la distorsi\u00f3n de la econom\u00eda.<\/span><\/p>\n<p><strong><span style=\"font-family: 'Times New Roman';\">PATRIMONIO CULTURAL<\/span><\/strong><\/p>\n<p><strong><span style=\"font-family: 'Times New Roman';\">Art\u00edculo 65.-<\/span><\/strong><span style=\"font-family: 'Times New Roman';\">\u00a0El Estado Provincial es responsable de la conservaci\u00f3n, enriquecimiento y difusi\u00f3n del patrimonio cultural, en especial arqueol\u00f3gico, hist\u00f3rico, art\u00edstico y paisaj\u00edstico y de los bienes que lo componen, cualquiera sea su r\u00e9gimen jur\u00eddico y su titularidad.<\/span><\/p>\n<div align=\"center\">\n<strong><span style=\"font-family: 'Times New Roman';\">CAP\u00cdTULO TERCERO<\/span><\/strong><br \/>\n<strong><span style=\"font-family: 'Times New Roman';\">Ecolog\u00eda<\/span><\/strong><\/p>\n<\/div>\n<p><strong><span style=\"font-family: 'Times New Roman';\">MEDIO AMBIENTE Y CALIDAD DE VIDA<\/span><\/strong><\/p>\n<p><strong><span style=\"font-family: 'Times New Roman';\">Art\u00edculo 66.-<\/span><\/strong><span style=\"font-family: 'Times New Roman';\">\u00a0Toda persona tiene derecho a gozar de un medio ambiente sano. Este derecho comprende el de vivir en un ambiente f\u00edsico y social libre de factores nocivos para la salud, a la conservaci\u00f3n de los recursos naturales y culturales y a los valores est\u00e9ticos que permitan asentamientos humanos dignos, y la preservaci\u00f3n de la flora y la fauna.<\/span><\/p>\n<p><span style=\"font-family: 'Times New Roman';\">El agua, el suelo y el aire como elementos vitales para el hombre, son materia de especial protecci\u00f3n en la Provincia.<\/span><br \/>\n<span style=\"font-family: 'Times New Roman';\">El Estado Provincial protege el medio ambiente, preserva los recursos naturales ordenando su uso y explotaci\u00f3n, y resguarda el equilibrio del sistema ecol\u00f3gico, sin discriminaci\u00f3n de individuos o regiones.<\/span><br \/>\n<span style=\"font-family: 'Times New Roman';\">Para ello, dicta normas que aseguren:<\/span><br \/>\n<span style=\"font-family: 'Times New Roman';\">1. La eficacia de los principios de armon\u00eda de los ecosistemas y la integraci\u00f3n, diversidad, mantenimiento y recuperaci\u00f3n de recursos.<\/span><br \/>\n<span style=\"font-family: 'Times New Roman';\">2. La compatibilidad de la programaci\u00f3n f\u00edsica, econ\u00f3mica y social de la Provincia, con la preservaci\u00f3n y mejoramiento del ambiente.<\/span><br \/>\n<span style=\"font-family: 'Times New Roman';\">3. Una distribuci\u00f3n equilibrada de la urbanizaci\u00f3n en el territorio.<\/span><br \/>\n<span style=\"font-family: 'Times New Roman';\">4. La asignaci\u00f3n prioritaria de medios suficientes para la elevaci\u00f3n de la calidad de vida en los asentamientos humanos.<\/span><\/p>\n<div align=\"center\">\n<strong><span style=\"font-family: 'Times New Roman';\">CAP\u00cdTULO CUARTO<\/span><\/strong><br \/>\n<strong><span style=\"font-family: 'Times New Roman';\">Econom\u00eda y Finanzas<\/span><\/strong><\/p>\n<\/div>\n<p><strong><span style=\"font-family: 'Times New Roman';\">PRINCIPIOS ECON\u00d3MICOS<\/span><\/strong><\/p>\n<p><strong><span style=\"font-family: 'Times New Roman';\">Art\u00edculo 67.-<\/span><\/strong><span style=\"font-family: 'Times New Roman';\">\u00a0La econom\u00eda est\u00e1 al servicio del hombre y debe satisfacer sus necesidades materiales y espirituales.<\/span><\/p>\n<p><span style=\"font-family: 'Times New Roman';\">El capital cumple una funci\u00f3n social y se orienta al crecimiento de la econom\u00eda.<\/span><br \/>\n<span style=\"font-family: 'Times New Roman';\">Los beneficios del crecimiento son distribuidos equitativa y solidariamente. Los empresarios, los trabajadores y el Estado son responsables de la eficiencia, productividad y progreso de las organizaciones econ\u00f3micas que participan en el proceso productivo.\u00a0<\/span><br \/>\n<span style=\"font-family: 'Times New Roman';\">Se reconoce y garantiza la libre iniciativa privada con sanci\u00f3n a los monopolios, la usura y la especulaci\u00f3n.<\/span><br \/>\n<span style=\"font-family: 'Times New Roman';\">La propiedad privada es inviolable; nadie puede ser privado de ella sino en virtud de sentencia fundada en ley, y su ejercicio esta limitado por la funci\u00f3n social que debe cumplir.<\/span><\/p>\n<p><strong><span style=\"font-family: 'Times New Roman';\">RECURSOS NATURALES<\/span><\/strong><\/p>\n<p><strong><span style=\"font-family: 'Times New Roman';\">Art\u00edculo 68.-<\/span><\/strong><span style=\"font-family: 'Times New Roman';\">\u00a0El Estado Provincial defiende los recursos naturales renovables y no renovables, en base a su aprovechamiento racional e integral, que preserve el patrimonio arqueol\u00f3gico, paisaj\u00edstico y la protecci\u00f3n del medio ambiente.<\/span><\/p>\n<p><span style=\"font-family: 'Times New Roman';\">La tierra es un bien permanente de producci\u00f3n; la ley garantiza su preservaci\u00f3n y recuperaci\u00f3n, procura evitar la p\u00e9rdida de fertilidad, la erosi\u00f3n y regula el empleo de las tecnolog\u00edas de aplicaci\u00f3n.<\/span><br \/>\n<span style=\"font-family: 'Times New Roman';\">Las aguas que sean de dominio p\u00fablico y su aprovechamiento, est\u00e1n sujetas al inter\u00e9s general. El Estado reglamenta su uso racional y adopta las medidas conducentes para evitar su contaminaci\u00f3n.<\/span><br \/>\n<span style=\"font-family: 'Times New Roman';\">El Estado Provincial resguarda la supervivencia y conservaci\u00f3n de los bosques, promueve su explotaci\u00f3n racional y correcto aprovechamiento, propende al desarrollo y mejora de las especies y a su reposici\u00f3n mediante forestaci\u00f3n y la reforestaci\u00f3n que salvaguarde la estabilidad ecol\u00f3gica.<\/span><br \/>\n<span style=\"font-family: 'Times New Roman';\">Los yacimientos de sustancias minerales y f\u00f3siles son bienes exclusivos, inalienables e imprescriptibles de la Provincia; su explotaci\u00f3n debe ser preservada en beneficio de las generaciones actuales y futuras.<\/span><br \/>\n<span style=\"font-family: 'Times New Roman';\">El Estado Provincial reconoce la potestad del Gobierno Federal en el dictado de la pol\u00edtica minera; fomenta la prospecci\u00f3n, exploraci\u00f3n y beneficio de las sustancias minerales del territorio, realiza el inventario de sus recursos y dicta leyes de protecci\u00f3n de este patrimonio con el objeto de evitar el prematuro agotamiento de su explotaci\u00f3n y su utilizaci\u00f3n irracional.<\/span><\/p>\n<p><strong><span style=\"font-family: 'Times New Roman';\">PLANEAMIENTO<\/span><\/strong><\/p>\n<p><strong><span style=\"font-family: 'Times New Roman';\">Art\u00edculo 69.-<\/span><\/strong><span style=\"font-family: 'Times New Roman';\">\u00a0El Estado Provincial orienta las actividades econ\u00f3micas conforme a los principios enunciados en esta Constituci\u00f3n; elabora planes en los que promueve la participaci\u00f3n de los sectores econ\u00f3micos y sociales interesados, destinados al desarrollo regional e integraci\u00f3n econ\u00f3mica provincial.<\/span><\/p>\n<p><span style=\"font-family: 'Times New Roman';\">El presupuesto de la Provincia y el de las empresas del Estado se formulan en el marco de dicha planificaci\u00f3n.<\/span><br \/>\n<span style=\"font-family: 'Times New Roman';\">La Provincia acuerda con otras y con el Gobierno Federal su participaci\u00f3n en sistemas federales o regionales de planeamiento.<\/span><\/p>\n<p><strong><span style=\"font-family: 'Times New Roman';\">PRESUPUESTO<\/span><\/strong><\/p>\n<p><strong><span style=\"font-family: 'Times New Roman';\">Art\u00edculo 70.-<\/span><\/strong><span style=\"font-family: 'Times New Roman';\">\u00a0El presupuesto provincial prev\u00e9 los recursos pertinentes, autoriza las inversiones y gastos y fija el n\u00famero de agentes p\u00fablicos; explicita los objetivos que deben ser cuantificados cuando la naturaleza de los mismos lo permita.<\/span><\/p>\n<p><span style=\"font-family: 'Times New Roman';\">Puede proyectarse por m\u00e1s de un ejercicio sin exceder el t\u00e9rmino del mandato del titular del Poder Ejecutivo.<\/span><br \/>\n<span style=\"font-family: 'Times New Roman';\">La falta de sanci\u00f3n de la ley de presupuesto al primero de enero de cada a\u00f1o implica la reconducci\u00f3n autom\u00e1tica de los cr\u00e9ditos vigentes al finalizar el ejercicio inmediato anterior.<\/span><br \/>\n<span style=\"font-family: 'Times New Roman';\">Las empresas del Estado se rigen por sus propios presupuestos.<\/span><\/p>\n<p><strong><span style=\"font-family: 'Times New Roman';\">TRIBUTOS<\/span><\/strong><\/p>\n<p><strong><span style=\"font-family: 'Times New Roman';\">Art\u00edculo 71.-<\/span><\/strong><span style=\"font-family: 'Times New Roman';\">\u00a0El sistema tributario y las cargas p\u00fablicas se fundamentan en los principios de la legalidad, equidad, capacidad contributiva, uniformidad, simplicidad y certeza.<\/span><\/p>\n<p><span style=\"font-family: 'Times New Roman';\">El Estado Provincial y los Municipios establecen sistemas de cooperaci\u00f3n, administraci\u00f3n y fiscalizaci\u00f3n conjunta de los grav\u00e1menes.<\/span><br \/>\n<span style=\"font-family: 'Times New Roman';\">Pueden fijarse estructuras progresivas de al\u00edcuotas, exenciones y otras disposiciones tendientes a graduar la carga fiscal para lograr el desarrollo econ\u00f3mico y social de la comunidad.<\/span><br \/>\n<span style=\"font-family: 'Times New Roman';\">Ninguna ley puede disminuir el monto de los grav\u00e1menes una vez que han vencido los t\u00e9rminos generales para su pago en beneficio de los morosos o evasores de las obligaciones tributarias.<\/span><br \/>\n<span style=\"font-family: 'Times New Roman';\">La ley determina el modo y la forma para la procedencia de la acci\u00f3n judicial donde se discuta la legalidad del pago de impuestos y tasas.<\/span><\/p>\n<p><strong><span style=\"font-family: 'Times New Roman';\">TESORO PROVINCIAL<\/span><\/strong><\/p>\n<p><strong><span style=\"font-family: 'Times New Roman';\">Art\u00edculo 72.-<\/span><\/strong><span style=\"font-family: 'Times New Roman';\">\u00a0El Tesoro Provincial se integra con recursos provenientes de:<\/span><\/p>\n<p><span style=\"font-family: 'Times New Roman';\">1. Tributos de percepci\u00f3n directa y\/ o provenientes de reg\u00edmenes de coparticipaci\u00f3n.<\/span><br \/>\n<span style=\"font-family: 'Times New Roman';\">2. Renta y producido de la venta de sus bienes y actividad econ\u00f3mica del Estado.<\/span><br \/>\n<span style=\"font-family: 'Times New Roman';\">3. Derechos, convenios, participaciones, contribuciones o c\u00e1nones, derivados de la explotaci\u00f3n de sus bienes o de recursos naturales.<\/span><br \/>\n<span style=\"font-family: 'Times New Roman';\">4. Donaciones y legados.<\/span><br \/>\n<span style=\"font-family: 'Times New Roman';\">5. Los empr\u00e9stitos y operaciones de cr\u00e9dito.<\/span><\/p>\n<p><strong><span style=\"font-family: 'Times New Roman';\">CR\u00c9DITOS P\u00daBLICOS<\/span><\/strong><br \/>\n<strong><span style=\"font-family: 'Times New Roman';\">*Art\u00edculo 73.-\u00a0<\/span><\/strong><span style=\"font-family: 'Times New Roman';\">El Estado Provincial puede contraer empr\u00e9stitos sobre el cr\u00e9dito general de la Provincia, emitir t\u00edtulos p\u00fablicos y realizar otras operaciones de cr\u00e9dito para el financiamiento de obras p\u00fablicas, promoci\u00f3n del crecimiento econ\u00f3mico y social, modernizaci\u00f3n del Estado y otras necesidades excepcionales o de extrema urgencia. La ley determina los recursos afectados para el pago de amortizaci\u00f3n e intereses de deudas autorizadas que no pueden comprometer m\u00e1s del veinte por ciento de la renta provincial, a cuyo efecto se debe tener como base de c\u00e1lculo el menor de los ingresos anuales ordinarios de los tres \u00faltimos ejercicios, considerados a valores constantes.<\/span><\/p>\n<p><strong><span style=\"font-family: 'Times New Roman';\">CONTRATACIONES<\/span><\/strong><\/p>\n<p><strong><span style=\"font-family: 'Times New Roman';\">Art\u00edculo 74.-<\/span><\/strong><span style=\"font-family: 'Times New Roman';\">\u00a0La enajenaci\u00f3n de los bienes de la Provincia o de los Municipios se hace en los t\u00e9rminos que determinen las leyes u ordenanzas.<\/span><\/p>\n<p><span style=\"font-family: 'Times New Roman';\">Toda contrataci\u00f3n del Estado Provincial o de los Municipios se efect\u00faa seg\u00fan sus leyes u ordenanzas espec\u00edficas en la materia, mediante el procedimiento de selecci\u00f3n.<\/span><\/p>\n<p><strong><span style=\"font-family: 'Times New Roman';\">SERVICIOS P\u00daBLICOS<\/span><\/strong><\/p>\n<p><strong><span style=\"font-family: 'Times New Roman';\">Art\u00edculo 75.-<\/span><\/strong><span style=\"font-family: 'Times New Roman';\">\u00a0Los servicios p\u00fablicos corresponden originariamente, seg\u00fan su naturaleza y caracter\u00edsticas a la Provincia o a los Municipios; pueden prestarse directamente, o por medio de cooperativas o sociedades de econom\u00eda mixta, y por particulares. En el control de su prestaci\u00f3n participan los usuarios seg\u00fan lo establecen las leyes u ordenanzas respectivas.<\/span><br \/>\n<strong><span style=\"font-family: 'Times New Roman';\">REMUNERACIONES<\/span><\/strong><\/p>\n<p><strong><span style=\"font-family: 'Times New Roman';\">Art\u00edculo 76.-<\/span><\/strong><span style=\"font-family: 'Times New Roman';\">\u00a0El Estado Provincial, con participaci\u00f3n previa y por gremio, fija la remuneraci\u00f3n de sus agentes, procura su homogeneidad sobre la base de que a igual tarea corresponde igual remuneraci\u00f3n.<\/span><\/p>\n<p><span style=\"font-family: 'Times New Roman';\">Las remuneraciones de los agentes p\u00fablicos de los Poderes del Estado no superan la del titular del Poder Ejecutivo.<\/span><\/p>\n<div align=\"center\">\n<strong><span style=\"font-family: 'Times New Roman';\">SEGUNDA PARTE<\/span><\/strong><br \/>\n<strong><span style=\"font-family: 'Times New Roman';\">Autoridades de la Provincia<\/span><\/strong><\/p>\n<p><strong><span style=\"font-family: 'Times New Roman';\">T\u00cdTULO PRIMERO<\/span><\/strong><\/p>\n<p><strong><span style=\"font-family: 'Times New Roman';\">Gobierno Provincial<\/span><\/strong><\/p>\n<p><strong><span style=\"font-family: 'Times New Roman';\">SECCI\u00d3N PRIMERA<\/span><\/strong><\/p>\n<p><strong><span style=\"font-family: 'Times New Roman';\">Poder Legislativo<\/span><\/strong><\/p>\n<p><strong><span style=\"font-family: 'Times New Roman';\">CAP\u00cdTULO PRIMERO<\/span><\/strong><\/p>\n<p><strong><span style=\"font-family: 'Times New Roman';\">*Legislatura Provincial<\/span><\/strong><\/p>\n<\/div>\n<p><strong><span style=\"font-family: 'Times New Roman';\">COMPOSICI\u00d3N<\/span><\/strong><\/p>\n<p><strong><span style=\"font-family: 'Times New Roman';\">*Art\u00edculo 77.-<\/span><\/strong><span style=\"font-family: 'Times New Roman';\">\u00a0El Poder Legislativo de la Provincia de C\u00f3rdoba es ejercido por una Legislatura de una sola C\u00e1mara de setenta miembros.<\/span><br \/>\n<strong><span style=\"font-family: 'Times New Roman';\">INTEGRACI\u00d3N<\/span><\/strong><\/p>\n<p><strong><span style=\"font-family: 'Times New Roman';\">*Art\u00edculo 78.-<\/span><\/strong><span style=\"font-family: 'Times New Roman';\">\u00a0La Legislatura de la Provincia de C\u00f3rdoba se integra de la siguiente forma:<\/span><\/p>\n<p><span style=\"font-family: 'Times New Roman';\">1. Por veintis\u00e9is legisladores elegidos directamente por el pueblo, a pluralidad de sufragios y a raz\u00f3n de uno por cada uno de los departamentos en que se divide la Provincia, considerando a \u00e9stos como distrito \u00fanico.<\/span><br \/>\n<span style=\"font-family: 'Times New Roman';\">2. Por cuarenta y cuatro legisladores elegidos directa y proporcionalmente por el pueblo, tomando a toda la Provincia como distrito \u00fanico.<\/span><br \/>\n<span style=\"font-family: 'Times New Roman';\">La distribuci\u00f3n de estas bancas se efect\u00faa de la siguiente manera:<\/span><br \/>\n<span style=\"font-family: 'Times New Roman';\">a) El total de los votos obtenidos por cada una de las listas se divide por uno, por dos, por tres y as\u00ed sucesivamente hasta llegar al n\u00famero total de las bancas a cubrir.<\/span><br \/>\n<span style=\"font-family: 'Times New Roman';\">b) Los cocientes resultantes, con independencia de la lista de la que provengan, se ordenan de mayor a menor hasta llegar al n\u00famero cuarenta y cuatro.<\/span><br \/>\n<span style=\"font-family: 'Times New Roman';\">c) Si hubiere dos o m\u00e1s cocientes iguales, se los ordena en relaci\u00f3n directa con el total de los votos obtenidos por las listas respectivas, y si \u00e9stas hubiesen logrado igual n\u00famero de votos, el ordenamiento definitivo de los cocientes empatados resulta de un sorteo que a tal fin debe practicar el Juzgado Electoral.<\/span><br \/>\n<span style=\"font-family: 'Times New Roman';\">d) A cada lista le corresponden tantas bancas como veces sus cocientes figuren en el ordenamiento de las cuarenta y cuatro bancas.<\/span><br \/>\n<span style=\"font-family: 'Times New Roman';\">Para esta lista de candidatos a legisladores de distrito \u00fanico se establece el voto de preferencia, conforme a la ley que reglamente su ejercicio.<\/span><\/p>\n<p><strong><span style=\"font-family: 'Times New Roman';\">*PROCLAMACI\u00d3N<\/span><\/strong><\/p>\n<p><strong><span style=\"font-family: 'Times New Roman';\">*Art\u00edculo 79.-\u00a0<\/span><\/strong><span style=\"font-family: 'Times New Roman';\">Se proclama legisladores provinciales a quienes resulten elegidos con arreglo al sistema electoral adoptado en el presente cap\u00edtulo.<\/span><\/p>\n<p><strong><span style=\"font-family: 'Times New Roman';\">*SUPLENTES \u2013 INCORPORACI\u00d3N<\/span><\/strong><\/p>\n<p><span style=\"font-family: 'Times New Roman';\">*<\/span><strong><span style=\"font-family: 'Times New Roman';\">Art\u00edculo 80.-<\/span><\/strong><span style=\"font-family: 'Times New Roman';\">\u00a0En el mismo acto eleccionario se eligen legisladores suplentes.<\/span><\/p>\n<p><span style=\"font-family: 'Times New Roman';\">En el caso de los legisladores electos conforme al art\u00edculo 78 inciso 1, producida una vacante, se cubre con su suplente.<\/span><br \/>\n<span style=\"font-family: 'Times New Roman';\">En el caso de los legisladores electos conforme al art\u00edculo 78 inciso 2, producida una vacante, se cubre de la siguiente forma:<\/span><br \/>\n<span style=\"font-family: 'Times New Roman';\">1. Por los candidatos titulares del mismo g\u00e9nero que no hayan resultado electos, en el orden establecido en la lista partidaria en primer t\u00e9rmino, y luego por los candidatos suplentes del mismo g\u00e9nero, en el orden establecido en la lista partidaria.<\/span><br \/>\n<span style=\"font-family: 'Times New Roman';\">2. Finalizados los reemplazos por candidatos del mismo g\u00e9nero, se contin\u00faa la sucesi\u00f3n por el orden de titulares y suplentes del otro g\u00e9nero.<\/span><br \/>\n<span style=\"font-family: 'Times New Roman';\">En todos los casos, si se agotara la lista de titulares y suplentes, la Legislatura comunica al Poder Ejecutivo para que en forma inmediata convoque a una nueva elecci\u00f3n seg\u00fan corresponda.<\/span><\/p>\n<p><strong><span style=\"font-family: 'Times New Roman';\">*SUPLENCIA TEMPORARIA<\/span><\/strong><\/p>\n<p><strong><span style=\"font-family: 'Times New Roman';\">*Art\u00edculo 81.-\u00a0<\/span><\/strong><span style=\"font-family: 'Times New Roman';\">En caso de impedimento personal o licencia de un legislador que exceda los treinta d\u00edas, el cargo se cubre temporariamente conforme a lo establecido en el art\u00edculo anterior.<\/span><\/p>\n<p><strong><span style=\"font-family: 'Times New Roman';\">*REQUISITOS<\/span><\/strong><\/p>\n<p><strong><span style=\"font-family: 'Times New Roman';\">*Art\u00edculo 82.-<\/span><\/strong><span style=\"font-family: 'Times New Roman';\">\u00a0Para ser legislador se requiere:<\/span><\/p>\n<p><span style=\"font-family: 'Times New Roman';\">1. Haber cumplido la edad de dieciocho a\u00f1os al momento de su incorporaci\u00f3n.<\/span><br \/>\n<span style=\"font-family: 'Times New Roman';\">2. Tener ciudadan\u00eda en ejercicio con una antig\u00fcedad m\u00ednima de cinco a\u00f1os, para los naturalizados.<\/span><br \/>\n<span style=\"font-family: 'Times New Roman';\">3. Tener residencia en la Provincia en forma inmediata y continua durante los dos a\u00f1os anteriores a su elecci\u00f3n. A tales efectos no causa interrupci\u00f3n la ausencia motivada por el ejercicio de funciones pol\u00edticas o t\u00e9cnicas al servicio del Gobierno Federal o de la Provincia.<\/span><br \/>\n<span style=\"font-family: 'Times New Roman';\">Los legisladores de los departamentos deben ser oriundos o tener una residencia no menor a tres a\u00f1os en los mismos.<\/span><\/p>\n<p><strong><span style=\"font-family: 'Times New Roman';\">*DURACI\u00d3N DEL MANDATO<\/span><\/strong><\/p>\n<p><strong><span style=\"font-family: 'Times New Roman';\">*Art\u00edculo 83.-<\/span><\/strong><span style=\"font-family: 'Times New Roman';\">\u00a0Los legisladores duran cuatro a\u00f1os en sus funciones y son reelegibles. La Legislatura se constituye por s\u00ed misma.<\/span><\/p>\n<p><span style=\"font-family: 'Times New Roman';\">Los legisladores inician y concluyen sus mandatos en la misma oportunidad que el Poder Ejecutivo.<\/span><br \/>\n<strong><span style=\"font-family: 'Times New Roman';\">*PRESIDENTE<\/span><\/strong><\/p>\n<p><strong><span style=\"font-family: 'Times New Roman';\">*Art\u00edculo 84.-\u00a0<\/span><\/strong><span style=\"font-family: 'Times New Roman';\">El Vicegobernador es el Presidente de la Legislatura, pero no tiene voto sino en caso de empate.<\/span><br \/>\n<strong><span style=\"font-family: 'Times New Roman';\">*PRESIDENTE PROVISORIO<\/span><\/strong><\/p>\n<p><strong><span style=\"font-family: 'Times New Roman';\">*Art\u00edculo 85.-<\/span><\/strong><span style=\"font-family: 'Times New Roman';\">\u00a0La Legislatura Provincial nombra de su seno un Presidente Provisorio que la preside en caso de ausencia del Vicegobernador, o cuando \u00e9ste ejerce funciones inherentes al Poder Ejecutivo. El Presidente Provisorio tiene voz y voto y en caso de empate, doble voto.<\/span><br \/>\n<strong><span style=\"font-family: 'Times New Roman';\">*INHABILIDADES<\/span><\/strong><\/p>\n<p><strong><span style=\"font-family: 'Times New Roman';\">*Art\u00edculo 86.-<\/span><\/strong><span style=\"font-family: 'Times New Roman';\">\u00a0Est\u00e1n inhabilitados para ejercer el cargo de legislador:<\/span><\/p>\n<p><span style=\"font-family: 'Times New Roman';\">1. Los condenados por delito mientras no hayan cumplido sus penas.<\/span><br \/>\n<span style=\"font-family: 'Times New Roman';\">2. Los que no re\u00fanan las condiciones para ser electores.<\/span><br \/>\n<span style=\"font-family: 'Times New Roman';\">3. Los que est\u00e9n inhabilitados para ejercer cargos p\u00fablicos.<\/span><\/p>\n<p><strong><span style=\"font-family: 'Times New Roman';\">*INCOMPATIBILIDADES<\/span><\/strong><\/p>\n<p><strong><span style=\"font-family: 'Times New Roman';\">*Art\u00edculo 87.-<\/span><\/strong><span style=\"font-family: 'Times New Roman';\">\u00a0Es incompatible el cargo de legislador con:<\/span><\/p>\n<p><span style=\"font-family: 'Times New Roman';\">1. El ejercicio de funci\u00f3n o empleo a sueldo en el Gobierno Federal, las Provincias o los Municipios, con excepci\u00f3n de la docencia en cargo de dedicaci\u00f3n simple, y las comisiones honorarias eventuales para cuyo desempe\u00f1o se requiere autorizaci\u00f3n previa de la Legislatura.<\/span><br \/>\n<span style=\"font-family: 'Times New Roman';\">2. Todo otro cargo de car\u00e1cter electivo nacional, provincial o municipal, excepto los de Convencional Constituyente o Convencional Municipal.<\/span><br \/>\n<span style=\"font-family: 'Times New Roman';\">3. El ejercicio de funciones directivas o de representaci\u00f3n de empresas adjudicatarias de concesiones, licencias o permisos por parte del Estado.<\/span><br \/>\n<span style=\"font-family: 'Times New Roman';\">4. El ejercicio de funciones en las Fuerzas Armadas o de Seguridad.<\/span><br \/>\n<span style=\"font-family: 'Times New Roman';\">Los agentes de la Administraci\u00f3n Provincial o Municipal que resulten electos legisladores titulares, quedan autom\u00e1ticamente con licencia sin goce de sueldo por el tiempo que dure su funci\u00f3n.<\/span><\/p>\n<p><strong><span style=\"font-family: 'Times New Roman';\">*PROHIBICIONES<\/span><\/strong><\/p>\n<p><strong><span style=\"font-family: 'Times New Roman';\">*Art\u00edculo 88.-<\/span><\/strong><span style=\"font-family: 'Times New Roman';\">\u00a0Ning\u00fan legislador puede patrocinar causas de contenido patrimonial en contra del Estado Nacional, de la Provincia, o de los Municipios, salvo en caso de actuar por derecho propio.<\/span><\/p>\n<p><strong><span style=\"font-family: 'Times New Roman';\">*INMUNIDAD DE OPINI\u00d3N<\/span><\/strong><\/p>\n<p><strong><span style=\"font-family: 'Times New Roman';\">*Art\u00edculo 89.-<\/span><\/strong><span style=\"font-family: 'Times New Roman';\">\u00a0Ning\u00fan miembro del Poder Legislativo puede ser acusado; interrogado judicialmente, ni molestado por las expresiones en los medios de comunicaci\u00f3n o en cualquier otro \u00e1mbito, que en el desempe\u00f1o de su mandato como legislador, emita en el recinto o fuera de \u00e9l.<\/span><\/p>\n<p><span style=\"font-family: 'Times New Roman';\">Fenecido su mandato ning\u00fan legislador puede ser acusado o interrogado judicialmente, ni molestado por las opiniones que hubiere expresado en el ejercicio de sus funciones.<\/span><br \/>\n<span style=\"font-family: 'Times New Roman';\">El Tribunal ante el cual se formule la acci\u00f3n judicial contra un legislador relacionada con lo antes mencionado deber\u00e1 declararla inadmisible, aunque se presente con posterioridad a la finalizaci\u00f3n de su mandato.<\/span><\/p>\n<p><strong><span style=\"font-family: 'Times New Roman';\">*PRERROGATIVAS DE CANDIDATOS<\/span><\/strong><\/p>\n<p><strong><span style=\"font-family: 'Times New Roman';\">*Art\u00edculo 90.-\u00a0<\/span><\/strong><span style=\"font-family: 'Times New Roman';\">Los candidatos, una vez oficializadas las listas respectivas y hasta ser proclamados los electos, tienen las siguientes prerrogativas:<\/span><\/p>\n<p><span style=\"font-family: 'Times New Roman';\">1. A no ser molestados por las autoridades ni detenidos por opiniones vertidas con motivo de la campa\u00f1a electoral.<\/span><br \/>\n<span style=\"font-family: 'Times New Roman';\">2. A solicitar y recibir informaci\u00f3n por parte del Poder Ejecutivo.<\/span><\/p>\n<p><strong><span style=\"font-family: 'Times New Roman';\">*REMUNERACI\u00d3N<\/span><\/strong><\/p>\n<p><strong><span style=\"font-family: 'Times New Roman';\">*Art\u00edculo 91.-<\/span><\/strong><span style=\"font-family: 'Times New Roman';\">\u00a0Los legisladores perciben por su tarea la dieta que establece la ley. La misma se hace efectiva de acuerdo con sus asistencias a las sesiones y a las comisiones de la Legislatura. En ning\u00fan caso corresponden vi\u00e1ticos, gastos de representaci\u00f3n o adicionales por dedicaci\u00f3n exclusiva o similares.<\/span><br \/>\n<strong><span style=\"font-family: 'Times New Roman';\">*JUEZ DE ELECCIONES<\/span><\/strong><\/p>\n<p><strong><span style=\"font-family: 'Times New Roman';\">*Art\u00edculo 92.-<\/span><\/strong><span style=\"font-family: 'Times New Roman';\">\u00a0La Legislatura es juez exclusivo de la validez de la elecci\u00f3n, de los derechos y t\u00edtulos de sus miembros.<\/span><\/p>\n<p><span style=\"font-family: 'Times New Roman';\">Cuando proceda como juez o como cuerpo elector, no puede reconsiderar sus resoluciones.<\/span><\/p>\n<p><strong><span style=\"font-family: 'Times New Roman';\">*JURAMENTO<\/span><\/strong><\/p>\n<p><strong><span style=\"font-family: 'Times New Roman';\">*Art\u00edculo 93.-\u00a0<\/span><\/strong><span style=\"font-family: 'Times New Roman';\">En el acto de su incorporaci\u00f3n, los legisladores prestan juramento de desempe\u00f1ar debidamente el cargo y de obrar en todo de conformidad con lo que prescribe esta Constituci\u00f3n y la de la Naci\u00f3n.<\/span><\/p>\n<p><strong><span style=\"font-family: 'Times New Roman';\">*QU\u00d3RUM<\/span><\/strong><\/p>\n<p><strong><span style=\"font-family: 'Times New Roman';\">*Art\u00edculo 94.-<\/span><\/strong><span style=\"font-family: 'Times New Roman';\">\u00a0La Legislatura entra en sesi\u00f3n con m\u00e1s de la mitad de sus miembros, pero un n\u00famero menor puede compeler a los ausentes para que concurran a las sesiones en los t\u00e9rminos y bajo las sanciones que el cuerpo establezca.<\/span><br \/>\n<strong><span style=\"font-family: 'Times New Roman';\">*PUBLICIDAD<\/span><\/strong><\/p>\n<p><strong><span style=\"font-family: 'Times New Roman';\">*Art\u00edculo 95.-<\/span><\/strong><span style=\"font-family: 'Times New Roman';\">\u00a0Las sesiones son p\u00fablicas, a menos que un grave inter\u00e9s declarado por la Legislatura exija lo contrario.<\/span><br \/>\n<strong><span style=\"font-family: 'Times New Roman';\">*SESIONES ORDINARIAS<\/span><\/strong><\/p>\n<p><strong><span style=\"font-family: 'Times New Roman';\">*Art\u00edculo 96.-\u00a0<\/span><\/strong><span style=\"font-family: 'Times New Roman';\">La Legislatura se re\u00fane por propia convocatoria en sesiones ordinarias todos los a\u00f1os, desde el primero de febrero hasta el treinta de diciembre. Las sesiones ordinarias pueden ser prorrogadas por el Poder Ejecutivo o por disposici\u00f3n de la misma Legislatura. Durante el receso quedan suspendidos los plazos que a ella le fija la presente secci\u00f3n.<\/span><br \/>\n<strong><span style=\"font-family: 'Times New Roman';\">*SESIONES EXTRAORDINARIAS<\/span><\/strong><\/p>\n<p><strong><span style=\"font-family: 'Times New Roman';\">*Art\u00edculo 97.-<\/span><\/strong><span style=\"font-family: 'Times New Roman';\">\u00a0La Legislatura puede ser convocada a sesiones extraordinarias por el Poder Ejecutivo, o por su Presidente, a solicitud escrita de una cuarta parte de sus miembros. En este caso, s\u00f3lo puede ocuparse del objeto u objetos para los que haya sido convocada.<\/span><\/p>\n<p><strong><span style=\"font-family: 'Times New Roman';\">*APERTURA Y CIERRE DE SESIONES<\/span><\/strong><\/p>\n<p><strong><span style=\"font-family: 'Times New Roman';\">*Art\u00edculo 98.-<\/span><\/strong><span style=\"font-family: 'Times New Roman';\">\u00a0La Legislatura abre sus sesiones ordinarias e invita al Poder Ejecutivo para que concurra a dar cuenta del estado de la administraci\u00f3n.<\/span><\/p>\n<p><span style=\"font-family: 'Times New Roman';\">La Legislatura invita al Poder Ejecutivo al cierre de sesiones, \u00fanicamente para mayor solemnidad del acto.<\/span><\/p>\n<p><strong><span style=\"font-family: 'Times New Roman';\">*FACULTADES DISCIPLINARIAS<\/span><\/strong><\/p>\n<p><strong><span style=\"font-family: 'Times New Roman';\">*Art\u00edculo 99.-<\/span><\/strong><span style=\"font-family: 'Times New Roman';\">\u00a0La Legislatura<\/span><strong><span style=\"font-family: 'Times New Roman';\">\u00a0<\/span><\/strong><span style=\"font-family: 'Times New Roman';\">dicta su reglamento y puede, con el voto de los dos tercios de la totalidad de sus miembros, corregir, excluir de su seno a cualquiera de ellos por desorden de conducta en el ejercicio de sus funciones o por indignidad, y removerlo por inhabilidad f\u00edsica o ps\u00edquica sobreviniente a su incorporaci\u00f3n. Para decidir sobre la renuncia que voluntariamente hicieren de sus cargos basta el voto de la mayor\u00eda de los miembros presentes. En todos los casos debe asegurarse el derecho de defensa y debido proceso.<\/span><br \/>\n<strong><span style=\"font-family: 'Times New Roman';\">*SANCIONES<\/span><\/strong><\/p>\n<p><strong><span style=\"font-family: 'Times New Roman';\">*Art\u00edculo 100.-<\/span><\/strong><span style=\"font-family: 'Times New Roman';\">\u00a0La Legislatura tiene facultades para sancionar las faltas cometidas dentro y fuera del recinto, que atenten contra el orden de las sesiones. Puede imponer arrestos o servicios comunitarios a terceros por un lapso de tiempo que no pase de treinta d\u00edas, sin perjuicio de ponerlos, si correspondiera, a disposici\u00f3n del juez competente. En todos los casos debe asegurarse el derecho de defensa y debido proceso.<\/span><br \/>\n<strong><span style=\"font-family: 'Times New Roman';\">*PRESENCIA DE LOS MINISTROS<\/span><\/strong><\/p>\n<p><strong><span style=\"font-family: 'Times New Roman';\">*Art\u00edculo 101.-\u00a0<\/span><\/strong><span style=\"font-family: 'Times New Roman';\">La Legislatura puede hacer comparecer a los Ministros del Poder Ejecutivo al recinto o a sus comisiones, para pedirles los informes o explicaciones que estimen convenientes, previa comunicaci\u00f3n de los puntos a informar o explicar. Los Ministros est\u00e1n obligados a concurrir. En todos los casos, la citaci\u00f3n debe hacerse en un plazo no inferior a cinco d\u00edas, excepto que se tratase de un asunto de extrema gravedad o urgencia y as\u00ed lo disponga la Legislatura por mayor\u00eda absoluta de sus miembros.<\/span><\/p>\n<p><span style=\"font-family: 'Times New Roman';\">El titular del Poder Ejecutivo puede concurrir, cuando lo estime conveniente, en reemplazo del o de los Ministros convocados.<\/span><\/p>\n<p><strong><span style=\"font-family: 'Times New Roman';\">*INFORMES<\/span><\/strong><\/p>\n<p><strong><span style=\"font-family: 'Times New Roman';\">*Art\u00edculo 102.-\u00a0<\/span><\/strong><span style=\"font-family: 'Times New Roman';\">La Legislatura o los legisladores individualmente pueden pedir al Poder Ejecutivo informes por cuestiones de inter\u00e9s p\u00fablico, para el mejor desempe\u00f1o de su mandato.<\/span><\/p>\n<p><span style=\"font-family: 'Times New Roman';\">Los informes as\u00ed solicitados deben evacuarse dentro del t\u00e9rmino fijado por la Legislatura.<\/span><\/p>\n<p><strong><span style=\"font-family: 'Times New Roman';\">*COMISIONES DE INVESTIGACI\u00d3N<\/span><\/strong><\/p>\n<p><strong><span style=\"font-family: 'Times New Roman';\">*Art\u00edculo 103.-\u00a0<\/span><\/strong><span style=\"font-family: 'Times New Roman';\">La Legislatura puede nombrar de su seno comisiones de investigaci\u00f3n al solo efecto del cumplimiento de sus fines, las que deben respetar los derechos y garant\u00edas personales y la competencia del Poder Judicial.<\/span><\/p>\n<p><span style=\"font-family: 'Times New Roman';\">En todos los casos las comisiones deben expedirse ante la Legislatura, en cuanto al resultado de lo investigado.<\/span><\/p>\n<div align=\"center\">\n<strong><span style=\"font-family: 'Times New Roman';\">CAP\u00cdTULO SEGUNDO<\/span><\/strong><\/p>\n<p><strong><span style=\"font-family: 'Times New Roman';\">Atribuciones<\/span><\/strong><\/p>\n<p><strong><span style=\"font-family: 'Times New Roman';\">*Atribuciones de la Legislatura<\/span><\/strong><\/p>\n<\/div>\n<p><strong><span style=\"font-family: 'Times New Roman';\">*Art\u00edculo 104.-\u00a0<\/span><\/strong><span style=\"font-family: 'Times New Roman';\">Corresponde a la Legislatura Provincial:<\/span><\/p>\n<p><span style=\"font-family: 'Times New Roman';\">1. Dictar todas las leyes que sean necesarias para hacer efectivos los derechos, deberes y garant\u00edas consagrados por esta Constituci\u00f3n sin alterar su esp\u00edritu.<\/span><br \/>\n<span style=\"font-family: 'Times New Roman';\">2. Aprobar o desechar los tratados o convenios a que se refiere el art\u00edculo 144 inciso 4\u00ba.<\/span><br \/>\n<span style=\"font-family: 'Times New Roman';\">3. Admitir o rechazar las renuncias que presenten el Gobernador o el Vicegobernador.<\/span><br \/>\n<span style=\"font-family: 'Times New Roman';\">4. Resolver sobre las licencias del Gobernador y del Vicegobernador para salir fuera de la Provincia, cuando sus ausencias abarquen un per\u00edodo continuo mayor de quince d\u00edas.<\/span><br \/>\n<span style=\"font-family: 'Times New Roman';\">5. Instruir a los Senadores Nacionales para su gesti\u00f3n con el voto de los dos tercios de los miembros, cuando se trate de asuntos en que resulten involucrados los intereses de la Provincia.<\/span><br \/>\n<span style=\"font-family: 'Times New Roman';\">6. Convocar a elecciones provinciales si el Poder Ejecutivo no lo hace en el t\u00e9rmino y con la anticipaci\u00f3n determinada por la Constituci\u00f3n o la ley.<\/span><br \/>\n<span style=\"font-family: 'Times New Roman';\">7. Establecer los l\u00edmites de las regiones de la Provincia que modifiquen el actual sistema de Departamentos, con dos tercios de votos de sus miembros.<\/span><br \/>\n<span style=\"font-family: 'Times New Roman';\">8. Autorizar con dos tercios de votos de los miembros presentes el abandono de jurisdicci\u00f3n de parte del territorio provincial, con objeto de utilidad p\u00fablica; y autorizar con la misma mayor\u00eda agravada de sus miembros la cesi\u00f3n de propiedad de parte del territorio de la Provincia con el mismo objeto. Cuando la cesi\u00f3n importe desmembramiento del territorio, la ley que as\u00ed lo disponga debe ser sometida a refer\u00e9ndum de la ciudadan\u00eda.<\/span><br \/>\n<span style=\"font-family: 'Times New Roman';\">9. Dictar planes generales sobre cualquier objeto de inter\u00e9s regional, y dejar a las respectivas Municipalidades o a entes regionales su aplicaci\u00f3n.<\/span><br \/>\n<span style=\"font-family: 'Times New Roman';\">10. Dictar la ley org\u00e1nica municipal conforme a lo que establece esta Constituci\u00f3n. En caso de fusi\u00f3n llamar a refer\u00e9ndum a los electores de los Municipios involucrados.<\/span><br \/>\n<span style=\"font-family: 'Times New Roman';\">11. Dictar leyes especiales que deleguen competencias de la Provincia a los Municipios.<\/span><br \/>\n<span style=\"font-family: 'Times New Roman';\">12. Disponer, con los dos tercios de la totalidad de los miembros que componen la Legislatura, la intervenci\u00f3n a las Municipalidades de acuerdo con esta Constituci\u00f3n.<\/span><br \/>\n<span style=\"font-family: 'Times New Roman';\">13. Dictar la ley Org\u00e1nica de Educaci\u00f3n de conformidad con los principios dispuestos en esta Constituci\u00f3n.<\/span><br \/>\n<span style=\"font-family: 'Times New Roman';\">14. Legislar sobre el desarrollo industrial y tecnol\u00f3gico, inmigraci\u00f3n y promoci\u00f3n econ\u00f3mica y social.<\/span><br \/>\n<span style=\"font-family: 'Times New Roman';\">15. Establecer reg\u00edmenes de est\u00edmulo a la radicaci\u00f3n de nuevas actividades productivas.<\/span><br \/>\n<span style=\"font-family: 'Times New Roman';\">16. Dictar la ley org\u00e1nica del Registro del Estado Civil y Capacidad de las Personas.<\/span><br \/>\n<span style=\"font-family: 'Times New Roman';\">17. Legislar sobre el uso y enajenaci\u00f3n de las tierras de propiedad del Estado Provincial y dictar leyes de colonizaci\u00f3n que aseguren una m\u00e1s productiva y racional explotaci\u00f3n de los recursos agropecuarios.<\/span><br \/>\n<span style=\"font-family: 'Times New Roman';\">18. Dictar la ley de expropiaciones y declarar la utilidad p\u00fablica a tales efectos.<\/span><br \/>\n<span style=\"font-family: 'Times New Roman';\">19. Dictar una ley general de jubilaciones, retiros y pensiones, en base a un descuento obligatorio sobre los haberes para todos los cargos. En ning\u00fan caso puede acordar jubilaciones, pensiones o d\u00e1divas por leyes especiales que importen un privilegio que difiera del r\u00e9gimen general.<\/span><br \/>\n<span style=\"font-family: 'Times New Roman';\">20. Dictar la ley org\u00e1nica de la Polic\u00eda de la Provincia y del Servicio Penitenciario Provincial.<\/span><br \/>\n<span style=\"font-family: 'Times New Roman';\">21. Dictar normas generales sobre la preservaci\u00f3n del recurso suelo urbano, referidas al ordenamiento territorial, y protectoras del medio ambiente y del equilibrio ecol\u00f3gico.<\/span><br \/>\n<span style=\"font-family: 'Times New Roman';\">22. Dictar la legislaci\u00f3n electoral y de partidos pol\u00edticos que contemplen elecciones internas abiertas, simult\u00e1neas y obligatorias para la selecci\u00f3n de candidatos de todos los partidos pol\u00edticos.<\/span><br \/>\n<span style=\"font-family: 'Times New Roman';\">23. Dictar las leyes que establecen los procedimientos de Juicio Pol\u00edtico y del Jurado de Enjuiciamiento.<\/span><br \/>\n<span style=\"font-family: 'Times New Roman';\">24. Dictar los c\u00f3digos y leyes procesales.<\/span><br \/>\n<span style=\"font-family: 'Times New Roman';\">25. Crear y suprimir empleos y legislar sobre todas las reparticiones, agencias, oficinas y establecimientos p\u00fablicos, con determinaci\u00f3n de las atribuciones y responsabilidades de cada funcionario. Esta legislaci\u00f3n debe tener en cuenta la pol\u00edtica de reforma administrativa propuesta por esta Constituci\u00f3n.<\/span><br \/>\n<span style=\"font-family: 'Times New Roman';\">26. Dictar el estatuto, el r\u00e9gimen de remuneraciones y reglar el escalaf\u00f3n del personal de los Poderes y \u00f3rganos del Estado Provincial.<\/span><br \/>\n<span style=\"font-family: 'Times New Roman';\">27. Legislar sobre la descentralizaci\u00f3n de servicios de la Administraci\u00f3n y la creaci\u00f3n de empresas p\u00fablicas, sociedades del Estado, bancos y otras instituciones de cr\u00e9dito y ahorro.<\/span><br \/>\n<span style=\"font-family: 'Times New Roman';\">28. Dictar la ley de obras p\u00fablicas exigidas por el inter\u00e9s de la Provincia.<\/span><br \/>\n<span style=\"font-family: 'Times New Roman';\">29. Considerar el presupuesto general de gastos y c\u00e1lculo de recursos que remite el Poder Ejecutivo antes del quince de noviembre para el per\u00edodo siguiente o por uno mayor, siempre que no exceda el t\u00e9rmino del mandato del Gobernador en ejercicio.<\/span><br \/>\n<span style=\"font-family: 'Times New Roman';\">Dictar su propio presupuesto, el que se integra al presupuesto general, y fijar las normas respecto de su personal.<\/span><br \/>\n<span style=\"font-family: 'Times New Roman';\">Determinar el n\u00famero y el sueldo de los agentes de las reparticiones p\u00fablicas, a propuesta del Poder Ejecutivo.<\/span><br \/>\n<span style=\"font-family: 'Times New Roman';\">La ejecuci\u00f3n de leyes sancionadas por la Legislatura y que importen gastos se realiza a partir del momento en que existan fondos disponibles en el presupuesto, o se creen los recursos necesarios para satisfacerlos.<\/span><br \/>\n<span style=\"font-family: 'Times New Roman';\">30. Sancionar el presupuesto anual sobre la base del que se encuentre vigente, si el Poder Ejecutivo no presenta el proyecto antes del t\u00e9rmino que fija esta Constituci\u00f3n.<\/span><br \/>\n<span style=\"font-family: 'Times New Roman';\">31. Aprobar o desechar las cuentas de inversi\u00f3n del a\u00f1o fenecido, dentro del per\u00edodo ordinario en que se remitan. Si no son observadas en ese per\u00edodo, quedan aprobadas.<\/span><br \/>\n<span style=\"font-family: 'Times New Roman';\">32. Establecer tributos para la formaci\u00f3n del tesoro provincial.<\/span><br \/>\n<span style=\"font-family: 'Times New Roman';\">33. Autorizar al Poder Ejecutivo, con el voto de dos tercios de los miembros presentes, a contraer empr\u00e9stitos.<\/span><br \/>\n<span style=\"font-family: 'Times New Roman';\">34. Dictar la ley org\u00e1nica del uso del cr\u00e9dito p\u00fablico y arreglar el pago de las deudas del Estado Provincial.<\/span><br \/>\n<span style=\"font-family: 'Times New Roman';\">35. Sancionar leyes de coparticipaci\u00f3n tributaria para las Municipalidades y aprobar subsidios para \u00e9stas.<\/span><br \/>\n<span style=\"font-family: 'Times New Roman';\">36. Reglamentar la organizaci\u00f3n y funcionamiento del cargo de Defensor del Pueblo y designar a dicho funcionario con el voto de los dos tercios de sus miembros.<\/span><br \/>\n<span style=\"font-family: 'Times New Roman';\">37. Conceder amnist\u00edas generales.<\/span><br \/>\n<span style=\"font-family: 'Times New Roman';\">38. Otorgar honores y recompensas de est\u00edmulo por servicios de gran importancia prestados a la Provincia, los que no pueden disponerse a favor de los funcionarios durante el desempe\u00f1o de sus cargos.<\/span><br \/>\n<span style=\"font-family: 'Times New Roman';\">39. Reglamentar el poder de polic\u00eda en materia de autorizaci\u00f3n y represi\u00f3n de juegos de azar, cuyo ejercicio compete en forma exclusiva a la Provincia, a trav\u00e9s de los organismos que ella determine.<\/span><br \/>\n<span style=\"font-family: 'Times New Roman';\">40. Promover el bienestar com\u00fan, mediante leyes sobre todo asunto de inter\u00e9s general que no corresponda privativamente al Gobierno Federal.<\/span><br \/>\n<span style=\"font-family: 'Times New Roman';\">41. Dictar todas las leyes y reglamentos que sean convenientes para poner en ejercicio los poderes antecedentes y todos los otros concedidos por la presente Constituci\u00f3n al Gobierno de la Provincia.<\/span><br \/>\n<span style=\"font-family: 'Times New Roman';\">42. Dar acuerdo en sesi\u00f3n p\u00fablica para el nombramiento de Magistrados y Funcionarios a que se refiere esta Constituci\u00f3n.<\/span><br \/>\n<span style=\"font-family: 'Times New Roman';\">43. Declarar la necesidad de la reforma de esta Constituci\u00f3n de conformidad a lo establecido en los art\u00edculos 196 y 197.<\/span><\/p>\n<div align=\"center\">\n<strong><span style=\"font-family: 'Times New Roman';\">CAP\u00cdTULO TERCERO<\/span><\/strong><br \/>\n<strong><span style=\"font-family: 'Times New Roman';\">*Formaci\u00f3n y sanci\u00f3n de las leyes<\/span><\/strong><\/p>\n<\/div>\n<p><strong><span style=\"font-family: 'Times New Roman';\">*INICIATIVA<\/span><\/strong><\/p>\n<p><strong><span style=\"font-family: 'Times New Roman';\">*Art\u00edculo 105.-\u00a0<\/span><\/strong><span style=\"font-family: 'Times New Roman';\">Las leyes tienen origen en la Legislatura por proyectos presentados por uno o m\u00e1s de sus miembros, por el Poder Ejecutivo, o por iniciativa popular en los casos que determine esta Constituci\u00f3n o la ley.<\/span><br \/>\n<strong><span style=\"font-family: 'Times New Roman';\">*DOBLE LECTURA<\/span><\/strong><\/p>\n<p><strong><span style=\"font-family: 'Times New Roman';\">*Art\u00edculo 106.-\u00a0<\/span><\/strong><span style=\"font-family: 'Times New Roman';\">La declaraci\u00f3n de reforma de esta Constituci\u00f3n, la ley de presupuesto, el c\u00f3digo tributario, las leyes impositivas, y las que versen sobre empr\u00e9stitos, se aprueban en doble lectura en la forma que lo establezca el Reglamento.<\/span><\/p>\n<p><span style=\"font-family: 'Times New Roman';\">El intervalo de tiempo existente entre la primera lectura y la segunda no puede ser superior a quince d\u00edas corridos. Entre la primera y segunda lectura puede existir una audiencia p\u00fablica cuya reglamentaci\u00f3n se har\u00e1 por ley.<\/span><br \/>\n<span style=\"font-family: 'Times New Roman';\">La Legislatura con la mayor\u00eda absoluta de sus miembros puede decidir qu\u00e9 otras leyes quedan sujetas por su naturaleza e importancia al r\u00e9gimen de doble lectura.<\/span><\/p>\n<p><strong><span style=\"font-family: 'Times New Roman';\">*RECHAZO<\/span><\/strong><\/p>\n<p><strong><span style=\"font-family: 'Times New Roman';\">*Art\u00edculo 107.-<\/span><\/strong><span style=\"font-family: 'Times New Roman';\">\u00a0Ning\u00fan proyecto de ley desechado totalmente por la Legislatura puede repetirse en las sesiones del mismo a\u00f1o.<\/span><br \/>\n<strong><span style=\"font-family: 'Times New Roman';\">*F\u00d3RMULA<\/span><\/strong><\/p>\n<p><strong><span style=\"font-family: 'Times New Roman';\">*Art\u00edculo 108.-\u00a0<\/span><\/strong><span style=\"font-family: 'Times New Roman';\">En la sanci\u00f3n de las leyes se usa esta f\u00f3rmula:<\/span><\/p>\n<p><span style=\"font-family: 'Times New Roman';\">\u201cLa Legislatura de la Provincia de C\u00f3rdoba sanciona con fuerza de Ley\u201d<\/span><\/p>\n<p><strong><span style=\"font-family: 'Times New Roman';\">*PROMULGACI\u00d3N Y VETO<\/span><\/strong><\/p>\n<p><strong><span style=\"font-family: 'Times New Roman';\">*Art\u00edculo 109.-<\/span><\/strong><span style=\"font-family: 'Times New Roman';\">\u00a0Sancionado un proyecto de ley, pasa al Poder Ejecutivo para su examen, promulgaci\u00f3n y publicaci\u00f3n. Todo proyecto sancionado y no vetado dentro de los diez d\u00edas h\u00e1biles de recibida la comunicaci\u00f3n por el Poder Ejecutivo, queda convertido en ley.<\/span><\/p>\n<p><span style=\"font-family: 'Times New Roman';\">Vetado totalmente un proyecto vuelve a la Legislatura. Si \u00e9sta estuviera conforme, el proyecto queda desechado y no puede repetirse en las sesiones de ese a\u00f1o. Si la Legislatura no admitiera el veto podr\u00e1 insistir en su sanci\u00f3n con el voto de los dos tercios de los miembros presentes, con lo que el proyecto se convierte en ley y pasa al Poder Ejecutivo para su promulgaci\u00f3n.<\/span><br \/>\n<span style=\"font-family: 'Times New Roman';\">Vetado parcialmente un proyecto vuelve a la Legislatura. Si \u00e9sta estuviera conforme, el proyecto queda convertido en ley con las modificaciones que motivaron el veto. Rechazadas las modificaciones, la Legislatura puede insistir en su sanci\u00f3n con mayor\u00eda de los dos tercios de votos de los miembros presentes, con lo que el proyecto se convierte en ley y pasa al Poder Ejecutivo para su promulgaci\u00f3n.<\/span><br \/>\n<span style=\"font-family: 'Times New Roman';\">Vetada en parte una ley por el Poder Ejecutivo, \u00e9ste s\u00f3lo puede promulgar la parte no vetada si ella tuviere autonom\u00eda normativa y no afectare la unidad del proyecto, previa decisi\u00f3n favorable de la Legislatura.<\/span><\/p>\n<p><strong><span style=\"font-family: 'Times New Roman';\">*PLAZO<\/span><\/strong><\/p>\n<p><strong><span style=\"font-family: 'Times New Roman';\">*Art\u00edculo 110.-\u00a0<\/span><\/strong><span style=\"font-family: 'Times New Roman';\">Vetada una ley por el Poder Ejecutivo, la Legislatura debe tratarla dentro de los treinta d\u00edas durante las sesiones ordinarias. Transcurrido dicho plazo sin que la Legislatura trate el proyecto, \u00e9ste queda desechado.<\/span><\/p>\n<p><span style=\"font-family: 'Times New Roman';\">Si estuviera en receso, el t\u00e9rmino para pronunciarse sobre la ley es de treinta d\u00edas contados desde la apertura del siguiente per\u00edodo ordinario de sesiones o del comienzo de las extraordinarias.<\/span><br \/>\n<span style=\"font-family: 'Times New Roman';\">El receso de la Legislatura suspende el t\u00e9rmino que estuviese corriendo, para ser completado durante las sesiones ordinarias o extraordinarias.<\/span><\/p>\n<p><strong><span style=\"font-family: 'Times New Roman';\">*VIGENCIA \u2013 IRRETROACTIVIDAD<\/span><\/strong><\/p>\n<p><strong><span style=\"font-family: 'Times New Roman';\">*Art\u00edculo 111.-\u00a0<\/span><\/strong><span style=\"font-family: 'Times New Roman';\">Las leyes tienen vigencia a partir del d\u00eda de su publicaci\u00f3n, a menos que las mismas determinen otra fecha.<\/span><\/p>\n<p><span style=\"font-family: 'Times New Roman';\">No tienen efecto retroactivo salvo disposici\u00f3n en contrario.<\/span><br \/>\n<span style=\"font-family: 'Times New Roman';\">La retroactividad establecida por ley no puede afectar derechos amparados por garant\u00edas constitucionales.<\/span><\/p>\n<div align=\"center\">\n<strong><span style=\"font-family: 'Times New Roman';\">*CAP\u00cdTULO CUARTO<\/span><\/strong><br \/>\n<strong><span style=\"font-family: 'Times New Roman';\">*Juicio Pol\u00edtico<\/span><\/strong><\/p>\n<\/div>\n<p><strong><span style=\"font-family: 'Times New Roman';\">*FUNCIONARIOS \u2013 CAUSALES<\/span><\/strong><\/p>\n<p><strong><span style=\"font-family: 'Times New Roman';\">*Art\u00edculo 112.-\u00a0<\/span><\/strong><span style=\"font-family: 'Times New Roman';\">El Gobernador, el Vicegobernador, los miembros del Tribunal Superior de Justicia y del Tribunal de Cuentas, los Ministros del Poder Ejecutivo, el Fiscal de Estado, el Fiscal General y el Defensor del Pueblo pueden ser sometidos a juicio pol\u00edtico por las causales de mal desempe\u00f1o, delito en el ejercicio de sus funciones, delitos dolosos comunes, incapacidad f\u00edsica o s\u00edquica sobreviniente, o indignidad.<\/span><br \/>\n<strong><span style=\"font-family: 'Times New Roman';\">*DENUNCIA<\/span><\/strong><\/p>\n<p><strong><span style=\"font-family: 'Times New Roman';\">*Art\u00edculo 113.-<\/span><\/strong><span style=\"font-family: 'Times New Roman';\">\u00a0Cualquier ciudadano puede denunciar, ante la sala acusadora, a los efectos que se promueva juicio a los funcionarios mencionados por las causales a las que se refiere el art\u00edculo precedente.<\/span><br \/>\n<strong><span style=\"font-family: 'Times New Roman';\">*COMPOSICI\u00d3N<\/span><\/strong><\/p>\n<p><strong><span style=\"font-family: 'Times New Roman';\">*Art\u00edculo 114.-<\/span><\/strong><span style=\"font-family: 'Times New Roman';\">\u00a0La Legislatura, a los fines del juicio pol\u00edtico, en su primera sesi\u00f3n ordinaria, se divide en dos salas que se integran en forma proporcional a la representaci\u00f3n pol\u00edtica de sus miembros en aqu\u00e9lla.<\/span><\/p>\n<p><span style=\"font-family: 'Times New Roman';\">La primera tiene a su cargo la acusaci\u00f3n y la segunda el juzgamiento. La sala acusadora es presidida por un legislador elegido de su seno y la juzgadora por el Vicegobernador; si \u00e9ste fuera el enjuiciado o estuviera impedido, por el Presidente Provisorio de la Legislatura.<\/span><\/p>\n<p><strong><span style=\"font-family: 'Times New Roman';\">*SALA ACUSADORA Y COMISI\u00d3N INVESTIGADORA<\/span><\/strong><\/p>\n<p><strong><span style=\"font-family: 'Times New Roman';\">*Art\u00edculo 115.-<\/span><\/strong><span style=\"font-family: 'Times New Roman';\">\u00a0La sala acusadora nombra en la misma sesi\u00f3n una comisi\u00f3n investigadora cuyo objeto es investigar la verdad de los hechos en que se funda la acusaci\u00f3n y tiene a ese efecto las m\u00e1s amplias facultades.<\/span><br \/>\n<strong><span style=\"font-family: 'Times New Roman';\">*PROCEDIMIENTO DE ACUSACI\u00d3N<\/span><\/strong><\/p>\n<p><strong><span style=\"font-family: 'Times New Roman';\">*Art\u00edculo 116.-<\/span><\/strong><span style=\"font-family: 'Times New Roman';\">\u00a0La comisi\u00f3n culmina sus diligencias en el t\u00e9rmino de veinte d\u00edas y presenta dictamen a la sala acusadora, la que s\u00f3lo puede admitirlo por el voto de las dos terceras partes de sus miembros presentes.<\/span><br \/>\n<strong><span style=\"font-family: 'Times New Roman';\">*SUSPENSI\u00d3N<\/span><\/strong><\/p>\n<p><strong><span style=\"font-family: 'Times New Roman';\">*Art\u00edculo 117.-<\/span><\/strong><span style=\"font-family: 'Times New Roman';\">\u00a0La sala acusadora notifica al interesado sobre la existencia de la acusaci\u00f3n, puede suspenderlo preventivamente en sus funciones sin goce de retribuci\u00f3n y comunica lo actuado a la sala juzgadora, remitiendo todos los antecedentes que obren en su poder.<\/span><\/p>\n<p><strong><span style=\"font-family: 'Times New Roman';\">*COMISI\u00d3N ACUSADORA Y TRIBUNAL DE SENTENCIA<\/span><\/strong><\/p>\n<p><strong><span style=\"font-family: 'Times New Roman';\">*Art\u00edculo 118.-<\/span><\/strong><span style=\"font-family: 'Times New Roman';\">\u00a0Admitida la acusaci\u00f3n por la sala acusadora, \u00e9sta nombra una comisi\u00f3n de tres integrantes para que la sostenga ante la sala juzgadora que se constituye en tribunal de sentencia, previo juramento de sus miembros.<\/span><br \/>\n<strong><span style=\"font-family: 'Times New Roman';\">*PROCEDIMIENTO DE JUZGAMIENTO<\/span><\/strong><\/p>\n<p><strong><span style=\"font-family: 'Times New Roman';\">*Art\u00edculo 119.-<\/span><\/strong><span style=\"font-family: 'Times New Roman';\">\u00a0Entablada la acusaci\u00f3n por la sala acusadora, el tribunal de sentencia procede a conocer la causa y debe fallar antes de los treinta d\u00edas. Si vencido ese t\u00e9rmino no hubiese fallado, el acusado vuelve al ejercicio de sus funciones.<\/span><br \/>\n<strong><span style=\"font-family: 'Times New Roman';\">*GARANT\u00cdA DE DEFENSA<\/span><\/strong><\/p>\n<p><strong><span style=\"font-family: 'Times New Roman';\">*Art\u00edculo 120.-\u00a0<\/span><\/strong><span style=\"font-family: 'Times New Roman';\">La ley establece el procedimiento, garantizando la defensa y el descargo del acusado, quien goza de todas las garant\u00edas y derechos reconocidos por esta Constituci\u00f3n y la Constituci\u00f3n Nacional.<\/span><br \/>\n<strong><span style=\"font-family: 'Times New Roman';\">*VOTACI\u00d3N<\/span><\/strong><\/p>\n<p><strong><span style=\"font-family: 'Times New Roman';\">*Art\u00edculo 121.-<\/span><\/strong><span style=\"font-family: 'Times New Roman';\">\u00a0Ning\u00fan acusado puede ser declarado culpable sino por el voto de los dos tercios de la totalidad de los miembros del tribunal de sentencia. La votaci\u00f3n es nominal.<\/span><br \/>\n<strong><span style=\"font-family: 'Times New Roman';\">*FALLO &#8211; IRRECURRIBILIDAD<\/span><\/strong><\/p>\n<p><strong><span style=\"font-family: 'Times New Roman';\">*Art\u00edculo 122.-<\/span><\/strong><span style=\"font-family: 'Times New Roman';\">\u00a0El fallo no tiene m\u00e1s efecto que destituir al acusado y a\u00fan inhabilitarlo para ejercer cargos p\u00fablicos por tiempo determinado, quedando el acusado si correspondiere, sujeto a juicio ante los tribunales ordinarios, conforme a la legislaci\u00f3n vigente.<\/span><\/p>\n<p><span style=\"font-family: 'Times New Roman';\">El fallo que dicte el tribunal de sentencia es irrecurrible.<\/span><\/p>\n<p><strong><span style=\"font-family: 'Times New Roman';\">PLAZO<\/span><\/strong><\/p>\n<p><strong><span style=\"font-family: 'Times New Roman';\">*Art\u00edculo 123.-<\/span><\/strong><span style=\"font-family: 'Times New Roman';\">\u00a0El juicio pol\u00edtico no puede durar en ning\u00fan caso m\u00e1s de cuatro meses. Vencido dicho plazo sin haberse dictado resoluci\u00f3n, queda sin efecto el juicio.<\/span><\/p>\n<div align=\"center\">\n<strong><span style=\"font-family: 'Times New Roman';\">CAP\u00cdTULO QUINTO<\/span><\/strong><br \/>\n<strong><span style=\"font-family: 'Times New Roman';\">Defensor del Pueblo y Consejo Econ\u00f3mico Social<\/span><\/strong><\/p>\n<\/div>\n<p><strong><span style=\"font-family: 'Times New Roman';\">DEFENSOR DEL PUEBLO<\/span><\/strong><\/p>\n<p><strong><span style=\"font-family: 'Times New Roman';\">*Art\u00edculo 124.-\u00a0<\/span><\/strong><span style=\"font-family: 'Times New Roman';\">La Legislatura con el voto de los dos tercios de sus miembros designa al Defensor del Pueblo, como comisionado para la defensa de los derechos colectivos o difusos, la supervisi\u00f3n sobre la eficacia en la prestaci\u00f3n de los servicios p\u00fablicos y la aplicaci\u00f3n en la administraci\u00f3n de las leyes y dem\u00e1s disposiciones, de acuerdo con lo que determine la ley.<\/span><\/p>\n<p><span style=\"font-family: 'Times New Roman';\">Goza de las inmunidades y privilegios de los legisladores, dura cinco a\u00f1os en sus funciones y no puede ser separado de ellas sino por las causales y el procedimiento establecido respecto al juicio pol\u00edtico.<\/span><\/p>\n<p><strong><span style=\"font-family: 'Times New Roman';\">CONSEJO ECON\u00d3MICO SOCIAL<\/span><\/strong><\/p>\n<p><strong><span style=\"font-family: 'Times New Roman';\">Art\u00edculo 125.-<\/span><\/strong><span style=\"font-family: 'Times New Roman';\">\u00a0El Consejo Econ\u00f3mico y Social est\u00e1 integrado por los sectores de la producci\u00f3n y del trabajo, gremiales, profesionales y socio-culturales, en la forma que determine la ley. Dicho Consejo es un \u00f3rgano de consulta de los Poderes P\u00fablicos en esta materia.<\/span><\/p>\n<div align=\"center\">\n<strong><span style=\"font-family: 'Times New Roman';\">CAP\u00cdTULO SEXTO<\/span><\/strong><br \/>\n<strong><span style=\"font-family: 'Times New Roman';\">Tribunal de Cuentas<\/span><\/strong><\/p>\n<\/div>\n<p><strong><span style=\"font-family: 'Times New Roman';\">INTEGRACI\u00d3N<\/span><\/strong><\/p>\n<p><strong><span style=\"font-family: 'Times New Roman';\">*Art\u00edculo 126.-<\/span><\/strong><span style=\"font-family: 'Times New Roman';\">\u00a0El Tribunal de Cuentas est\u00e1 integrado por tres miembros; puede por ley ampliarse su n\u00famero, el que es siempre impar y no excede de siete. Deben ser argentinos, abogados o contadores p\u00fablicos, con diez a\u00f1os de ejercicio en la profesi\u00f3n, cinco a\u00f1os de residencia en la Provincia y haber cumplido treinta a\u00f1os de edad.<\/span><\/p>\n<p><span style=\"font-family: 'Times New Roman';\">Son elegidos por el pueblo de la Provincia con representaci\u00f3n de las minor\u00edas y duran cuatro a\u00f1os en sus cargos. Tienen las mismas inmunidades y remuneraciones que los jueces de c\u00e1mara.<\/span><\/p>\n<p><strong><span style=\"font-family: 'Times New Roman';\">ATRIBUCIONES<\/span><\/strong><\/p>\n<p><strong><span style=\"font-family: 'Times New Roman';\">Art\u00edculo 127.-<\/span><\/strong><span style=\"font-family: 'Times New Roman';\">\u00a0Son atribuciones del Tribunal de Cuentas:<\/span><\/p>\n<p><span style=\"font-family: 'Times New Roman';\">1. Aprobar o desaprobar en forma originaria la inversi\u00f3n de los caudales p\u00fablicos efectuada por los funcionarios y administradores de la Provincia, y cuando as\u00ed se establezca, su recaudaci\u00f3n, en particular con respecto a la ley de presupuesto y en general acorde lo determine la ley.<\/span><br \/>\n<span style=\"font-family: 'Times New Roman';\">2. Intervenir preventivamente en todos los actos administrativos que dispongan gastos en la forma y alcances que establezca la ley. En caso de observaci\u00f3n, dichos actos s\u00f3lo pueden cumplirse, cuando haya insistencia del Poder Ejecutivo en acuerdo de Ministros. De mantener la observaci\u00f3n, el tribunal pone a disposici\u00f3n de la Legislatura, en el t\u00e9rmino de quince d\u00edas, los antecedentes del caso.<\/span><br \/>\n<span style=\"font-family: 'Times New Roman';\">3. Realizar auditor\u00edas externas en las dependencias administrativas e instituciones donde el Estado tenga intereses y efectuar investigaciones a solicitud de la Legislatura.<\/span><br \/>\n<span style=\"font-family: 'Times New Roman';\">4. Informar a la Legislatura sobre las cuentas de inversi\u00f3n del presupuesto anterior, en el cuarto mes de las sesiones ordinarias.<\/span><br \/>\n<span style=\"font-family: 'Times New Roman';\">5. Actuar como \u00f3rgano requirente en los juicios de cuentas y responsabilidad ante los tribunales de justicia.<\/span><br \/>\n<span style=\"font-family: 'Times New Roman';\">6. Elaborar y proponer su propio presupuesto al Poder Ejecutivo; designar y remover su personal.<\/span><\/p>\n<div align=\"center\">\n<strong><span style=\"font-family: 'Times New Roman';\">SECCI\u00d3N SEGUNDA<\/span><\/strong><br \/>\n<strong><span style=\"font-family: 'Times New Roman';\">Poder Ejecutivo<\/span><\/strong><\/p>\n<p><strong><span style=\"font-family: 'Times New Roman';\">CAP\u00cdTULO PRIMERO<\/span><\/strong><\/p>\n<p><strong><span style=\"font-family: 'Times New Roman';\">Naturaleza y Duraci\u00f3n<\/span><\/strong><\/p>\n<\/div>\n<p><strong><span style=\"font-family: 'Times New Roman';\">GOBERNADOR<\/span><\/strong><\/p>\n<p><strong><span style=\"font-family: 'Times New Roman';\">Art\u00edculo 128.-<\/span><\/strong><span style=\"font-family: 'Times New Roman';\">\u00a0El Poder Ejecutivo es desempe\u00f1ado por un ciudadano con el t\u00edtulo de Gobernador de la Provincia.<\/span><br \/>\n<strong><span style=\"font-family: 'Times New Roman';\">VICEGOBERNADOR<\/span><\/strong><\/p>\n<p><strong><span style=\"font-family: 'Times New Roman';\">*Art\u00edculo 129.-<\/span><\/strong><span style=\"font-family: 'Times New Roman';\">\u00a0Al mismo tiempo y por un mismo per\u00edodo se elige un Vicegobernador que preside la Legislatura, reemplaza al Gobernador de acuerdo con esta Constituci\u00f3n, es su colaborador directo y puede participar en las reuniones de Ministros. No puede ser c\u00f3nyuge o pariente del Gobernador hasta el segundo grado.<\/span><br \/>\n<strong><span style=\"font-family: 'Times New Roman';\">CONDICIONES<\/span><\/strong><\/p>\n<p><strong><span style=\"font-family: 'Times New Roman';\">Art\u00edculo 130.-<\/span><\/strong><span style=\"font-family: 'Times New Roman';\">\u00a0Para ser elegido Gobernador o Vicegobernador se requiere:<\/span><\/p>\n<p><span style=\"font-family: 'Times New Roman';\">1. Tener treinta a\u00f1os de edad.<\/span><br \/>\n<span style=\"font-family: 'Times New Roman';\">2. Ser argentino nativo o por opci\u00f3n.<\/span><br \/>\n<span style=\"font-family: 'Times New Roman';\">3. Tener residencia en la Provincia durante los cuatro a\u00f1os anteriores inmediatos a la elecci\u00f3n, salvo caso de ausencia motivada por servicios a la Naci\u00f3n o a la Provincia, o en organismos internacionales de los que la Naci\u00f3n forma parte.<\/span><\/p>\n<p><strong><span style=\"font-family: 'Times New Roman';\">REMUNERACI\u00d3N<\/span><\/strong><\/p>\n<p><strong><span style=\"font-family: 'Times New Roman';\">Art\u00edculo 131.-<\/span><\/strong><span style=\"font-family: 'Times New Roman';\">\u00a0El Gobernador y el Vicegobernador perciben un sueldo, que no puede ser alterado durante el per\u00edodo de su mandato, salvo modificaciones de car\u00e1cter general. No pueden ejercer otro empleo ni percibir emolumento p\u00fablico alguno.<\/span><br \/>\n<strong><span style=\"font-family: 'Times New Roman';\">TRATAMIENTO<\/span><\/strong><\/p>\n<p><strong><span style=\"font-family: 'Times New Roman';\">Art\u00edculo 132.-<\/span><\/strong><span style=\"font-family: 'Times New Roman';\">\u00a0El tratamiento oficial del Gobernador y Vicegobernador, cuando desempe\u00f1en sus funciones, es el de &#8220;Se\u00f1or Gobernador&#8221; y &#8220;Se\u00f1or Vicegobernador&#8221;.<\/span><br \/>\n<strong><span style=\"font-family: 'Times New Roman';\">AUSENCIA<\/span><\/strong><\/p>\n<p><strong><span style=\"font-family: 'Times New Roman';\">*Art\u00edculo 133.-\u00a0<\/span><\/strong><span style=\"font-family: 'Times New Roman';\">El Gobernador y el Vicegobernador no pueden ausentarse de la Provincia sin autorizaci\u00f3n de la Legislatura, por un per\u00edodo superior a quince d\u00edas; si la Legislatura se encuentra en receso se le da cuenta oportunamente.<\/span><br \/>\n<strong><span style=\"font-family: 'Times New Roman';\">ACEFAL\u00cdA<\/span><\/strong><\/p>\n<p><strong><span style=\"font-family: 'Times New Roman';\">Art\u00edculo 134.-<\/span><\/strong><span style=\"font-family: 'Times New Roman';\">\u00a0En caso de muerte del Gobernador o de su destituci\u00f3n, dimisi\u00f3n, ausencia, suspensi\u00f3n u otro impedimento, las funciones de su cargo pasan al Vicegobernador, quien las ejerce durante el resto del per\u00edodo constitucional, si es por alguno de los tres primeros casos u otro impedimento permanente, y si es por acusaci\u00f3n, ausencia, suspensi\u00f3n u otro impedimento temporal, hasta que cese dicho impedimento.<\/span><br \/>\n<strong><span style=\"font-family: 'Times New Roman';\">ACEFAL\u00cdA SIMULT\u00c1NEA<\/span><\/strong><\/p>\n<p><strong><span style=\"font-family: 'Times New Roman';\">*Art\u00edculo 135.-\u00a0<\/span><\/strong><span style=\"font-family: 'Times New Roman';\">En caso de separaci\u00f3n o impedimento simult\u00e1neo del Gobernador y Vicegobernador, el mando es ejercido por el Presidente Provisorio de la Legislatura, quien convoca dentro de treinta d\u00edas a la Provincia a una nueva elecci\u00f3n para llenar el per\u00edodo corriente, siempre que de \u00e9ste falten cuando menos dos a\u00f1os, y que la separaci\u00f3n o impedimento del Gobernador o Vicegobernador fuese permanente. En el caso de procederse a una nueva elecci\u00f3n, \u00e9sta no puede recaer sobre quien ejerce el Poder Ejecutivo.<\/span><br \/>\n<strong><span style=\"font-family: 'Times New Roman';\">REELECCI\u00d3N<\/span><\/strong><\/p>\n<p><strong><span style=\"font-family: 'Times New Roman';\">Art\u00edculo 136.-<\/span><\/strong><span style=\"font-family: 'Times New Roman';\">\u00a0El Gobernador y Vicegobernador pueden ser reelectos o sucederse rec\u00edprocamente por un nuevo per\u00edodo corriente. Si han sido reelectos o se han sucedido rec\u00edprocamente, no pueden ser elegidos para ninguno de ambos cargos sino con el intervalo de un per\u00edodo.<\/span><\/p>\n<p><strong><span style=\"font-family: 'Times New Roman';\">INMUNIDADES E INCOMPATIBILIDADES<\/span><\/strong><\/p>\n<p><strong><span style=\"font-family: 'Times New Roman';\">Art\u00edculo 137.-<\/span><\/strong><span style=\"font-family: 'Times New Roman';\">\u00a0El Gobernador y Vicegobernador tienen las mismas inmunidades, inhabilidades e incompatibilidades que los legisladores.<\/span><\/p>\n<p><span style=\"font-family: 'Times New Roman';\">La inmunidad de opini\u00f3n alcanza a los candidatos a dichos cargos, desde su oficializaci\u00f3n como tales hasta la proclamaci\u00f3n de los electos.<\/span><\/p>\n<p><strong><span style=\"font-family: 'Times New Roman';\">PROHIBICI\u00d3N DE EJERCER FUNCIONES JUDICIALES<\/span><\/strong><\/p>\n<p><strong><span style=\"font-family: 'Times New Roman';\">Art\u00edculo 138.-<\/span><\/strong><span style=\"font-family: 'Times New Roman';\">\u00a0En ning\u00fan caso el Gobernador de la Provincia ni funcionario alguno puede ejercer funciones judiciales, arrogarse el conocimiento de causas pendientes ni restablecer las fenecidas.<\/span><br \/>\n<strong><span style=\"font-family: 'Times New Roman';\">PER\u00cdODO<\/span><\/strong><\/p>\n<p><strong><span style=\"font-family: 'Times New Roman';\">Art\u00edculo 139.-<\/span><\/strong><span style=\"font-family: 'Times New Roman';\">\u00a0El Gobernador y Vicegobernador duran en sus funciones el per\u00edodo de cuatro a\u00f1os y cesan en ellos el mismo d\u00eda en que expire ese plazo sin que evento alguno que lo haya interrumpido, pueda ser motivo de que se les complete m\u00e1s tarde.<\/span><\/p>\n<div align=\"center\">\n<strong><span style=\"font-family: 'Times New Roman';\">CAP\u00cdTULO SEGUNDO<\/span><\/strong><br \/>\n<strong><span style=\"font-family: 'Times New Roman';\">Elecci\u00f3n<\/span><\/strong><\/p>\n<\/div>\n<p><strong><span style=\"font-family: 'Times New Roman';\">FORMA<\/span><\/strong><\/p>\n<p><strong><span style=\"font-family: 'Times New Roman';\">Art\u00edculo 140.-<\/span><\/strong><span style=\"font-family: 'Times New Roman';\">\u00a0El Gobernador y Vicegobernador son elegidos directamente por el pueblo de la Provincia a simple pluralidad de sufragios.<\/span><br \/>\n<strong><span style=\"font-family: 'Times New Roman';\">JUZGAMIENTO<\/span><\/strong><\/p>\n<p><strong><span style=\"font-family: 'Times New Roman';\">*Art\u00edculo 141.-<\/span><\/strong><span style=\"font-family: 'Times New Roman';\">\u00a0La elecci\u00f3n de Gobernador y Vicegobernador se juzga por la Legislatura inmediatamente de constituida, la cual decide tambi\u00e9n en caso de empate. El acto debe quedar concluido en una sola sesi\u00f3n, la que no puede exceder de cinco d\u00edas.<\/span><br \/>\n<strong><span style=\"font-family: 'Times New Roman';\">JURAMENTO<\/span><\/strong><\/p>\n<p><strong><span style=\"font-family: 'Times New Roman';\">*Art\u00edculo 142.-<\/span><\/strong><span style=\"font-family: 'Times New Roman';\">\u00a0El Gobernador y Vicegobernador prestan en el acto de su recepci\u00f3n, en manos del Presidente de la Legislatura, ante el pueblo que les ha confiado sus destinos, el juramento de rigor y que respete sus convicciones religiosas de: sostener y cumplir la Constituci\u00f3n de la Provincia y de la Naci\u00f3n; defender la libertad y derechos garantidos por ambas; ejecutar y hacer ejecutar las leyes que hayan sancionado y sancionen el Congreso Nacional y la Legislatura de la Provincia; respetar y hacer respetar las autoridades de ella y de la Naci\u00f3n.<\/span><br \/>\n<strong><span style=\"font-family: 'Times New Roman';\">ASUNCI\u00d3N<\/span><\/strong><\/p>\n<p><strong><span style=\"font-family: 'Times New Roman';\">Art\u00edculo 143.-<\/span><\/strong><span style=\"font-family: 'Times New Roman';\">\u00a0El Gobernador y Vicegobernador electos deben asumir sus cargos el d\u00eda que comience su mandato, consider\u00e1ndoseles dimitentes en caso contrario, salvo caso de fuerza mayor debidamente acreditada a juicio de la Legislatura. En caso de consider\u00e1rseles dimitentes se aplican las normas de los art\u00edculos 134 y 135 de esta Constituci\u00f3n.<\/span><\/p>\n<div align=\"center\">\n<strong><span style=\"font-family: 'Times New Roman';\">CAP\u00cdTULO TERCERO<\/span><\/strong><br \/>\n<strong><span style=\"font-family: 'Times New Roman';\">Atribuciones<\/span><\/strong><\/p>\n<\/div>\n<p><strong><span style=\"font-family: 'Times New Roman';\">ATRIBUCIONES Y DEBERES<\/span><\/strong><\/p>\n<p><strong><span style=\"font-family: 'Times New Roman';\">*Art\u00edculo 144.-\u00a0<\/span><\/strong><span style=\"font-family: 'Times New Roman';\">El Gobernador tiene las siguientes atribuciones y deberes:<\/span><\/p>\n<p><span style=\"font-family: 'Times New Roman';\">1. Es el jefe del Estado Provincial, al que representa, tiene a cargo su administraci\u00f3n, formula y dirige pol\u00edticas y ejecuta las leyes.<\/span><br \/>\n<span style=\"font-family: 'Times New Roman';\">2. Participa de la formaci\u00f3n de las leyes con arreglo a esta Constituci\u00f3n, las promulga y publica, y expide decretos, instrucciones o reglamentos para su ejecuci\u00f3n, sin alterar su esp\u00edritu.<\/span><br \/>\n<span style=\"font-family: 'Times New Roman';\">3. Inicia leyes o propone la modificaci\u00f3n o derogaci\u00f3n de las existentes por proyectos presentados a la Legislatura. Tiene la iniciativa en forma exclusiva para el dictado de las leyes de presupuesto y de ministerios.<\/span><br \/>\n<span style=\"font-family: 'Times New Roman';\">4. Celebra tratados y acuerdos para la gesti\u00f3n de intereses provinciales y la coordinaci\u00f3n y unificaci\u00f3n de servicios similares con el Estado Federal, las dem\u00e1s Provincias, los Municipios y entes p\u00fablicos ajenos a la Provincia, con aprobaci\u00f3n de la Legislatura y dando cuenta oportunamente al Congreso de la Naci\u00f3n, en su caso. Tambi\u00e9n celebra convenios, con id\u00e9nticos requisitos, con otras naciones, entes p\u00fablicos o privados extranjeros y organizaciones internacionales, e impulsa negociaciones con ellas, sin afectar la pol\u00edtica exterior a cargo del Gobierno Federal.<\/span><br \/>\n<span style=\"font-family: 'Times New Roman';\">5. Ejerce el derecho de veto y, en su caso, de promulgaci\u00f3n parcial, en los t\u00e9rminos del art\u00edculo 109.<\/span><br \/>\n<span style=\"font-family: 'Times New Roman';\">6. Prorroga las sesiones ordinarias de la Legislatura y la convoca a extraordinarias en los casos previstos en los art\u00edculos 96 y 97.<\/span><br \/>\n<span style=\"font-family: 'Times New Roman';\">7. Informa a la Legislatura con un mensaje sobre el estado de la Provincia a la apertura de sus sesiones ordinarias. Tambi\u00e9n lo puede hacer sobre alg\u00fan tema en particular cuando lo estime conveniente.<\/span><br \/>\n<span style=\"font-family: 'Times New Roman';\">8. Puede indultar o conmutar las penas por delitos sujetos a la jurisdicci\u00f3n provincial, despu\u00e9s de la sentencia firme y previo informe del tribunal correspondiente; se excluyen los delitos contra la administraci\u00f3n p\u00fablica cometidos por funcionarios designados por el mismo Gobernador que ejerza esta atribuci\u00f3n o su reemplazante legal.<\/span><br \/>\n<span style=\"font-family: 'Times New Roman';\">9. Designa, previo acuerdo de la Legislatura, a los miembros del Tribunal Superior de Justicia y dem\u00e1s tribunales inferiores, y a los miembros del Ministerio P\u00fablico. En caso de receso de la Legislatura, designa jueces o agentes del Ministerio P\u00fablico interinos, que cesan en sus funciones a los treinta d\u00edas de la apertura de la Legislatura. El Gobernador, el Vicegobernador y los ministros, no pueden ser propuestos para integrar el Poder Judicial hasta seis meses despu\u00e9s de haber cesado en el ejercicio de sus funciones.<\/span><br \/>\n<span style=\"font-family: 'Times New Roman';\">10. Nombra y remueve por s\u00ed solo a los Ministros, funcionarios y agentes de la Administraci\u00f3n cuyo nombramiento no est\u00e9 acordado a otra autoridad, o la facultad haya sido delegada, con sujeci\u00f3n a esta Constituci\u00f3n y a las leyes, y con acuerdo de la Legislatura en los casos previstos por aqu\u00e9lla.<\/span><br \/>\n<span style=\"font-family: 'Times New Roman';\">11. Presenta el proyecto de ley de presupuesto, acompa\u00f1ado del plan de recursos, con antelaci\u00f3n de no menos de cuarenta y cinco d\u00edas al vencimiento del per\u00edodo ordinario de sesiones de la Legislatura.<\/span><br \/>\n<span style=\"font-family: 'Times New Roman';\">12. Env\u00eda las cuentas de inversi\u00f3n del ejercicio fenecido, en el segundo mes de las sesiones ordinarias de la Legislatura.<\/span><br \/>\n<span style=\"font-family: 'Times New Roman';\">13. Hace recaudar los impuestos y rentas de la Provincia, y los dispone con sujeci\u00f3n a la Ley de Presupuesto. Debe enviar a la Legislatura y publicar trimestralmente el estado de ejecuci\u00f3n del presupuesto y de la Tesorer\u00eda.<\/span><br \/>\n<span style=\"font-family: 'Times New Roman';\">14. Promueve reg\u00edmenes de est\u00edmulo a las actividades productivas.<\/span><br \/>\n<span style=\"font-family: 'Times New Roman';\">15. Adopta las medidas necesarias para conservar la paz y el orden p\u00fablicos.<\/span><br \/>\n<span style=\"font-family: 'Times New Roman';\">16. Es la m\u00e1xima autoridad de las fuerzas de seguridad provinciales, y tiene bajo su custodia e inspecci\u00f3n, de acuerdo con las leyes, todos los objetos de la polic\u00eda de seguridad y vigilancia y todos los establecimientos p\u00fablicos de la Provincia.<\/span><br \/>\n<span style=\"font-family: 'Times New Roman';\">Tiene el deber de prestar el auxilio de la fuerza p\u00fablica a los tribunales de justicia, al Ministerio P\u00fablico, al Presidente de la Legislatura cuando \u00e9stos la soliciten, debidamente autorizados por ella y a las Municipalidades y dem\u00e1s autoridades, conforme a la ley.<\/span><br \/>\n<span style=\"font-family: 'Times New Roman';\">17. Tiene a su cargo, conforme a las leyes, la polic\u00eda del trabajo.<\/span><br \/>\n<span style=\"font-family: 'Times New Roman';\">18. Organiza la Administraci\u00f3n P\u00fablica, sobre la base de los principios consagrados en el art\u00edculo 174 y puede delegar en forma expresa y delimitada, con arreglo a la ley, determinadas funciones administrativas, las que puede reasumir en cualquier momento.<\/span><br \/>\n<span style=\"font-family: 'Times New Roman';\">19. Dirige la reforma administrativa, con el prop\u00f3sito de hacer m\u00e1s eficiente y menos onerosa la Administraci\u00f3n.<\/span><\/p>\n<div align=\"center\">\n<strong><span style=\"font-family: 'Times New Roman';\">CAP\u00cdTULO CUARTO<\/span><\/strong><br \/>\n<strong><span style=\"font-family: 'Times New Roman';\">Ministros<\/span><\/strong><\/p>\n<\/div>\n<p><strong><span style=\"font-family: 'Times New Roman';\">CONDICIONES E INMUNIDADES<\/span><\/strong><\/p>\n<p><strong><span style=\"font-family: 'Times New Roman';\">*Art\u00edculo 145.-\u00a0<\/span><\/strong><span style=\"font-family: 'Times New Roman';\">Para ser nombrado Ministro se requiere tener veinticinco a\u00f1os y las dem\u00e1s condiciones que la Constituci\u00f3n exige para ser elegido legislador, con las mismas inmunidades.<\/span><br \/>\n<strong><span style=\"font-family: 'Times New Roman';\">REMUNERACI\u00d3N<\/span><\/strong><\/p>\n<p><strong><span style=\"font-family: 'Times New Roman';\">Art\u00edculo 146.-\u00a0<\/span><\/strong><span style=\"font-family: 'Times New Roman';\">Los Ministros perciben un sueldo que no puede ser alterado, salvo modificaciones de car\u00e1cter general.<\/span><br \/>\n<strong><span style=\"font-family: 'Times New Roman';\">DESIGNACI\u00d3N Y COMPETENCIAS<\/span><\/strong><\/p>\n<p><strong><span style=\"font-family: 'Times New Roman';\">Art\u00edculo 147.-<\/span><\/strong><span style=\"font-family: 'Times New Roman';\">\u00a0El Gobernador designa a sus Ministros, en el n\u00famero y con la competencia que determine la ley. Los Ministros refrendan y legalizan con su firma los actos del Gobernador, sin cuyo requisito carecen de validez. Los Ministros pueden por s\u00ed solos tomar todas las resoluciones que la ley los autorice de acuerdo con su competencia y en aquellas materias administrativas que el Gobernador les delegue expresamente, con arreglo a la ley.<\/span><\/p>\n<p><strong><span style=\"font-family: 'Times New Roman';\">MEMORIA<\/span><\/strong><\/p>\n<p><strong><span style=\"font-family: 'Times New Roman';\">*Art\u00edculo 148.-<\/span><\/strong><span style=\"font-family: 'Times New Roman';\">\u00a0Dentro del primer mes del per\u00edodo legislativo, los Ministros presentan a la Legislatura una memoria detallada del estado de la Administraci\u00f3n de la Provincia en lo relativo a los negocios de sus respectivos departamentos.<\/span><br \/>\n<strong><span style=\"font-family: 'Times New Roman';\">*ASISTENCIA A LA LEGISLATURA<\/span><\/strong><\/p>\n<p><strong><span style=\"font-family: 'Times New Roman';\">*Art\u00edculo 149.-<\/span><\/strong><span style=\"font-family: 'Times New Roman';\">\u00a0Los Ministros deben asistir a las sesiones de la Legislatura, cuando sean llamados por ella, y pueden tambi\u00e9n hacerlo cuando lo estimen conveniente.<\/span><\/p>\n<div align=\"center\">\n<strong><span style=\"font-family: 'Times New Roman';\">CAP\u00cdTULO QUINTO<\/span><\/strong><br \/>\n<strong><span style=\"font-family: 'Times New Roman';\">\u00d3rganos de Control<\/span><\/strong><\/p>\n<\/div>\n<p><strong><span style=\"font-family: 'Times New Roman';\">FISCAL DE ESTADO<\/span><\/strong><\/p>\n<p><strong><span style=\"font-family: 'Times New Roman';\">Art\u00edculo 150.-<\/span><\/strong><span style=\"font-family: 'Times New Roman';\">\u00a0El Fiscal de Estado tiene a su cargo el control de la legalidad administrativa del Estado y la defensa del patrimonio de la Provincia.<\/span><\/p>\n<p><span style=\"font-family: 'Times New Roman';\">Debe ser abogado con no menos de diez a\u00f1os de ejercicio. Es designado y removido por el Poder Ejecutivo y puede ser sometido a juicio pol\u00edtico.<\/span><br \/>\n<strong><span style=\"font-family: 'Times New Roman';\">CONTADUR\u00cdA GENERAL DE LA PROVINCIA<\/span><\/strong><\/p>\n<p><strong><span style=\"font-family: 'Times New Roman';\">Art\u00edculo 151.-<\/span><\/strong><span style=\"font-family: 'Times New Roman';\">\u00a0La Contadur\u00eda General de la Provincia tiene como funci\u00f3n el registro y control interno de la gesti\u00f3n econ\u00f3mica, financiera y patrimonial en la actividad administrativa de los poderes del Estado.<\/span><\/p>\n<p><span style=\"font-family: 'Times New Roman';\">Realiza en forma descentralizada el control preventivo de todos los libramientos de pago, con autorizaci\u00f3n originada en la ley general de presupuesto o leyes que sancionen gastos, sin cuya intervenci\u00f3n no pueden cumplirse.<\/span><br \/>\n<span style=\"font-family: 'Times New Roman';\">Est\u00e1 a cargo de un Contador P\u00fablico, con diez a\u00f1os de ejercicio en la profesi\u00f3n, designado y removido por el Poder Ejecutivo.<\/span><br \/>\n<span style=\"font-family: 'Times New Roman';\">La ley establece la organizaci\u00f3n de la Contadur\u00eda, sus atribuciones y responsabilidades.<\/span><\/p>\n<div align=\"center\">\n<strong><span style=\"font-family: 'Times New Roman';\">SECCI\u00d3N TERCERA<\/span><\/strong><br \/>\n<strong><span style=\"font-family: 'Times New Roman';\">Poder Judicial<\/span><\/strong><\/p>\n<p><strong><span style=\"font-family: 'Times New Roman';\">CAP\u00cdTULO PRIMERO<\/span><\/strong><\/p>\n<p><strong><span style=\"font-family: 'Times New Roman';\">Disposiciones Generales<\/span><\/strong><\/p>\n<\/div>\n<p><strong><span style=\"font-family: 'Times New Roman';\">COMPOSICI\u00d3N<\/span><\/strong><\/p>\n<p><strong><span style=\"font-family: 'Times New Roman';\">Art\u00edculo 152.-<\/span><\/strong><span style=\"font-family: 'Times New Roman';\">\u00a0El Poder Judicial de la Provincia es ejercido por un Tribunal Superior de Justicia y por los dem\u00e1s tribunales inferiores con la competencia material, territorial y de grado que establece esta Constituci\u00f3n y la ley respectiva.<\/span><\/p>\n<p><strong><span style=\"font-family: 'Times New Roman';\">UNIDAD DE JURISDICCI\u00d3N<\/span><\/strong><\/p>\n<p><strong><span style=\"font-family: 'Times New Roman';\">Art\u00edculo 153.-<\/span><\/strong><span style=\"font-family: 'Times New Roman';\">\u00a0El ejercicio de la funci\u00f3n judicial corresponde exclusivamente al Poder Judicial de la Provincia.<\/span><br \/>\n<strong><span style=\"font-family: 'Times New Roman';\">GARANT\u00cdA DE INDEPENDENCIA<\/span><\/strong><\/p>\n<p><strong><span style=\"font-family: 'Times New Roman';\">Art\u00edculo 154.-<\/span><\/strong><span style=\"font-family: 'Times New Roman';\">\u00a0Los magistrados y funcionarios judiciales son inamovibles y conservan sus cargos mientras dure su buena conducta. S\u00f3lo pueden ser removidos por mal desempe\u00f1o, negligencia grave, morosidad en el ejercicio de sus funciones, desconocimiento inexcusable del derecho, supuesta comisi\u00f3n de delitos o inhabilidad f\u00edsica o ps\u00edquica. Gozan de la misma inmunidad de arresto que los legisladores. Reciben por sus servicios una compensaci\u00f3n mensual que determina la ley y que no puede ser disminuida por acto de autoridad o con descuentos que no sean los que aqu\u00e9lla disponga con fines de previsi\u00f3n u obra social.<\/span><br \/>\n<strong><span style=\"font-family: 'Times New Roman';\">DEBERES<\/span><\/strong><\/p>\n<p><strong><span style=\"font-family: 'Times New Roman';\">Art\u00edculo 155.-<\/span><\/strong><span style=\"font-family: 'Times New Roman';\">\u00a0Los magistrados y funcionarios judiciales est\u00e1n obligados a concurrir a sus despachos en los horarios de atenci\u00f3n al p\u00fablico. Deben resolver las causas dentro de los plazos fatales que las leyes procesales establezcan, con fundamentaci\u00f3n l\u00f3gica y legal.<\/span><\/p>\n<p><strong><span style=\"font-family: 'Times New Roman';\">PROHIBICIONES<\/span><\/strong><\/p>\n<p><strong><span style=\"font-family: 'Times New Roman';\">Art\u00edculo 156.-<\/span><\/strong><span style=\"font-family: 'Times New Roman';\">\u00a0Los magistrados y funcionarios judiciales no pueden participar en pol\u00edtica, ni ejercer profesi\u00f3n o empleo, con excepci\u00f3n de la docencia o la investigaci\u00f3n, de acuerdo con las condiciones que establezca la reglamentaci\u00f3n, ni ejecutar acto alguno que comprometa la imparcialidad de sus funciones.<\/span><br \/>\n<strong><span style=\"font-family: 'Times New Roman';\">DESIGNACI\u00d3N<\/span><\/strong><\/p>\n<p><strong><span style=\"font-family: 'Times New Roman';\">Art\u00edculo 157.-<\/span><\/strong><span style=\"font-family: 'Times New Roman';\">\u00a0Los jueces y funcionarios son nombrados y removidos del modo establecido en esta Constituci\u00f3n.<\/span><\/p>\n<p><span style=\"font-family: 'Times New Roman';\">Son nulos y de ning\u00fan valor los procedimientos seguidos o las sentencias y resoluciones dictadas por personas que no sean nombradas en la forma prescripta.<\/span><br \/>\n<span style=\"font-family: 'Times New Roman';\">La ley fija el procedimiento que favorezca la igualdad de oportunidades y la selecci\u00f3n por idoneidad en la designaci\u00f3n de magistrados inferiores.<\/span><\/p>\n<p><strong><span style=\"font-family: 'Times New Roman';\">REQUISITOS<\/span><\/strong><\/p>\n<p><strong><span style=\"font-family: 'Times New Roman';\">Art\u00edculo 158.-<\/span><\/strong><span style=\"font-family: 'Times New Roman';\">\u00a0Para ser miembro del Tribunal Superior de Justicia se requiere tener doce a\u00f1os de ejercicio de la abogac\u00eda o de la magistratura, para Vocal de C\u00e1mara ocho, para Juez seis y para Asesor Letrado cuatro. En todos los casos, ciudadan\u00eda en ejercicio, treinta a\u00f1os de edad para los miembros del Tribunal Superior de Justicia y veinticinco para los restantes.<\/span><br \/>\n<strong><span style=\"font-family: 'Times New Roman';\">JURADO DE ENJUICIAMIENTO<\/span><\/strong><\/p>\n<p><strong><span style=\"font-family: 'Times New Roman';\">*Art\u00edculo 159.-<\/span><\/strong><span style=\"font-family: 'Times New Roman';\">\u00a0Los magistrados y funcionarios del Poder Judicial a que hace referencia el Art\u00edculo 144, inciso 9, no sujetos a juicio pol\u00edtico, pueden ser denunciados por cualquiera del pueblo ante un Jurado de Enjuiciamiento, al solo efecto de su destituci\u00f3n, fundado en las causas que la autorizan, con actuaci\u00f3n del Fiscal General. El Jurado de Enjuiciamiento est\u00e1 integrado por un Vocal del Tribunal Superior de Justicia, cuatro legisladores, letrados si los hubiere, dos por la mayor\u00eda y dos por la minor\u00eda. El acusado contin\u00faa en sus funciones si el Jurado no dispone lo contrario. El fallo debe dictarse, bajo pena de caducidad, dentro de los sesenta d\u00edas a contar desde la acusaci\u00f3n, la que debe realizarse en el t\u00e9rmino de treinta d\u00edas de formulada la denuncia, bajo la responsabilidad personal del Fiscal General.<\/span><br \/>\n<strong><span style=\"font-family: 'Times New Roman';\">COMPETENCIA<\/span><\/strong><\/p>\n<p><strong><span style=\"font-family: 'Times New Roman';\">*Art\u00edculo 160.-<\/span><\/strong><span style=\"font-family: 'Times New Roman';\">\u00a0Corresponde al Poder Judicial de la Provincia el conocimiento y decisi\u00f3n de las cuestiones que versen sobre puntos regidos por esta Constituci\u00f3n, por los tratados que celebre la Provincia, por las leyes y dem\u00e1s normas provinciales; de las causas que se susciten contra empleados o funcionarios que no est\u00e9n sujetos al juicio pol\u00edtico ni enjuiciamiento ante el Jurado; y la aplicaci\u00f3n de las normas del inciso 12 del art\u00edculo 75 de la Constituci\u00f3n Nacional.<\/span><\/p>\n<p><strong><span style=\"font-family: 'Times New Roman';\">SUPREMAC\u00cdA DE NORMAS<\/span><\/strong><\/p>\n<p><strong><span style=\"font-family: 'Times New Roman';\">*Art\u00edculo 161.-<\/span><\/strong><span style=\"font-family: 'Times New Roman';\">\u00a0Los tribunales y juzgados de la Provincia, en el ejercicio de sus funciones, aplican esta Constituci\u00f3n y los tratados interprovinciales como la ley suprema, respecto de las leyes que haya sancionado o sancione la Legislatura.<\/span><\/p>\n<p><strong><span style=\"font-family: 'Times New Roman';\">JURADOS<\/span><\/strong><\/p>\n<p><strong><span style=\"font-family: 'Times New Roman';\">Art\u00edculo 162.-<\/span><\/strong><span style=\"font-family: 'Times New Roman';\">\u00a0La ley puede determinar los casos en que los tribunales colegiados son tambi\u00e9n integrados por jurados.<\/span><br \/>\n<strong><span style=\"font-family: 'Times New Roman';\">SENTENCIA<\/span><\/strong><\/p>\n<p><strong><span style=\"font-family: 'Times New Roman';\">Art\u00edculo 163.-<\/span><\/strong><span style=\"font-family: 'Times New Roman';\">\u00a0Los tribunales colegiados dan a conocer en p\u00fablico sus sentencias.<\/span><\/p>\n<div align=\"center\">\n<strong><span style=\"font-family: 'Times New Roman';\">CAP\u00cdTULO SEGUNDO<\/span><\/strong><br \/>\n<strong><span style=\"font-family: 'Times New Roman';\">Tribunal Superior de Justicia<\/span><\/strong><\/p>\n<\/div>\n<p><strong><span style=\"font-family: 'Times New Roman';\">INTEGRACI\u00d3N<\/span><\/strong><\/p>\n<p><strong><span style=\"font-family: 'Times New Roman';\">Art\u00edculo 164.-<\/span><\/strong><span style=\"font-family: 'Times New Roman';\">\u00a0El Tribunal Superior de Justicia est\u00e1 integrado por siete miembros, y puede dividirse en salas. Elige anualmente entre sus vocales un Presidente.<\/span><br \/>\n<strong><span style=\"font-family: 'Times New Roman';\">COMPETENCIA<\/span><\/strong><\/p>\n<p><strong><span style=\"font-family: 'Times New Roman';\">*Art\u00edculo 165.-<\/span><\/strong><span style=\"font-family: 'Times New Roman';\">\u00a0El Tribunal Superior de Justicia tiene la siguiente competencia:<\/span><\/p>\n<p><span style=\"font-family: 'Times New Roman';\">1. Conocer y resolver originaria y exclusivamente, en pleno:<\/span><br \/>\n<span style=\"font-family: 'Times New Roman';\">a. De las acciones declarativas de inconstitucionalidad de las leyes, decretos, reglamentos, resoluciones, Cartas Org\u00e1nicas y ordenanzas, que estatuyan sobre materia regida por esta Constituci\u00f3n, y se controviertan en caso concreto por parte interesada.<\/span><br \/>\n<span style=\"font-family: 'Times New Roman';\">b. De las cuestiones de competencia entre poderes p\u00fablicos de la Provincia y en las que se susciten entre los tribunales inferiores, salvo que \u00e9stos tengan otro superior com\u00fan.<\/span><br \/>\n<span style=\"font-family: 'Times New Roman';\">c. De los conflictos internos de las Municipalidades, de una Municipalidad con otra, o de \u00e9stas con autoridades de la Provincia.<\/span><br \/>\n<span style=\"font-family: 'Times New Roman';\">d. De las acciones por responsabilidad civil promovidas contra magistrados y funcionarios del Poder Judicial, con motivo del ejercicio de sus funciones, sin necesidad de remoci\u00f3n previa.<\/span><br \/>\n<span style=\"font-family: 'Times New Roman';\">2. Conocer y resolver, en pleno, de los recursos extraordinarios de inconstitucionalidad.<\/span><br \/>\n<span style=\"font-family: 'Times New Roman';\">3. Conocer y resolver, por intermedio de sus salas, de los recursos que las leyes de procedimientos acuerden.<\/span><br \/>\n<span style=\"font-family: 'Times New Roman';\">4. Conocer y resolver de la recusaci\u00f3n de sus Vocales y en las quejas por denegaci\u00f3n o retardo de justicia de acuerdo con las normas procesales.<\/span><\/p>\n<div align=\"center\"><strong><span style=\"font-family: 'Times New Roman';\">Atribuciones<\/span><\/strong><\/div>\n<p><strong><span style=\"font-family: 'Times New Roman';\">*Art\u00edculo 166.-<\/span><\/strong><span style=\"font-family: 'Times New Roman';\">\u00a0El Tribunal Superior de Justicia tiene las siguientes atribuciones:<\/span><\/p>\n<p><span style=\"font-family: 'Times New Roman';\">1. Dictar el reglamento interno del Poder Judicial de la Provincia que debe atender a los principios de celeridad, eficiencia y descentralizaci\u00f3n.<\/span><br \/>\n<span style=\"font-family: 'Times New Roman';\">2. Ejercer la superintendencia de la Administraci\u00f3n de Justicia sin perjuicio de la intervenci\u00f3n del Ministerio P\u00fablico y de la delegaci\u00f3n que establezca respecto de los tribunales de mayor jerarqu\u00eda de cada circunscripci\u00f3n o regi\u00f3n judicial.<\/span><br \/>\n<span style=\"font-family: 'Times New Roman';\">3. Crear la escuela de especializaci\u00f3n y capacitaci\u00f3n para magistrados y empleados, con reglamentaci\u00f3n de su funcionamiento.<\/span><br \/>\n<span style=\"font-family: 'Times New Roman';\">4. Preparar y elevar el c\u00e1lculo de recursos, gastos e inversiones del Poder Judicial al Gobernador para su consideraci\u00f3n por la Legislatura dentro del presupuesto general de la Provincia.<\/span><br \/>\n<span style=\"font-family: 'Times New Roman';\">5. Elevar a la Legislatura por intermedio del Poder Ejecutivo proyectos de leyes sobre organizaci\u00f3n y funcionamiento del Poder Judicial.<\/span><br \/>\n<span style=\"font-family: 'Times New Roman';\">6. Aplicar sanciones disciplinarias a magistrados, funcionarios y empleados judiciales, de conformidad al r\u00e9gimen y procedimiento que se fije.<\/span><br \/>\n<span style=\"font-family: 'Times New Roman';\">7. Designar a su personal en base a un procedimiento que garantice la igualdad de oportunidades y la selecci\u00f3n por idoneidad.<\/span><br \/>\n<span style=\"font-family: 'Times New Roman';\">8. Remover a los empleados judiciales.<\/span><br \/>\n<span style=\"font-family: 'Times New Roman';\">9. Informar anualmente al Poder Legislativo sobre la actividad de los tribunales.\u00a0<\/span><br \/>\n<span style=\"font-family: 'Times New Roman';\">10. Supervisar con los dem\u00e1s jueces las c\u00e1rceles provinciales.<\/span><br \/>\n<span style=\"font-family: 'Times New Roman';\">El Tribunal Superior podr\u00e1 delegar en su Presidente las atribuciones previstas en el inciso 2 de este art\u00edculo.<\/span><\/p>\n<div align=\"center\">\n<strong><span style=\"font-family: 'Times New Roman';\">CAP\u00cdTULO TERCERO<\/span><\/strong><br \/>\n<strong><span style=\"font-family: 'Times New Roman';\">Justicia de Paz<\/span><\/strong><\/p>\n<\/div>\n<p>&nbsp;<\/p>\n<p><strong><span style=\"font-family: 'Times New Roman';\">CARACTERES<\/span><\/strong><\/p>\n<p><strong><span style=\"font-family: 'Times New Roman';\">Art\u00edculo 167.-<\/span><\/strong><span style=\"font-family: 'Times New Roman';\">\u00a0La ley determina el n\u00famero de los jueces de paz, el per\u00edodo de sus funciones, el sueldo del que gozan, su competencia territorial, conforme al principio de descentralizaci\u00f3n de sus asientos, y material, en la soluci\u00f3n de cuestiones menores o vecinales y contravenciones o faltas provinciales. El procedimiento es verbal, sumar\u00edsimo, gratuito y de caracter\u00edsticas arbitrales.<\/span><br \/>\n<strong><span style=\"font-family: 'Times New Roman';\">REQUISITOS<\/span><\/strong><\/p>\n<p><strong><span style=\"font-family: 'Times New Roman';\">Art\u00edculo 168.-<\/span><\/strong><span style=\"font-family: 'Times New Roman';\">\u00a0Para ser designado juez de paz se requiere tener veinticinco a\u00f1os de edad, ciudadan\u00eda en ejercicio, tres a\u00f1os de residencia en el distrito, t\u00edtulo de abogado en lo posible, y las dem\u00e1s condiciones de idoneidad que establece la ley.<\/span><br \/>\n<strong><span style=\"font-family: 'Times New Roman';\">NOMBRAMIENTO<\/span><\/strong><\/p>\n<p><strong><span style=\"font-family: 'Times New Roman';\">*Art\u00edculo 169.-<\/span><\/strong><span style=\"font-family: 'Times New Roman';\">\u00a0Los jueces de paz son nombrados por el Poder Ejecutivo con acuerdo de la Legislatura, la que no puede otorgarlo antes de los quince d\u00edas de haberse publicado el pedido correspondiente. Durante el per\u00edodo de su ejercicio, s\u00f3lo pueden ser removidos por el Tribunal Superior de Justicia si concurren las causales enumeradas en el art\u00edculo 154.<\/span><\/p>\n<div align=\"center\">\n<strong><span style=\"font-family: 'Times New Roman';\">CAP\u00cdTULO CUARTO<\/span><\/strong><br \/>\n<strong><span style=\"font-family: 'Times New Roman';\">Justicia Electoral<\/span><\/strong><\/p>\n<\/div>\n<p><strong><span style=\"font-family: 'Times New Roman';\">TRIBUNAL ELECTORAL PROVINCIAL<\/span><\/strong><\/p>\n<p><strong><span style=\"font-family: 'Times New Roman';\">Art\u00edculo 170.-<\/span><\/strong><span style=\"font-family: 'Times New Roman';\">\u00a0La justicia electoral est\u00e1 a cargo de un juez que tiene la competencia y atribuciones que le establece una ley especial dictada al efecto.<\/span><\/p>\n<div align=\"center\">\n<strong><span style=\"font-family: 'Times New Roman';\">CAP\u00cdTULO QUINTO<\/span><\/strong><br \/>\n<strong><span style=\"font-family: 'Times New Roman';\">Ministerio P\u00fablico<\/span><\/strong><\/p>\n<\/div>\n<p>&nbsp;<\/p>\n<p><strong><span style=\"font-family: 'Times New Roman';\">ORGANIZACI\u00d3N<\/span><\/strong><\/p>\n<p><strong><span style=\"font-family: 'Times New Roman';\">Art\u00edculo 171.-<\/span><\/strong><span style=\"font-family: 'Times New Roman';\">\u00a0El Ministerio P\u00fablico est\u00e1 a cargo de un Fiscal General y de los fiscales que de \u00e9l dependan seg\u00fan lo establece la ley org\u00e1nica respectiva. Ejerce sus funciones con arreglo a los principios de legalidad, imparcialidad, unidad de actuaci\u00f3n y dependencia jer\u00e1rquica en todo el territorio de la Provincia. El Fiscal General fija las pol\u00edticas de persecuci\u00f3n penal e instruye a los fiscales inferiores sobre el cumplimiento de sus funciones conforme al p\u00e1rrafo anterior, de acuerdo a las leyes.<\/span><\/p>\n<p><strong><span style=\"font-family: 'Times New Roman';\">FUNCIONES<\/span><\/strong><\/p>\n<p><strong><span style=\"font-family: 'Times New Roman';\">Art\u00edculo 172.-<\/span><\/strong><span style=\"font-family: 'Times New Roman';\">\u00a0El Ministerio P\u00fablico tiene las siguientes funciones:<\/span><\/p>\n<p><span style=\"font-family: 'Times New Roman';\">1. Preparar y promover la acci\u00f3n judicial en defensa del inter\u00e9s p\u00fablico y los derechos de las personas.<\/span><br \/>\n<span style=\"font-family: 'Times New Roman';\">2. Custodiar la jurisdicci\u00f3n y competencia de los tribunales provinciales y la normal prestaci\u00f3n del servicio de justicia y procurar ante aqu\u00e9llos la satisfacci\u00f3n del inter\u00e9s social.<\/span><br \/>\n<span style=\"font-family: 'Times New Roman';\">3. Promover y ejercitar la acci\u00f3n penal p\u00fablica ante los tribunales competentes, sin perjuicio de los derechos que las leyes acuerden a los particulares.<\/span><br \/>\n<span style=\"font-family: 'Times New Roman';\">4. Dirigir la Polic\u00eda Judicial.<\/span><\/p>\n<p><strong><span style=\"font-family: 'Times New Roman';\">COMPOSICI\u00d3N<\/span><\/strong><\/p>\n<p><strong><span style=\"font-family: 'Times New Roman';\">Art\u00edculo 173.-<\/span><\/strong><span style=\"font-family: 'Times New Roman';\">\u00a0El Fiscal General de la Provincia debe reunir las condiciones exigidas para ser miembro del Tribunal Superior de Justicia y tiene iguales incompatibilidades e inmunidades. Dura en sus funciones cinco a\u00f1os y puede ser designado nuevamente.<\/span><\/p>\n<p><span style=\"font-family: 'Times New Roman';\">Los dem\u00e1s miembros del Ministerio P\u00fablico, son inamovibles mientras dure su buen desempe\u00f1o, gozan de todas las inmunidades y tienen iguales incompatibilidades que los jueces.<\/span><br \/>\n<span style=\"font-family: 'Times New Roman';\">Son designados y removidos en la misma forma y con los mismos requisitos que los miembros del Poder Judicial, seg\u00fan su jerarqu\u00eda.<\/span><\/p>\n<div align=\"center\">\n<strong><span style=\"font-family: 'Times New Roman';\">SECCI\u00d3N CUARTA<\/span><\/strong><br \/>\n<strong><span style=\"font-family: 'Times New Roman';\">Administraci\u00f3n P\u00fablica Provincial y Municipal<\/span><\/strong><\/p>\n<\/div>\n<p><strong><span style=\"font-family: 'Times New Roman';\">PRINCIPIOS<\/span><\/strong><\/p>\n<p><strong><span style=\"font-family: 'Times New Roman';\">Art\u00edculo 174.-<\/span><\/strong><span style=\"font-family: 'Times New Roman';\">\u00a0La Administraci\u00f3n P\u00fablica debe estar dirigida a satisfacer las necesidades de la comunidad con eficacia, eficiencia, economicidad y oportunidad, para lo cual busca armonizar los principios de centralizaci\u00f3n normativa, descentralizaci\u00f3n territorial, desconcentraci\u00f3n operativa, jerarqu\u00eda, coordinaci\u00f3n, imparcialidad, sujeci\u00f3n al orden jur\u00eddico y publicidad de normas y actos.<\/span><\/p>\n<p><span style=\"font-family: 'Times New Roman';\">El ingreso a la Administraci\u00f3n P\u00fablica se hace por idoneidad, con criterio objetivo en base a concurso p\u00fablico de los aspirantes, que asegure la igualdad de oportunidades. La ley establece las condiciones de dicho concurso, y los cargos en los que por la naturaleza de las funciones, deba prescindirse de aqu\u00e9l.<\/span><\/p>\n<p><strong><span style=\"font-family: 'Times New Roman';\">REGIONALIZACI\u00d3N<\/span><\/strong><\/p>\n<p><strong><span style=\"font-family: 'Times New Roman';\">Art\u00edculo 175.-<\/span><\/strong><span style=\"font-family: 'Times New Roman';\">\u00a0Una ley especial establece la regionalizaci\u00f3n de la Provincia a los fines de facilitar la desconcentraci\u00f3n administrativa, la m\u00e1s eficiente prestaci\u00f3n de los servicios p\u00fablicos, y unificar los diversos criterios de divisi\u00f3n territorial.<\/span><br \/>\n<strong><span style=\"font-family: 'Times New Roman';\">PROCEDIMIENTO<\/span><\/strong><\/p>\n<p><strong><span style=\"font-family: 'Times New Roman';\">Art\u00edculo 176.-<\/span><\/strong><span style=\"font-family: 'Times New Roman';\">\u00a0La Administraci\u00f3n Provincial y Municipal sujeta su actuaci\u00f3n a la determinaci\u00f3n oficiosa de la verdad, con celeridad, econom\u00eda, sencillez en su tr\u00e1mite, determinaci\u00f3n de plazos para expedirse y participaci\u00f3n de quienes puedan verse afectados en sus intereses, mediante procedimiento p\u00fablico e informal para los administrados.<\/span><br \/>\n<strong><span style=\"font-family: 'Times New Roman';\">ACUMULACI\u00d3N DE EMPLEOS<\/span><\/strong><\/p>\n<p><strong><span style=\"font-family: 'Times New Roman';\">Art\u00edculo 177.-<\/span><\/strong><span style=\"font-family: 'Times New Roman';\">\u00a0No pueden acumularse en la misma persona dos o m\u00e1s empleos de las reparticiones provinciales, con excepci\u00f3n de la docencia y las profesiones del arte de curar, cuyas incompatibilidades establece la ley. Cuando se trate de cargos pol\u00edticos, puede retenerse el empleo sin percepci\u00f3n de haberes.<\/span><br \/>\n<strong><span style=\"font-family: 'Times New Roman';\">DEMANDAS CONTRA EL ESTADO<\/span><\/strong><\/p>\n<p><strong><span style=\"font-family: 'Times New Roman';\">Art\u00edculo 178.-<\/span><\/strong><span style=\"font-family: 'Times New Roman';\">\u00a0El Estado, los Municipios y dem\u00e1s personas jur\u00eddicas p\u00fablicas pueden ser demandadas ante los tribunales ordinarios sin necesidad de formalidad ni autorizaci\u00f3n previa de la Legislatura y sin que en juicio deban gozar de privilegio alguno.<\/span><\/p>\n<p><span style=\"font-family: 'Times New Roman';\">La actuaci\u00f3n del Estado, los Municipios y dem\u00e1s personas jur\u00eddicas p\u00fablicas en el ejercicio de funci\u00f3n administrativa, quedan sometidos al control judicial de acuerdo con lo que determine la ley de la materia y sin otro requisito que el interesado haya agotado la v\u00eda administrativa.<\/span><\/p>\n<p><strong><span style=\"font-family: 'Times New Roman';\">SENTENCIAS CONTRA EL ESTADO<\/span><\/strong><\/p>\n<p><strong><span style=\"font-family: 'Times New Roman';\">Art\u00edculo 179.-<\/span><\/strong><span style=\"font-family: 'Times New Roman';\">\u00a0Los bienes del Estado Provincial o Municipal no pueden ser objeto de embargos preventivos. La ley determina el tiempo de cumplir sentencias condenatorias en contra del Estado Provincial y de los Municipios.<\/span><\/p>\n<div align=\"center\">\n<strong><span style=\"font-family: 'Times New Roman';\">T\u00cdTULO SEGUNDO<\/span><\/strong><br \/>\n<strong><span style=\"font-family: 'Times New Roman';\">Municipalidades y Comunas<\/span><\/strong><\/p>\n<\/div>\n<p><strong><span style=\"font-family: 'Times New Roman';\">AUTONOM\u00cdA<\/span><\/strong><\/p>\n<p><strong><span style=\"font-family: 'Times New Roman';\">Art\u00edculo 180.-<\/span><\/strong><span style=\"font-family: 'Times New Roman';\">\u00a0Esta Constituci\u00f3n reconoce la existencia del Municipio como una comunidad natural fundada en la convivencia y asegura el r\u00e9gimen municipal basado en su autonom\u00eda pol\u00edtica, administrativa, econ\u00f3mica, financiera e institucional.<\/span><\/p>\n<p><span style=\"font-family: 'Times New Roman';\">Los Municipios son independientes de todo otro poder en el ejercicio de sus atribuciones, conforme a esta Constituci\u00f3n y las leyes que en su consecuencia se dicten.<\/span><\/p>\n<p><strong><span style=\"font-family: 'Times New Roman';\">MUNICIPIO<\/span><\/strong><\/p>\n<p><strong><span style=\"font-family: 'Times New Roman';\">Art\u00edculo 181.-<\/span><\/strong><span style=\"font-family: 'Times New Roman';\">\u00a0Toda poblaci\u00f3n con asentamiento estable de m\u00e1s de dos mil habitantes, se considera Municipio. Aqu\u00e9llas a las que la ley reconozca el car\u00e1cter de ciudades, pueden dictar sus Cartas Org\u00e1nicas.<\/span><\/p>\n<p><strong><span style=\"font-family: 'Times New Roman';\">CARTAS ORG\u00c1NICAS MUNICIPALES<\/span><\/strong><\/p>\n<p><strong><span style=\"font-family: 'Times New Roman';\">Art\u00edculo 182.-<\/span><\/strong><span style=\"font-family: 'Times New Roman';\">\u00a0Las Cartas Org\u00e1nicas Municipales, son sancionadas por convenciones convocadas por la autoridad ejecutiva local, en virtud de ordenanza sancionada al efecto. La Convenci\u00f3n Municipal se integra por el doble n\u00famero de Concejales, elegidos por voto directo y por el sistema de representaci\u00f3n proporcional. Para ser Convencional se requieren las mismas condiciones que para ser Concejal.<\/span><br \/>\n<strong><span style=\"font-family: 'Times New Roman';\">REQUISITOS<\/span><\/strong><\/p>\n<p><strong><span style=\"font-family: 'Times New Roman';\">*Art\u00edculo 183.-<\/span><\/strong><span style=\"font-family: 'Times New Roman';\">\u00a0Las Cartas Org\u00e1nicas deben asegurar:<\/span><\/p>\n<p><span style=\"font-family: 'Times New Roman';\">1. El sistema representativo y republicano, con elecci\u00f3n directa de sus autoridades, y el voto universal, igual, secreto, obligatorio y de extranjeros.<\/span><br \/>\n<span style=\"font-family: 'Times New Roman';\">2. La elecci\u00f3n a simple pluralidad de sufragios para el \u00f3rgano ejecutivo si lo hubiera, y un sistema de representaci\u00f3n proporcional para el Cuerpo Deliberante, que asegure al partido que obtenga el mayor n\u00famero de votos la mitad m\u00e1s uno de sus representantes.<\/span><br \/>\n<span style=\"font-family: 'Times New Roman';\">3. Un Tribunal de Cuentas con elecci\u00f3n directa y representaci\u00f3n de la minor\u00eda.<\/span><br \/>\n<span style=\"font-family: 'Times New Roman';\">4. Los derechos de iniciativa, refer\u00e9ndum y revocatoria.<\/span><br \/>\n<span style=\"font-family: 'Times New Roman';\">5. El reconocimiento de Comisiones de Vecinos, con participaci\u00f3n en la gesti\u00f3n municipal y respetando el r\u00e9gimen representativo y republicano.<\/span><br \/>\n<span style=\"font-family: 'Times New Roman';\">6. Los dem\u00e1s requisitos que establece esta Constituci\u00f3n.<\/span><\/p>\n<p><strong><span style=\"font-family: 'Times New Roman';\">LEY ORG\u00c1NICA MUNICIPAL<\/span><\/strong><\/p>\n<p><strong><span style=\"font-family: 'Times New Roman';\">Art\u00edculo 184.-<\/span><\/strong><span style=\"font-family: 'Times New Roman';\">\u00a0La Legislatura sanciona la Ley Org\u00e1nica Municipal para los Municipios que no tengan Carta Org\u00e1nica. \u00c9stos pueden establecer diferentes tipos de gobierno, siempre que aseguren lo prescripto en los incisos 1, 2, 4 y 6 del art\u00edculo anterior. La ley garantiza la existencia de un Tribunal de Cuentas o de un organismo similar, elegido de la forma que prescribe el inciso 3 del art\u00edculo anterior.<\/span><br \/>\n<strong><span style=\"font-family: 'Times New Roman';\">COMPETENCIA TERRITORIAL<\/span><\/strong><\/p>\n<p><strong><span style=\"font-family: 'Times New Roman';\">*Art\u00edculo 185.-<\/span><\/strong><span style=\"font-family: 'Times New Roman';\">\u00a0La competencia territorial comprende la zona a beneficiarse con los servicios municipales. La Legislatura establece el procedimiento para la fijaci\u00f3n de l\u00edmites; \u00e9stos no pueden exceder los correspondientes al Departamento respectivo.<\/span><\/p>\n<p><span style=\"font-family: 'Times New Roman';\">Por ley el Gobierno Provincial delega a los municipios el ejercicio de su poder de polic\u00eda, en materias de competencia municipal en las zonas no sujetas a su jurisdicci\u00f3n territorial.<\/span><\/p>\n<p><strong><span style=\"font-family: 'Times New Roman';\">COMPETENCIA MATERIAL<\/span><\/strong><\/p>\n<p><strong><span style=\"font-family: 'Times New Roman';\">Art\u00edculo 186.-<\/span><\/strong><span style=\"font-family: 'Times New Roman';\">\u00a0Son funciones, atribuciones y finalidades inherentes a la competencia municipal:<\/span><\/p>\n<p><span style=\"font-family: 'Times New Roman';\">1. Gobernar y administrar los intereses p\u00fablicos locales dirigidos al bien com\u00fan.<\/span><br \/>\n<span style=\"font-family: 'Times New Roman';\">2. Juzgar pol\u00edticamente a las autoridades municipales.<\/span><br \/>\n<span style=\"font-family: 'Times New Roman';\">3. Crear, determinar y percibir los recursos econ\u00f3mico-financieros, confeccionar presupuestos, realizar la inversi\u00f3n de recursos y el control de los mismos.<\/span><br \/>\n<span style=\"font-family: 'Times New Roman';\">4. Administrar y disponer de los bienes que integran el patrimonio municipal.<\/span><br \/>\n<span style=\"font-family: 'Times New Roman';\">5. Nombrar y remover los agentes municipales, con garant\u00eda de la carrera administrativa y la estabilidad.<\/span><br \/>\n<span style=\"font-family: 'Times New Roman';\">6. Realizar obras p\u00fablicas y prestar servicios p\u00fablicos por s\u00ed o por intermedio de particulares.<\/span><br \/>\n<span style=\"font-family: 'Times New Roman';\">7. Atender las siguientes materias: salubridad; salud y centros asistenciales; higiene y moralidad p\u00fablica; ancianidad, discapacidad y desamparo; cementerios y servicios f\u00fanebres; planes edilicios, apertura y construcci\u00f3n de calles, plazas y paseos; dise\u00f1o y est\u00e9tica; vialidad, tr\u00e1nsito y transporte urbano; uso de calles y subsuelo; control de la construcci\u00f3n; protecci\u00f3n del medio ambiente, paisaje, equilibrio ecol\u00f3gico y poluci\u00f3n ambiental; faenamiento de animales destinados al consumo; mercados, abastecimiento de productos en las mejores condiciones de calidad y precio; elaboraci\u00f3n y venta de alimentos; creaci\u00f3n y fomento de instituciones de cultura intelectual y f\u00edsica y establecimientos de ense\u00f1anza regidos por ordenanzas concordantes con las leyes en la materia; turismo; servicios de previsi\u00f3n, asistencia social y bancarios.<\/span><br \/>\n<span style=\"font-family: 'Times New Roman';\">8. Disponer y fomentar las pol\u00edticas de apoyo y difusi\u00f3n de los valores culturales, regionales y nacionales, en general. Conservar y defender el patrimonio hist\u00f3rico y art\u00edstico.<\/span><br \/>\n<span style=\"font-family: 'Times New Roman';\">9. Regular el procedimiento administrativo y el r\u00e9gimen de faltas.<\/span><br \/>\n<span style=\"font-family: 'Times New Roman';\">10. Establecer restricciones, servidumbres y calificar los casos de expropiaci\u00f3n por utilidad p\u00fablica con arreglo a las leyes que rigen la materia.<\/span><br \/>\n<span style=\"font-family: 'Times New Roman';\">11. Regular y coordinar planes urban\u00edsticos y edilicios.<\/span><br \/>\n<span style=\"font-family: 'Times New Roman';\">12. Publicar peri\u00f3dicamente el estado de sus ingresos y gastos y, anualmente, una memoria sobre la labor desarrollada.<\/span><br \/>\n<span style=\"font-family: 'Times New Roman';\">13. Ejercer las funciones delegadas por el Gobierno Federal o Provincial.<\/span><br \/>\n<span style=\"font-family: 'Times New Roman';\">14. Ejercer cualquier otra funci\u00f3n o atribuci\u00f3n de inter\u00e9s municipal que no est\u00e9 prohibida por esta Constituci\u00f3n y no sea incompatible con las funciones de los poderes del Estado.<\/span><\/p>\n<p><strong><span style=\"font-family: 'Times New Roman';\">R\u00c9GIMEN SANCIONATORIO Y TRIBUNAL DE FALTAS<\/span><\/strong><\/p>\n<p><strong><span style=\"font-family: 'Times New Roman';\">Art\u00edculo 187.-<\/span><\/strong><span style=\"font-family: 'Times New Roman';\">\u00a0Las disposiciones org\u00e1nicas municipales y las ordenanzas que en consecuencia se dicten pueden autorizar a las autoridades para imponer multas; disponer la demolici\u00f3n de construcciones, clausura y desalojo de los inmuebles; secuestro, decomiso o destrucci\u00f3n de objetos, para lo cual las Municipalidades pueden requerir el auxilio de la fuerza p\u00fablica y recabar \u00f3rdenes de allanamiento.<\/span><\/p>\n<p><span style=\"font-family: 'Times New Roman';\">Tambi\u00e9n pueden imponer sanciones de arresto de hasta quince d\u00edas, con recurso judicial suficiente y efectos suspensivos ante el juez que la ley determine.<\/span><br \/>\n<span style=\"font-family: 'Times New Roman';\">Las disposiciones org\u00e1nicas pueden establecer Tribunales de Faltas.<\/span><\/p>\n<p><strong><span style=\"font-family: 'Times New Roman';\">RECURSOS<\/span><\/strong><\/p>\n<p><strong><span style=\"font-family: 'Times New Roman';\">Art\u00edculo 188.-<\/span><\/strong><span style=\"font-family: 'Times New Roman';\">\u00a0Las Municipalidades disponen de los siguientes recursos:<\/span><\/p>\n<p><span style=\"font-family: 'Times New Roman';\">1. Impuestos municipales establecidos en la jurisdicci\u00f3n respectiva, que respeten los principios constitucionales de la tributaci\u00f3n y la armonizaci\u00f3n con el r\u00e9gimen impositivo provincial y federal.<\/span><br \/>\n<span style=\"font-family: 'Times New Roman';\">2. Los precios p\u00fablicos municipales, tasas, derechos, patentes, contribuciones por mejoras, multas y todo ingreso de capital originado por actos de disposici\u00f3n, administraci\u00f3n o explotaci\u00f3n de su patrimonio.<\/span><br \/>\n<span style=\"font-family: 'Times New Roman';\">3. Los provenientes de la coparticipaci\u00f3n provincial y federal, cuyos porcentajes no pueden ser inferiores al veinte por ciento. El monto resultante se distribuye en los municipios y comunas de acuerdo con la ley, en base a los principios de proporcionalidad y redistribuci\u00f3n solidaria.<\/span><br \/>\n<span style=\"font-family: 'Times New Roman';\">4. Donaciones, legados y dem\u00e1s aportes especiales.<\/span><\/p>\n<p><strong><span style=\"font-family: 'Times New Roman';\">EMPR\u00c9STITOS<\/span><\/strong><\/p>\n<p><strong><span style=\"font-family: 'Times New Roman';\">Art\u00edculo 189.-<\/span><\/strong><span style=\"font-family: 'Times New Roman';\">\u00a0Las Municipalidades pueden contraer empr\u00e9stitos para obras p\u00fablicas o conversi\u00f3n de la deuda ya existente, a tal fin destinan un fondo de amortizaci\u00f3n, al que no puede darse otra aplicaci\u00f3n. El servicio de la totalidad de los empr\u00e9stitos no debe comprometer m\u00e1s de la quinta parte de los recursos del ejercicio.<\/span><br \/>\n<strong><span style=\"font-family: 'Times New Roman';\">CONVENIOS INTERMUNICIPALES<\/span><\/strong><\/p>\n<p><strong><span style=\"font-family: 'Times New Roman';\">Art\u00edculo 190.-<\/span><\/strong><span style=\"font-family: 'Times New Roman';\">\u00a0Las Municipalidades pueden celebrar convenios entre s\u00ed, y constituir organismos intermunicipales para la prestaci\u00f3n de servicios, realizaci\u00f3n de obras p\u00fablicas, cooperaci\u00f3n t\u00e9cnica y financiera o actividades de inter\u00e9s com\u00fan de su competencia. Pueden celebrar acuerdos con la Provincia, el Gobierno Federal u organismos descentralizados, para el ejercicio coordinado de facultades concurrentes e intereses comunes.<\/span><br \/>\n<strong><span style=\"font-family: 'Times New Roman';\">PARTICIPACI\u00d3N<\/span><\/strong><\/p>\n<p><strong><span style=\"font-family: 'Times New Roman';\">Art\u00edculo 191.-<\/span><\/strong><span style=\"font-family: 'Times New Roman';\">\u00a0Las Municipalidades convienen con la Provincia su participaci\u00f3n en la administraci\u00f3n, gesti\u00f3n y ejecuci\u00f3n de obras y servicios que preste o ejecute en su radio, con la asignaci\u00f3n de recursos en su caso, para lograr mayor eficiencia y descentralizaci\u00f3n operativa.<\/span><\/p>\n<p><span style=\"font-family: 'Times New Roman';\">Participan en la elaboraci\u00f3n y ejecuci\u00f3n de los planes de desarrollo regional, y acuerdan su participaci\u00f3n en la realizaci\u00f3n de obras y prestaci\u00f3n de servicios que les afecten en raz\u00f3n de la zona.<\/span><br \/>\n<span style=\"font-family: 'Times New Roman';\">Es obligaci\u00f3n del Gobierno Provincial brindar asistencia t\u00e9cnica.<\/span><\/p>\n<p><strong><span style=\"font-family: 'Times New Roman';\">COOPERACI\u00d3N<\/span><\/strong><\/p>\n<p><strong><span style=\"font-family: 'Times New Roman';\">Art\u00edculo 192.-<\/span><\/strong><span style=\"font-family: 'Times New Roman';\">\u00a0Las Municipalidades deben prestar la cooperaci\u00f3n requerida por el Gobierno de la Provincia para hacer cumplir la Constituci\u00f3n y sus leyes. El Gobierno Provincial debe colaborar a requerimiento de las Municipalidades para el cumplimiento de sus funciones espec\u00edficas.<\/span><\/p>\n<p><strong><span style=\"font-family: 'Times New Roman';\">ACEFAL\u00cdA<\/span><\/strong><\/p>\n<p><strong><span style=\"font-family: 'Times New Roman';\">*Art\u00edculo 193.-<\/span><\/strong><span style=\"font-family: 'Times New Roman';\">\u00a0En caso de acefal\u00eda total de los Municipios, la Legislatura, con los dos tercios de sus votos, declara la intervenci\u00f3n, por un plazo no mayor de noventa d\u00edas, y autoriza al Poder Ejecutivo Provincial a designar un comisionado para que convoque a nuevas elecciones para completar el per\u00edodo.<\/span><\/p>\n<p><span style=\"font-family: 'Times New Roman';\">El Comisionado s\u00f3lo tiene facultades para garantizar el funcionamiento de los servicios p\u00fablicos.<\/span><\/p>\n<p><strong><span style=\"font-family: 'Times New Roman';\">COMUNAS<\/span><\/strong><\/p>\n<p><strong><span style=\"font-family: 'Times New Roman';\">Art\u00edculo 194.-<\/span><\/strong><span style=\"font-family: 'Times New Roman';\">\u00a0En las poblaciones estables de menos de dos mil habitantes, se establecen Comunas. La ley determina las condiciones para su existencia, competencia material y territorial, asignaci\u00f3n de recursos y forma de gobierno que asegure un sistema representativo con elecci\u00f3n directa de sus autoridades.<\/span><\/p>\n<div align=\"center\">\n<strong><span style=\"font-family: 'Times New Roman';\">T\u00cdTULO TERCERO<\/span><\/strong><br \/>\n<strong><span style=\"font-family: 'Times New Roman';\">Poder Constituyente<\/span><\/strong><\/p>\n<\/div>\n<p><strong><span style=\"font-family: 'Times New Roman';\">PODER CONSTITUYENTE<\/span><\/strong><\/p>\n<p><strong><span style=\"font-family: 'Times New Roman';\">Art\u00edculo 195.-<\/span><\/strong><span style=\"font-family: 'Times New Roman';\">\u00a0El Poder Constituyente para reformar en todo o en parte la presente Constituci\u00f3n, es ejercido por el pueblo de la Provincia en la forma que esta Constituci\u00f3n lo determine.<\/span><br \/>\n<strong><span style=\"font-family: 'Times New Roman';\">NECESIDAD<\/span><\/strong><\/p>\n<p><strong><span style=\"font-family: 'Times New Roman';\">*Art\u00edculo 196.-<\/span><\/strong><span style=\"font-family: 'Times New Roman';\">\u00a0La declaraci\u00f3n de la necesidad de la reforma y la convocatoria a la Convenci\u00f3n Constituyente que la lleva a cabo, debe ser aprobada con el voto de dos terceras partes del total de los miembros de la Legislatura. Debe designarse con precisi\u00f3n el punto o puntos que han de ser materia de aqu\u00e9lla; no puede la Convenci\u00f3n pronunciarse sobre otros.<\/span><\/p>\n<p><strong><span style=\"font-family: 'Times New Roman';\">PUBLICACI\u00d3N<\/span><\/strong><\/p>\n<p><strong><span style=\"font-family: 'Times New Roman';\">Art\u00edculo 197.-<\/span><\/strong><span style=\"font-family: 'Times New Roman';\">\u00a0La declaraci\u00f3n de la necesidad de la reforma no puede ser iniciada ni vetada por el Poder Ejecutivo. Debe ser publicada treinta d\u00edas en los principales diarios de la Provincia, juntamente con la fecha del comicio.\u00a0<\/span><\/p>\n<p><strong><span style=\"font-family: 'Times New Roman';\">COMPOSICI\u00d3N DE LA CONVENCI\u00d3N &#8211; NUMERO &#8211; INMUNIDADES<\/span><\/strong><\/p>\n<p><strong><span style=\"font-family: 'Times New Roman';\">*Art\u00edculo 198.-<\/span><\/strong><span style=\"font-family: 'Times New Roman';\">\u00a0La Convenci\u00f3n se compone de un n\u00famero de miembros igual al de la Legislatura, elegidos directamente por el pueblo, por el sistema proporcional, considerada la Provincia como distrito \u00fanico. Los convencionales deben reunir las condiciones exigidas para ser legislador provincial, y gozan de las mismas inmunidades. El cargo de Convencional es compatible con cualquier otro cargo p\u00fablico que no sea el de Gobernador, Vicegobernador, magistrados y funcionarios del Poder Judicial.<\/span><\/p>\n<p><strong><span style=\"font-family: 'Times New Roman';\">T\u00c9RMINO<\/span><\/strong><\/p>\n<p><strong><span style=\"font-family: 'Times New Roman';\">Art\u00edculo 199.-<\/span><\/strong><span style=\"font-family: 'Times New Roman';\">\u00a0La declaraci\u00f3n de la necesidad de la reforma no puede establecer un t\u00e9rmino mayor de un a\u00f1o para que la Convenci\u00f3n cumpla su cometido. Debe la misma constituirse dentro de los treinta d\u00edas corridos a partir de la fecha de proclamaci\u00f3n de los electos.<\/span><\/p>\n<p>&nbsp;<\/p>\n<p><strong><span style=\"font-family: 'Times New Roman';\">PROMULGACI\u00d3N Y PUBLICACI\u00d3N<\/span><\/strong><\/p>\n<p><strong><span style=\"font-family: 'Times New Roman';\">Art\u00edculo 200.-<\/span><\/strong><span style=\"font-family: 'Times New Roman';\">\u00a0Corresponde al Gobernador promulgar en el t\u00e9rmino de diez d\u00edas la reforma realizada y ordenar su publicaci\u00f3n. Si as\u00ed no lo hiciere, se tiene por promulgada t\u00e1citamente.<\/span><\/p>\n<div align=\"center\">\n<strong><span style=\"font-family: 'Times New Roman';\">*DISPOSICI\u00d3N COMPLEMENTARIA<\/span><\/strong><\/div>\n<p><span style=\"font-family: 'Times New Roman';\">Toda edici\u00f3n oficial de esta Constituci\u00f3n debe llevar anexos los textos de la &#8220;Declaraci\u00f3n Universal de los Derechos del Hombre&#8221;, de la Organizaci\u00f3n de las Naciones Unidas del a\u00f1o 1948 y la parte declarativa de derechos de la &#8220;Convenci\u00f3n Americana sobre Derechos Humanos&#8221; (Pre\u00e1mbulo y Parte I), suscripta en San Jos\u00e9 de Costa Rica en 1969, aprobada por la Rep\u00fablica Argentina a trav\u00e9s de la ley N\u00b0 23054 de 1984, a la cual adhiri\u00f3 esta Provincia de C\u00f3rdoba por ley N\u00b0 7098 de 1984.<\/span><\/p>\n<div align=\"center\">\n<strong><span style=\"font-family: 'Times New Roman';\">*DISPOSICIONES TRANSITORIAS<\/span><\/strong><\/div>\n<p><span style=\"font-family: 'Times New Roman';\">Las cl\u00e1usulas transitorias siguientes se dictan en virtud de la supremac\u00eda inherente al Poder Constituyente, consecuente con el Poder del pueblo ejercido por su intermedio y de cuya voluntad emana la presente Ley Fundamental, a la cual deben conformar sus respectivas conductas los poderes constituidos.<\/span><\/p>\n<div align=\"center\">\n<strong><span style=\"font-family: 'Times New Roman';\">*PRIMERA<\/span><\/strong><\/div>\n<p><strong><span style=\"font-family: 'Times New Roman';\">DECL\u00c1RASE\u00a0<\/span><\/strong><span style=\"font-family: 'Times New Roman';\">la caducidad de los mandatos de los diputados y senadores electos el d\u00eda diez de octubre de mil novecientos noventa y nueve, tanto de los titulares que se encuentren en ejercicio al momento de sancionarse esta reforma cuanto de sus respectivos suplentes. La caducidad que se declara por la presente cl\u00e1usula opera de pleno derecho el d\u00eda diez de diciembre de dos mil uno. Quien se sintiere afectado puede, dentro del plazo de treinta d\u00edas corridos a contar de la vigencia de esta Constituci\u00f3n, solicitar una reparaci\u00f3n pecuniaria, si as\u00ed correspondiere.<\/span><\/p>\n<div align=\"center\">\n<strong><span style=\"font-family: 'Times New Roman';\">*SEGUNDA<\/span><\/strong><\/div>\n<p><strong><span style=\"font-family: 'Times New Roman';\">F\u00cdJASE<\/span><\/strong><span style=\"font-family: 'Times New Roman';\">\u00a0el d\u00eda domingo catorce de octubre de dos mil uno como fecha para elegir legisladores provinciales en el \u00e1mbito de la Provincia de C\u00f3rdoba.<\/span><\/p>\n<div align=\"center\">\n<strong><span style=\"font-family: 'Times New Roman';\">*TERCERA<\/span><\/strong><\/div>\n<p><strong><span style=\"font-family: 'Times New Roman';\">CONV\u00d3CASE\u00a0<\/span><\/strong><span style=\"font-family: 'Times New Roman';\">al pueblo de los Departamentos de\u00a0<\/span><strong><span style=\"font-family: 'Times New Roman';\">CALAMUCHITA, CAPITAL, CRUZ DEL EJE, COL\u00d3N, GENERAL ROCA, GENERAL SAN MART\u00cdN, ISCHIL\u00cdN, JU\u00c1REZ CELMAN, MARCOS JU\u00c1REZ, MINAS, POCHO, PRESIDENTE ROQUE S\u00c1ENZ PE\u00d1A, PUNILLA, R\u00cdO CUARTO, R\u00cdO PRIMERO, R\u00cdO SECO, R\u00cdO SEGUNDO, SAN ALBERTO, SAN JAVIER, SAN JUSTO, SANTA MAR\u00cdA, SOBREMONTE, TERCERO ARRIBA, TOTORAL, TULUMBA y UNI\u00d3N<\/span><\/strong><span style=\"font-family: 'Times New Roman';\">con el objeto de elegir en cada uno y en la fecha prevista en la cl\u00e1usula segunda, un legislador provincial titular y su correspondiente suplente. Cada elector puede votar por una boleta oficializada de un candidato titular y un suplente, considerando a cada uno de los departamentos como distrito \u00fanico.<\/span><\/p>\n<div align=\"center\">\n<strong><span style=\"font-family: 'Times New Roman';\">*CUARTA<\/span><\/strong><\/div>\n<p><strong><span style=\"font-family: 'Times New Roman';\">CONV\u00d3CASE\u00a0<\/span><\/strong><span style=\"font-family: 'Times New Roman';\">al pueblo de la Provincia de C\u00f3rdoba con el objeto de elegir en la fecha prevista en la cl\u00e1usula segunda, cuarenta y cuatro legisladores provinciales titulares y veintid\u00f3s suplentes. Cada elector vota por una boleta oficializada que contenga cuarenta y cuatro legisladores provinciales titulares y veintid\u00f3s legisladores suplentes, considerando a la Provincia como distrito \u00fanico.<\/span><\/p>\n<div align=\"center\">\n<strong><span style=\"font-family: 'Times New Roman';\">*QUINTA<\/span><\/strong><\/div>\n<p><strong><span style=\"font-family: 'Times New Roman';\">EN<\/span><\/strong><span style=\"font-family: 'Times New Roman';\">\u00a0la elecci\u00f3n convocada en las cl\u00e1usulas precedentes y en la asignaci\u00f3n de bancas se aplica el sistema electoral establecido en el art\u00edculo 78.<\/span><\/p>\n<div align=\"center\">\n<strong><span style=\"font-family: 'Times New Roman';\">*SEXTA<\/span><\/strong><\/div>\n<p><strong><span style=\"font-family: 'Times New Roman';\">LA\u00a0<\/span><\/strong><span style=\"font-family: 'Times New Roman';\">elecci\u00f3n convocada se realiza en forma simult\u00e1nea con las convocadas por el decreto N\u00b0 1542\/01 del Poder Ejecutivo Provincial de fecha doce de Julio de dos mil uno y se regir\u00e1n por lo dispuesto en la ley N\u00ba 15.262, decreto reglamentario N\u00ba 1265\/59 y el C\u00f3digo Electoral Nacional (ley N\u00ba 19.945, complementarias y modificatorias).<\/span><\/p>\n<div align=\"center\">\n<strong><span style=\"font-family: 'Times New Roman';\">*S\u00c9PTIMA<\/span><\/strong><\/div>\n<p><strong><span style=\"font-family: 'Times New Roman';\">D\u00c9JANSE<\/span><\/strong><span style=\"font-family: 'Times New Roman';\">\u00a0sin efecto los art\u00edculos 1, 2, 3, 4, 5 y 6 del decreto N\u00b0 1542\/01 del Poder Ejecutivo Provincial de fecha doce de julio de dos mil uno, y\u00a0<\/span><strong><span style=\"font-family: 'Times New Roman';\">DISP\u00d3NESE<\/span><\/strong><span style=\"font-family: 'Times New Roman';\">\u00a0que para la elecci\u00f3n de legisladores provinciales convocada en las cl\u00e1usulas transitorias tercera y cuarta, rige el cronograma electoral establecido en la cl\u00e1usula octava.<\/span><\/p>\n<div align=\"center\">\n<strong><span style=\"font-family: 'Times New Roman';\">*OCTAVA<\/span><\/strong><\/div>\n<p><strong><span style=\"font-family: 'Times New Roman';\">ESTABL\u00c9CESE\u00a0<\/span><\/strong><span style=\"font-family: 'Times New Roman';\">el siguiente cronograma electoral, a saber:<\/span><\/p>\n<p><span style=\"font-family: 'Times New Roman';\">1. Las listas de candidatos a legisladores provinciales que sustituyan a las que actualmente se encuentran presentadas y oficializadas para elegir senadores provinciales pueden registrarse hasta las trece horas del d\u00eda lunes diecisiete de septiembre de dos mil uno.<\/span><\/p>\n<p><span style=\"font-family: 'Times New Roman';\">2. En el mismo plazo deben presentarse las solicitudes de alianza y los convenios de sumatoria de votos.<\/span><\/p>\n<p><span style=\"font-family: 'Times New Roman';\">3. Dentro de las veinticuatro horas siguientes, el Juzgado Electoral dicta resoluci\u00f3n fundada respecto de la calidad de los candidatos y la comunica a la Junta Electoral Nacional.<\/span><\/p>\n<p><span style=\"font-family: 'Times New Roman';\">4. Se habilitan d\u00edas y horas y los plazos electorales establecidos por el art\u00edculo 41 y concordantes de la ley N\u00ba 8767 quedan reducidos a un tercio de los mismos.<\/span><\/p>\n<p><span style=\"font-family: 'Times New Roman';\">5. Ratif\u00edcase el decreto N\u00b0 1700\/01 de fecha veintisiete de julio de dos mil uno del Poder Ejecutivo Provincial.<\/span><\/p>\n<p><span style=\"font-family: 'Times New Roman';\">6. Los partidos que vayan a oficializar candidatos a legisladores provinciales deben presentar los modelos de boletas de la Junta Electoral Nacional en los t\u00e9rminos del art\u00edculo 62 del C\u00f3digo Electoral Nacional que contemplen dicha presentaci\u00f3n.<\/span><\/p>\n<p><span style=\"font-family: 'Times New Roman';\">7. Atento al car\u00e1cter de excepcionalidad, las agrupaciones pol\u00edticas pueden determinar la forma y el modo para seleccionar sus candidatos a legisladores provinciales por resoluci\u00f3n de sus respectivos organismos de conducci\u00f3n partidaria a los fines de requerir su oficializaci\u00f3n.<\/span><\/p>\n<p><span style=\"font-family: 'Times New Roman';\">8. El Juzgado Electoral adecua y compatibiliza el resto del cronograma en los t\u00e9rminos del art\u00edculo 8 y concordantes de la ley N\u00ba 8947.<\/span><\/p>\n<div align=\"center\">\n<strong><span style=\"font-family: 'Times New Roman';\">*NOVENA<\/span><\/strong><\/div>\n<p><strong><span style=\"font-family: 'Times New Roman';\">LOS\u00a0<\/span><\/strong><span style=\"font-family: 'Times New Roman';\">legisladores provinciales que resulten electos en los comicios del d\u00eda catorce de octubre de dos mil uno, ejercen su cargo desde el d\u00eda diez de diciembre de dos mil uno hasta el d\u00eda diez de diciembre de dos mil tres, fecha en que fenece de pleno derecho su mandato (corresponde al art\u00edculo 83).<\/span><\/p>\n<div align=\"center\">\n<strong><span style=\"font-family: 'Times New Roman';\">*D\u00c9CIMA<\/span><\/strong><\/div>\n<p><strong><span style=\"font-family: 'Times New Roman';\">EL\u00a0<\/span><\/strong><span style=\"font-family: 'Times New Roman';\">mandato del Gobernador y Vice Gobernador que asuman sus cargos el d\u00eda doce de julio de dos mil tres, se extingue el d\u00eda diez de diciembre de dos mil siete (corresponde al art\u00edculo 139).<\/span><\/p>\n<div align=\"center\">\n<strong><span style=\"font-family: 'Times New Roman';\">*D\u00c9CIMO PRIMERA<\/span><\/strong><\/div>\n<p><strong><span style=\"font-family: 'Times New Roman';\">LOS<\/span><\/strong><span style=\"font-family: 'Times New Roman';\">\u00a0proyectos de ley presentados en ambas C\u00e1maras de la Legislatura antes del diez de diciembre de dos mil uno, tienen el car\u00e1cter de tales en la nueva Legislatura unicameral debiendo ser girados nuevamente a las comisiones internas que el reglamento de la misma establezca y tienen el valor de tales hasta que venza el plazo de caducidad de los mismos.<\/span><\/p>\n<p><span style=\"font-family: 'Times New Roman';\">Los que se encuentren aprobados por una de las C\u00e1maras y aqu\u00e9llos que hayan sido vetados por el Poder Ejecutivo prosiguen su tr\u00e1mite y para ser sancionados deben ser aprobados por la nueva Legislatura unicameral en la forma y por las mayor\u00edas que establece la presente Constituci\u00f3n reformada.<\/span><br \/>\n<span style=\"font-family: 'Times New Roman';\">Los proyectos de ley que el Poder Ejecutivo haya enviado con pedido de urgente tratamiento y cuya sanci\u00f3n no hubiera concluido al diez de diciembre de dos mil uno, prosiguen su tr\u00e1mite ordinario dej\u00e1ndose sin efecto dicho pedido de urgente tratamiento y los plazos para su aprobaci\u00f3n que est\u00e9n corriendo.<\/span><\/p>\n<div align=\"center\">\n<strong><span style=\"font-family: 'Times New Roman';\">*D\u00c9CIMO SEGUNDA<\/span><\/strong><\/div>\n<p><strong><span style=\"font-family: 'Times New Roman';\">DER\u00d3GANSE<\/span><\/strong><span style=\"font-family: 'Times New Roman';\">\u00a0las disposiciones transitorias de la Constituci\u00f3n de la Provincia de C\u00f3rdoba sancionada el veintis\u00e9is de abril de mil novecientos ochenta y siete, con excepci\u00f3n de las cl\u00e1usulas s\u00e9ptima, novena y d\u00e9cima que respectivamente expresan:<\/span><\/p>\n<p><span style=\"font-family: 'Times New Roman';\">Hasta tanto la Legislatura sancione la ley sobre delitos de imprenta, rigen en la materia las disposiciones pertinentes del C\u00f3digo Penal Argentino.<\/span><br \/>\n<span style=\"font-family: 'Times New Roman';\">Todas las Municipalidades existentes al momento de sanci\u00f3n de esta Constituci\u00f3n mantienen ese rango institucional, aunque no tengan dos mil habitantes.<\/span><br \/>\n<span style=\"font-family: 'Times New Roman';\">Las Convenciones Municipales deben convocarse con posterioridad a la sanci\u00f3n de la futura Ley Org\u00e1nica Municipal, que reemplace a la vigente N\u00b0 3373 y sus complementarias.<\/span><\/p>\n<div align=\"center\">\n<strong><span style=\"font-family: 'Times New Roman';\">*D\u00c9CIMO TERCERA<\/span><\/strong><\/div>\n<p><strong><span style=\"font-family: 'Times New Roman';\">LOS<\/span><\/strong><span style=\"font-family: 'Times New Roman';\">\u00a0miembros de la Convenci\u00f3n Constituyente juran la presente Constituci\u00f3n antes de disolver el cuerpo.<\/span><\/p>\n<div align=\"center\">\n<strong><span style=\"font-family: 'Times New Roman';\">*D\u00c9CIMO CUARTA<\/span><\/strong><\/div>\n<p><strong><span style=\"font-family: 'Times New Roman';\">EL<\/span><\/strong><span style=\"font-family: 'Times New Roman';\">\u00a0Gobernador de la Provincia, los Presidentes de las C\u00e1maras Legislativas, todos los miembros del Tribunal Superior de Justicia y el Fiscal General de la Provincia, prestan juramento ante la Convenci\u00f3n Constituyente.<\/span><\/p>\n<div align=\"center\">\n<strong><span style=\"font-family: 'Times New Roman';\">*D\u00c9CIMO QUINTA<\/span><\/strong><\/div>\n<p><strong><span style=\"font-family: 'Times New Roman';\">EL<\/span><\/strong><span style=\"font-family: 'Times New Roman';\">\u00a0presidente de la Legislatura y los legisladores provinciales elegidos el pr\u00f3ximo catorce de octubre de dos mil uno prestan juramento el d\u00eda diez de diciembre de dos mil uno.<\/span><\/p>\n<div align=\"center\">\n<strong><span style=\"font-family: 'Times New Roman';\">*D\u00c9CIMO SEXTA<\/span><\/strong><\/div>\n<p><strong><span style=\"font-family: 'Times New Roman';\">CADA\u00a0<\/span><\/strong><span style=\"font-family: 'Times New Roman';\">uno de los Poderes Constituidos del Estado disponen lo necesario para que los funcionarios que lo integran juren esta Constituci\u00f3n.<\/span><\/p>\n<div align=\"center\">\n<strong><span style=\"font-family: 'Times New Roman';\">*D\u00c9CIMO S\u00c9PTIMA<\/span><\/strong><\/div>\n<p><strong><span style=\"font-family: 'Times New Roman';\">EL<\/span><\/strong><span style=\"font-family: 'Times New Roman';\">\u00a0Pueblo de la Provincia de C\u00f3rdoba es invitado a jurar fidelidad a la presente Constituci\u00f3n en actos p\u00fablicos.<\/span><\/p>\n<div align=\"center\">\n<strong><span style=\"font-family: 'Times New Roman';\">*D\u00c9CIMO OCTAVA<\/span><\/strong><\/div>\n<p><strong><span style=\"font-family: 'Times New Roman';\">AUTOR\u00cdZASE<\/span><\/strong><span style=\"font-family: 'Times New Roman';\">\u00a0a la nueva Legislatura a reubicar en los otros poderes del Estado al personal permanente que fuere necesario, de conformidad a la nueva estructura funcional del Poder Legislativo.<\/span><\/p>\n<p><span style=\"font-family: 'Times New Roman';\">El Presidente de la Convenci\u00f3n Constituyente queda autorizado a efectuar, si fuere necesario, la Fe de Erratas correspondiente a la publicaci\u00f3n oficial de la presente reforma constitucional.<\/span><\/p>\n<div align=\"center\">\n<strong><span style=\"font-family: 'Times New Roman';\">*D\u00c9CIMO NOVENA<\/span><\/strong><\/div>\n<p><strong><span style=\"font-family: 'Times New Roman';\">ESTA<\/span><\/strong><span style=\"font-family: 'Times New Roman';\">\u00a0reforma entra en vigencia el d\u00eda diez de diciembre de dos mil uno, con excepci\u00f3n de los art\u00edculos 78, 79, 80, 82, 86, 87, 90 y las Cl\u00e1usulas Transitorias precedentes que comienzan a regir a partir de la publicaci\u00f3n de la presente reforma.<\/span><\/p>\n<p><span style=\"font-family: 'Times New Roman';\">La derogaci\u00f3n de los art\u00edculos 94 -inmunidad de arresto- y 95 -desafuero- de la Constituci\u00f3n vigente comienza a regir a partir de la publicaci\u00f3n de la presente reforma.<\/span><br \/>\n<span style=\"font-family: 'Times New Roman';\">Con las excepciones se\u00f1aladas en los p\u00e1rrafos precedentes, hasta el d\u00eda diez de diciembre de dos mil uno contin\u00faan rigiendo las cl\u00e1usulas y art\u00edculos de la Constituci\u00f3n Provincial sancionada el d\u00eda veintis\u00e9is de abril de mil novecientos ochenta y siete.<\/span><\/p>\n<p>&nbsp;<\/p>\n<p><span style=\"font-family: 'Times New Roman';\">FIRMANTES DE LA CONSTITUCI\u00d3N:<\/span><br \/>\n<span style=\"font-family: 'Times New Roman';\">ROBERTO LOUSTAU BIDAUT &#8211; PRESIDENTE DE LA CONVENCI\u00d3N CONSTITUYENTE.<\/span><br \/>\n<span style=\"font-family: 'Times New Roman';\">LUIS E. MEDINA ALLENDE- SECRETARIO LEGISLATIVO DE LA CONVENCI\u00d3N CONSTITUYENTE.<\/span><br \/>\n<span style=\"font-family: 'Times New Roman';\">MIGUEL H. D&#8217;ALESSANDRO &#8211; SECRETARIO ADMINISTRATIVO DE LA CONVENCI\u00d3N CONSTITUYENTE.<\/span><\/p>\n<p><span style=\"font-family: 'Times New Roman';\">FIRMANTES DE LA REFORMA CONSTITUCIONAL DEL 14.09.01:<\/span><br \/>\n<span style=\"font-family: 'Times New Roman';\">JUAN CARLOS MAQUEDA- PRESIDENTE DE LA CONVENCI\u00d3N CONSTITUYENTE.<\/span><br \/>\n<span style=\"font-family: 'Times New Roman';\">DOMINGO ANGEL CARBONETTI (H)-SECRETARIO LEGISLATIVO DE LA CONVENCI\u00d3N CONSTITUYENTE.<\/span><br \/>\n<span style=\"font-family: 'Times New Roman';\">DECRETO DE PROMULGACION DE LA REFORMA CONSTITUCIONAL: N\u00ba 1980\/01<\/span><\/p>\n","protected":false},"excerpt":{"rendered":"<p>http:\/\/web2.cba.gov.ar\/web\/leyes.nsf\/(vLeyesxNro)\/CP00?OpenDocument CONSTITUCI\u00d3N DE LA PROVINCIA DE C\u00d3RDOBA Y SU REFORMA SANCIONADA CON FECHA 14.09.01 C\u00d3RDOBA, 26 DE ABRIL DE 1987 PRE\u00c1MBULO Nos, los representantes del pueblo de la Provincia de C\u00f3rdoba, reunidos en Convenci\u00f3n Constituyente, con la finalidad de exaltar la dignidad de la persona y garantizar el pleno ejercicio de sus derechos; reafirmar los [&hellip;]<\/p>\n","protected":false},"author":1,"featured_media":19220,"comment_status":"open","ping_status":"open","sticky":false,"template":"","format":"standard","meta":{"_exactmetrics_skip_tracking":false,"_exactmetrics_sitenote_active":false,"_exactmetrics_sitenote_note":"","_exactmetrics_sitenote_category":0,"jnews-multi-image_gallery":[],"jnews_single_post":[],"jnews_primary_category":[],"jnews_social_meta":[],"jnews_review":[],"enable_review":"","type":"","name":"","summary":"","brand":"","sku":"","good":[],"bad":[],"score_override":"","override_value":"","rating":[],"price":[],"jnews_override_counter":[],"jnews_post_split":[],"footnotes":""},"categories":[1],"tags":[],"class_list":["post-1553","post","type-post","status-publish","format-standard","has-post-thumbnail","hentry","category-sin-categoria"],"jetpack_featured_media_url":"https:\/\/atecordoba.org\/wp-content\/uploads\/2020\/05\/logo-nuevochico-e1561581322808.png","_links":{"self":[{"href":"https:\/\/atecordoba.org\/index.php?rest_route=\/wp\/v2\/posts\/1553","targetHints":{"allow":["GET"]}}],"collection":[{"href":"https:\/\/atecordoba.org\/index.php?rest_route=\/wp\/v2\/posts"}],"about":[{"href":"https:\/\/atecordoba.org\/index.php?rest_route=\/wp\/v2\/types\/post"}],"author":[{"embeddable":true,"href":"https:\/\/atecordoba.org\/index.php?rest_route=\/wp\/v2\/users\/1"}],"replies":[{"embeddable":true,"href":"https:\/\/atecordoba.org\/index.php?rest_route=%2Fwp%2Fv2%2Fcomments&post=1553"}],"version-history":[{"count":0,"href":"https:\/\/atecordoba.org\/index.php?rest_route=\/wp\/v2\/posts\/1553\/revisions"}],"wp:featuredmedia":[{"embeddable":true,"href":"https:\/\/atecordoba.org\/index.php?rest_route=\/wp\/v2\/media\/19220"}],"wp:attachment":[{"href":"https:\/\/atecordoba.org\/index.php?rest_route=%2Fwp%2Fv2%2Fmedia&parent=1553"}],"wp:term":[{"taxonomy":"category","embeddable":true,"href":"https:\/\/atecordoba.org\/index.php?rest_route=%2Fwp%2Fv2%2Fcategories&post=1553"},{"taxonomy":"post_tag","embeddable":true,"href":"https:\/\/atecordoba.org\/index.php?rest_route=%2Fwp%2Fv2%2Ftags&post=1553"}],"curies":[{"name":"wp","href":"https:\/\/api.w.org\/{rel}","templated":true}]}}