{"id":1545,"date":"2012-08-15T18:24:05","date_gmt":"2012-08-15T21:24:05","guid":{"rendered":"http:\/\/www.atecordoba.org\/?p=1545"},"modified":"2012-08-15T18:24:05","modified_gmt":"2012-08-15T21:24:05","slug":"documento-del-plenario-abierto-por-la-restitucion-del-82-movil","status":"publish","type":"post","link":"https:\/\/atecordoba.org\/?p=1545","title":{"rendered":"Documento del Plenario Abierto por la restituci\u00f3n del 82% m\u00f3vil"},"content":{"rendered":"<p align=\"center\"><strong><em>Por la Derogaci\u00f3n de los AJUSTES Previsionales y la RESTITUCI\u00d3N de la ley 8024 <\/em><\/strong><strong><br \/>\n<a href=\"http:\/\/www.atecordoba.org\/wp-content\/uploads\/2012\/08\/IMG_21101.jpg\"><img loading=\"lazy\" decoding=\"async\" class=\"alignleft size-medium wp-image-1546\" title=\"IMG_2110\" src=\"http:\/\/www.atecordoba.org\/wp-content\/uploads\/2012\/08\/IMG_21101-300x225.jpg\" alt=\"\" width=\"300\" height=\"225\" \/><\/a><br \/>\n<\/strong><\/p>\n<p>Nuevamente este Gobierno confirma su actitud de <strong>AJUSTAR<\/strong> siempre a los Trabajadores y al Pueblo, reproduciendo pr\u00e1cticas antidemocr\u00e1ticas y modelos contra los Trabajadores, que ya perdieron consenso despu\u00e9s de los estallidos del 2001.<\/p>\n<p>El argumento que se esgrime para justificar las reformas, lo constituye el elevado d\u00e9ficit de la Caja de Jubilaciones, Pensiones y Retiros de C\u00f3rdoba que el Gobierno Provincial debe soportar ante la falta del aporte Nacional, por lo cual debe asignar recursos para financiar el sistema, que bien podr\u00eda destinar a otras \u00e1reas prioritarias como la salud, la educaci\u00f3n o la vivienda.<\/p>\n<p>Este Gobierno, por los trascendidos, adelanta que en el ANSES habr\u00eda un reconocimiento de la deuda que tiene este organismo, condicionado a profundizar el proceso de armonizaci\u00f3n en aquellos temas en los cuales todav\u00eda la provincia no ha avanzado: el c\u00e1lculo del haber previsional y la movilidad.<\/p>\n<p>Evidentemente, la experiencia del descomunal ajuste que cay\u00f3 sobre los jubilados nacionales eliminando el 82% m\u00f3vil y arrojando a la miseria y al abandono a casi cinco millones de ellos (76% del padr\u00f3n con un haber m\u00ednimo de $ 1.880) quiere ser repetida con los jubilados de la Ley 8024.<\/p>\n<p>Sostenemos que este proceso de ARMONIZACI\u00d3N va contra la Constituci\u00f3n Nacional (art. 14 bis) y la Provincial (art. 56 y 57) que establecen que el Estado garantizar\u00e1 jubilaciones y pensiones m\u00f3viles, irreductibles y proporcionales a la remuneraci\u00f3n del trabajador en actividad, que dicha proporcionalidad ha sido reconocida en sucesivos fallos de la Corte Suprema de Justicia de la Naci\u00f3n como el 82% de la remuneraci\u00f3n del activo, estableciendo adem\u00e1s el criterio de que el beneficio tiene el car\u00e1cter de sustitutivo del salario que percib\u00eda el jubilado en su condici\u00f3n de trabajador activo. Como tambi\u00e9n los fallos \u201cBadaro\u2026\u201d que condena los c\u00e1lculos que el ANSES quiere imponer.<\/p>\n<p>Estamos en presencia de un derecho amparado por la constituci\u00f3n, de la misma naturaleza que los derechos sociales como la salud y la educaci\u00f3n, de tal manera que retacear la garant\u00eda estatal en materia previsional aduciendo el d\u00e9ficit como argumento ser\u00eda equivalente al cierre de las escuelas y hospitales con motivo de las dificultades econ\u00f3micas del Estado.<\/p>\n<p>La sociedad toda reconoce que dichas dificultades, con las cuales se quiere justificar todo tipo de ajustes, tienen su explicaci\u00f3n en la desigual distribuci\u00f3n del ingreso, la destrucci\u00f3n del empleo formal y una pol\u00edtica regresiva en materia impositiva que castiga a los que menos tienen y liberan de su responsabilidad social a los sectores de mayores recursos. Una Provincia desfinanciada por exenciones y subsidios a empresas extranjeras, (automotrices, tecnol\u00f3gicas, frigor\u00edficos, etc.) por sumas multimillonarias; como el congelamiento a grupos m\u00e1s concentrados de los agronegocios; ambos sectores son los m\u00e1s beneficiados por este modelo exportador.<\/p>\n<p>A lo que se quiere, sumar un Impuesto al Combustible, totalmente regresivo que agrava este modelo; y no hace otra cosa, que recargar sobre toda la sociedad, la mala administraci\u00f3n y corrupci\u00f3n, de quienes han gestionado la Caja y la Provincia.<\/p>\n<p>En este contexto, se inscribe el ataque que el Gobierno de C\u00f3rdoba, en un total acuerdo con la Naci\u00f3n, lleva a cabo a los fines de armonizar el sistema previsional cordob\u00e9s con la Leyes nacionales 24241 y 24463 (Menem y Cavallo), esto es establecer la edad jubilatoria en 60 y 65 a\u00f1os, calcular el haber jubilatorio como el 52,5 % del promedio de los salarios de los 10 \u00faltimos a\u00f1os y una movilidad 2 veces por a\u00f1o con un \u00edndice en funci\u00f3n del incremento del salario o de la recaudaci\u00f3n de la ANSES, el que fuera menor. Para ello aprobaron el 18\/12\/2002 la ley de armonizaci\u00f3n 9075 (acuerdo 80\/02) que permaneci\u00f3 cinco a\u00f1os en estado de latencia esperando el momento pol\u00edtico oportuno para comenzar con la destrucci\u00f3n de la Ley 8024, que garantizaba el 82% m\u00f3vil calculado sobre el salario del trabajador en actividad y una edad de retiro con dignidad (55 y 58 a\u00f1os) contemplando servicios diferenciales.<\/p>\n<p>El momento oportuno fue el a\u00f1o 2008 y a pesar de la resistencia de los trabajadores el (30 Jul 2008) se aprob\u00f3 la Ley 9504, hoy vigente, llevando la edad a 60 y 65 a\u00f1os (con servicios diferenciales) y calculando el haber como el 82% del promedio de los salarios de los \u00faltimos 4 a\u00f1os.<\/p>\n<p>Avanzaron todo lo posible pero no se detuvieron y el 18\/12\/2008 aprobaron la Ley 9562 que convalida el acuerdo de armonizaci\u00f3n 90\/08 entre Naci\u00f3n y Provincia, que lleva a la armonizaci\u00f3n total en edad, c\u00e1lculo del haber y movilidad con las leyes nacionales.<\/p>\n<p>Nosotros sostenemos que el d\u00e9ficit argumentado es falso ya que adem\u00e1s de los recursos genuinos (aportes y contribuciones) el sistema debe ser financiado con los recursos que se dispongan en funci\u00f3n de la garant\u00eda constitucional del Estado de solventar el d\u00e9ficit.<\/p>\n<p>Y en ese sentido el d\u00e9ficit que alega el Gobierno, debe entenderse como causa de la desidia, la negligencia, la corrupci\u00f3n, lo que conforma una p\u00e9sima gesti\u00f3n del actual gobierno, porque:<\/p>\n<ul>\n<li>El 15% de la coparticipaci\u00f3n impositiva de la provincia se destina al ANSES desde 1992 (aproximadamente $ 2.000 millones por a\u00f1o) y debiera destinarse al sistema jubilatorio de C\u00f3rdoba.<\/li>\n<li>Los m\u00e1s de 23 mil Jubilados anticipadamente entre los a\u00f1os 2000 al 2005, inund\u00f3 la Caja indiscriminadamente, sin preverse con que recursos se los iba a financiar.<\/li>\n<li>Los $ 3.000 millones (recaudados entre el 1\/01\/03 y el 31\/07\/08) que corresponden al Fondo Complementario creado por la Ley 9075 que han desaparecido, a pesar que deb\u00edan contabilizarse de manera independiente y depositarse en una cuenta especial del Banco de C\u00f3rdoba, que nunca se abri\u00f3 y que deb\u00eda ser controlado por una mesa de seguimiento integrada por los gremios representativos. Varios funcionarios est\u00e1n imputados por este defalco, Busso, Alves, Kegan y Giordano.<\/li>\n<li>La Provincia evadi\u00f3 aportes y contribuciones anuales, aproximadamente por unos $ 800 millones durante 6 a\u00f1os, por las sumas no remunerativas regularizadas por la \u201cLey de Blanqueo Salarial\u201d.<\/li>\n<li>La Provincia y la Naci\u00f3n evaden aportes y contribuciones por centenas de millones anuales por las sumas no remunerativas correspondientes al Fondo de Incentivo Docente \u2013 FONID desde su creaci\u00f3n.<\/li>\n<li>La Provincia ha condonado deudas previsionales a Municipios y otras instituciones, como establecimientos privados de ense\u00f1anza, por cifras varias veces millonarias. Dejando en claro la discrecionalidad con que se manejan los fondos de la Caja que no le pertenecen.<\/li>\n<li>Le debemos agregar la pol\u00edtica de destrucci\u00f3n del empleo p\u00fablico (contratados monotributistas, tercerizaci\u00f3n de servicios, pasant\u00edas, etc.) llevada a cabo de manera irresponsable, favoreciendo el empleo en negro, provocando la p\u00e9rdida de aportes y contribuciones, acentuando el deterioro de la relaci\u00f3n activos\/pasivos m\u00e1s conveniente.<\/li>\n<li>Los recientementes denunciados, hechos de corrupci\u00f3n, por contrataciones directas absolutamente innecesarias, por m\u00e1s de 12 millones.<\/li>\n<\/ul>\n<p>A todo esto, hoy existen unos 181 mil Activos y unos 91 mil Jubilados, (2 aportantes, para 1 jubilado), lo que significa que con el 40% de aporte que hace cada uno, entre salario directo (18%) y diferido (22%), pr\u00e1cticamente el \u201cd\u00e9ficit\u201d deber\u00eda ser de un insignificante 2%; lo que demuestra la magnitud del desmanejo de la actual administraci\u00f3n.<\/p>\n<p>Tambi\u00e9n es muy importante se\u00f1alar, que no existe control por parte de los afiliados aportantes porque no tienen representaci\u00f3n en la administraci\u00f3n de la Caja, intervenida desde hace m\u00e1s de 15 a\u00f1os. Las sucesivas intervenciones aplicaron pol\u00edticas decididas por el poder ejecutivo de turno que han afectado gravemente los derechos e intereses de los actuales y futuros jubilados.<\/p>\n<p>Un an\u00e1lisis del sistema previsional que no contemple todas las variables y fundamentalmente el criterio de considerar la jubilaci\u00f3n como un derecho social, garantizado por el Estado con todos sus recursos, es un an\u00e1lisis falso, meramente economicista y que tiende a la construcci\u00f3n de una sociedad injusta, desigual y cada vez menos solidaria en la que, la brecha entre ricos cada vez m\u00e1s ricos y una cantidad m\u00e1s numerosa de pobres cada vez son m\u00e1s pobres.<\/p>\n<p>Ante esta gravedad, las organizaciones convocantes nos hemos constituido en Plenario Abierto permanente y convocamos a participar a todas las organizaciones, delegados, activistas y compa\u00f1eros para continuar la LUCHA.<\/p>\n<p>&nbsp;<\/p>\n<p align=\"center\"><strong>PLENARIO ABIERTO por la Restituci\u00f3n del 82% m\u00f3vil<\/strong><\/p>\n<p align=\"center\"><strong>CTA<\/strong><strong>, ATE, UTS, AJUPRACOR, Comisi\u00f3n Permanente de Jubilados, Pensionados y activos Nac y Pciales de C\u00f3rdoba; Corriente Sindical MST, Docentes en Marcha, Encuentro Docente, Agrup. Mar\u00eda Saleme, Lista Fucsia<\/strong><\/p>\n","protected":false},"excerpt":{"rendered":"<p>Por la Derogaci\u00f3n de los AJUSTES Previsionales y la RESTITUCI\u00d3N de la ley 8024 Nuevamente este Gobierno confirma su actitud de AJUSTAR siempre a los Trabajadores y al Pueblo, reproduciendo pr\u00e1cticas antidemocr\u00e1ticas y modelos contra los Trabajadores, que ya perdieron consenso despu\u00e9s de los estallidos del 2001. El argumento que se esgrime para justificar las [&hellip;]<\/p>\n","protected":false},"author":1,"featured_media":19220,"comment_status":"open","ping_status":"open","sticky":false,"template":"","format":"standard","meta":{"_exactmetrics_skip_tracking":false,"_exactmetrics_sitenote_active":false,"_exactmetrics_sitenote_note":"","_exactmetrics_sitenote_category":0,"jnews-multi-image_gallery":[],"jnews_single_post":[],"jnews_primary_category":[],"jnews_social_meta":[],"jnews_review":[],"enable_review":"","type":"","name":"","summary":"","brand":"","sku":"","good":[],"bad":[],"score_override":"","override_value":"","rating":[],"price":[],"jnews_override_counter":[],"jnews_post_split":[],"footnotes":""},"categories":[1],"tags":[],"class_list":["post-1545","post","type-post","status-publish","format-standard","has-post-thumbnail","hentry","category-sin-categoria"],"jetpack_featured_media_url":"https:\/\/atecordoba.org\/wp-content\/uploads\/2020\/05\/logo-nuevochico-e1561581322808.png","_links":{"self":[{"href":"https:\/\/atecordoba.org\/index.php?rest_route=\/wp\/v2\/posts\/1545","targetHints":{"allow":["GET"]}}],"collection":[{"href":"https:\/\/atecordoba.org\/index.php?rest_route=\/wp\/v2\/posts"}],"about":[{"href":"https:\/\/atecordoba.org\/index.php?rest_route=\/wp\/v2\/types\/post"}],"author":[{"embeddable":true,"href":"https:\/\/atecordoba.org\/index.php?rest_route=\/wp\/v2\/users\/1"}],"replies":[{"embeddable":true,"href":"https:\/\/atecordoba.org\/index.php?rest_route=%2Fwp%2Fv2%2Fcomments&post=1545"}],"version-history":[{"count":0,"href":"https:\/\/atecordoba.org\/index.php?rest_route=\/wp\/v2\/posts\/1545\/revisions"}],"wp:featuredmedia":[{"embeddable":true,"href":"https:\/\/atecordoba.org\/index.php?rest_route=\/wp\/v2\/media\/19220"}],"wp:attachment":[{"href":"https:\/\/atecordoba.org\/index.php?rest_route=%2Fwp%2Fv2%2Fmedia&parent=1545"}],"wp:term":[{"taxonomy":"category","embeddable":true,"href":"https:\/\/atecordoba.org\/index.php?rest_route=%2Fwp%2Fv2%2Fcategories&post=1545"},{"taxonomy":"post_tag","embeddable":true,"href":"https:\/\/atecordoba.org\/index.php?rest_route=%2Fwp%2Fv2%2Ftags&post=1545"}],"curies":[{"name":"wp","href":"https:\/\/api.w.org\/{rel}","templated":true}]}}