{"id":1520,"date":"2012-08-15T16:07:02","date_gmt":"2012-08-15T19:07:02","guid":{"rendered":"http:\/\/www.atecordoba.org\/?p=1520"},"modified":"2012-08-15T16:07:02","modified_gmt":"2012-08-15T19:07:02","slug":"gendarmeria-seguridad-se-comprometio-a-estudiar-el-reclamo-docente","status":"publish","type":"post","link":"https:\/\/atecordoba.org\/?p=1520","title":{"rendered":"Gendarmer\u00eda: Seguridad se comprometi\u00f3 a estudiar el reclamo docente"},"content":{"rendered":"<p><em>En una reuni\u00f3n llevada a cabo en Jes\u00fas Mar\u00eda, funcionarios de la cartera escucharon el planteo de los delegados paritarios. Clima favorable para una soluci\u00f3n despu\u00e9s del paro contundente del viernes 3.<\/em><\/p>\n<p><a href=\"http:\/\/www.atecordoba.org\/wp-content\/uploads\/2012\/08\/IMG_1882.jpg\"><img loading=\"lazy\" decoding=\"async\" class=\"aligncenter size-medium wp-image-1526\" title=\"IMG_1882\" src=\"http:\/\/www.atecordoba.org\/wp-content\/uploads\/2012\/08\/IMG_1882-300x225.jpg\" alt=\"\" width=\"300\" height=\"225\" \/><\/a><\/p>\n<p>En un encuentro con funcionarios del Ministerio de Seguridad, llevado a cabo ayer martes en la sede Gendarmer\u00eda en Jes\u00fas Mar\u00eda, los docentes del instituto Universitario de dicha fuerza obtuvieron un compromiso para que la cartera encabezada por Nilda Garr\u00e9 estudie mejoras salariales y en las condiciones de trabajo.<\/p>\n<p>La reuni\u00f3n fue resultado del paro total de actividades que ATE llev\u00f3 a cabo el viernes 3 de agosto, donde el Personal Civil de la FF.AA. en C\u00f3rdoba paraliz\u00f3 el sector.<\/p>\n<p>En la oportunidad, estuvieron presentes alrededor de 70 docentes, acompa\u00f1ados por los delegados paritarios Daniel Fenoglio y Gladys Zena, y el secretario de Interior de ATE C\u00f3rdoba, Lu\u00eds B\u00e1rcena.<\/p>\n<p>Los compa\u00f1eros plantearon la necesidad del pago proporcional al incremento de horas c\u00e1tedra; denunciaron que algunas de las propuestas de las autoridades de Instituto Universitario ten\u00edan un car\u00e1cter irregular, como el pago de b\u00e1sicos diferentes a compa\u00f1eros con mismas funciones y carga horaria; reclamaron la \u201casignaci\u00f3n por funci\u00f3n diferenciada\u201d, que incrementa un 25% el b\u00e1sico al salario conformado. Este \u00faltimo punto estaba contemplado en el viejo Estatuto del Personal Civil Docente y actualmente no se est\u00e1 abonando a pesar de ser un derecho adquirido de los compa\u00f1eros.<\/p>\n<p>La reuni\u00f3n constituy\u00f3 una contraoferta de los trabajadores ante la propuesta inicial de Gendarmer\u00eda realizada en una reuni\u00f3n que se desarroll\u00f3 el 6 de agosto en Buenos Aires.<\/p>\n<p>\u201cVimos que el Ministerio est\u00e1 abierto a nuestros planteos y puede mejorar la propuesta de Gendarmer\u00eda. Los compa\u00f1eros debemos profundizar en el estudio de la propuesta inicial de la fuerza y en la pr\u00f3xima reuni\u00f3n esperamos seguir avanzando para solucionar el conflicto\u201d, se\u00f1al\u00f3 Daniel Fenoglio al finalizar la reuni\u00f3n.<\/p>\n<p>Est\u00e1 previsto un nuevo encuentro en el Ministerio de Seguridad, en Buenos Aires, el pr\u00f3ximo 28 de agosto.<\/p>\n<p><a href=\"http:\/\/www.atecordoba.org\/wp-content\/uploads\/2012\/08\/acta-reunion-jesus-maria-docentes-min-seguridad4.pdf\">acta reunion jesus maria docentes-min seguridad<\/a><\/p>\n","protected":false},"excerpt":{"rendered":"<p>En una reuni\u00f3n llevada a cabo en Jes\u00fas Mar\u00eda, funcionarios de la cartera escucharon el planteo de los delegados paritarios. Clima favorable para una soluci\u00f3n despu\u00e9s del paro contundente del viernes 3. En un encuentro con funcionarios del Ministerio de Seguridad, llevado a cabo ayer martes en la sede Gendarmer\u00eda en Jes\u00fas Mar\u00eda, los docentes [&hellip;]<\/p>\n","protected":false},"author":1,"featured_media":19220,"comment_status":"open","ping_status":"open","sticky":false,"template":"","format":"standard","meta":{"_exactmetrics_skip_tracking":false,"_exactmetrics_sitenote_active":false,"_exactmetrics_sitenote_note":"","_exactmetrics_sitenote_category":0,"jnews-multi-image_gallery":[],"jnews_single_post":[],"jnews_primary_category":[],"jnews_social_meta":[],"jnews_review":[],"enable_review":"","type":"","name":"","summary":"","brand":"","sku":"","good":[],"bad":[],"score_override":"","override_value":"","rating":[],"price":[],"jnews_override_counter":[],"jnews_post_split":[],"footnotes":""},"categories":[18],"tags":[],"class_list":["post-1520","post","type-post","status-publish","format-standard","has-post-thumbnail","hentry","category-nacionales"],"jetpack_featured_media_url":"https:\/\/atecordoba.org\/wp-content\/uploads\/2020\/05\/logo-nuevochico-e1561581322808.png","_links":{"self":[{"href":"https:\/\/atecordoba.org\/index.php?rest_route=\/wp\/v2\/posts\/1520","targetHints":{"allow":["GET"]}}],"collection":[{"href":"https:\/\/atecordoba.org\/index.php?rest_route=\/wp\/v2\/posts"}],"about":[{"href":"https:\/\/atecordoba.org\/index.php?rest_route=\/wp\/v2\/types\/post"}],"author":[{"embeddable":true,"href":"https:\/\/atecordoba.org\/index.php?rest_route=\/wp\/v2\/users\/1"}],"replies":[{"embeddable":true,"href":"https:\/\/atecordoba.org\/index.php?rest_route=%2Fwp%2Fv2%2Fcomments&post=1520"}],"version-history":[{"count":0,"href":"https:\/\/atecordoba.org\/index.php?rest_route=\/wp\/v2\/posts\/1520\/revisions"}],"wp:featuredmedia":[{"embeddable":true,"href":"https:\/\/atecordoba.org\/index.php?rest_route=\/wp\/v2\/media\/19220"}],"wp:attachment":[{"href":"https:\/\/atecordoba.org\/index.php?rest_route=%2Fwp%2Fv2%2Fmedia&parent=1520"}],"wp:term":[{"taxonomy":"category","embeddable":true,"href":"https:\/\/atecordoba.org\/index.php?rest_route=%2Fwp%2Fv2%2Fcategories&post=1520"},{"taxonomy":"post_tag","embeddable":true,"href":"https:\/\/atecordoba.org\/index.php?rest_route=%2Fwp%2Fv2%2Ftags&post=1520"}],"curies":[{"name":"wp","href":"https:\/\/api.w.org\/{rel}","templated":true}]}}