{"id":1516,"date":"2012-08-15T14:59:00","date_gmt":"2012-08-15T17:59:00","guid":{"rendered":"http:\/\/www.atecordoba.org\/?p=1516"},"modified":"2012-08-15T14:59:00","modified_gmt":"2012-08-15T17:59:00","slug":"se-realizo-el-segundo-modulo-del-curso-de-formacion-de-nuevos-delegados","status":"publish","type":"post","link":"https:\/\/atecordoba.org\/?p=1516","title":{"rendered":"Se realiz\u00f3 el segundo m\u00f3dulo del curso de formaci\u00f3n de nuevos delegados"},"content":{"rendered":"<p style=\"text-align: left;\" align=\"center\"><a href=\"http:\/\/www.atecordoba.org\/wp-content\/uploads\/2012\/08\/IMG_2009.jpg\"><img loading=\"lazy\" decoding=\"async\" class=\"aligncenter size-medium wp-image-1517\" title=\"IMG_2009\" src=\"http:\/\/www.atecordoba.org\/wp-content\/uploads\/2012\/08\/IMG_2009-300x225.jpg\" alt=\"\" width=\"300\" height=\"225\" \/><\/a><\/p>\n<p style=\"text-align: left;\" align=\"center\">El Consejo Directivo Provincial (CDP) , a trav\u00e9s de su Secretar\u00eda de Formaci\u00f3n, organiz\u00f3 el pasado jueves 9 de agosto el segundo m\u00f3dulo del curso de formaci\u00f3n destinado a los nuevos delegados de nuestra ATE. El encuentro se realiz\u00f3 en la sede de nuestro gremio con la presencia de 20 compa\u00f1eras y compa\u00f1eros\u00a0 de los diversos niveles del Estado, Nacional, Provincial y Municipal.<\/p>\n<p style=\"text-align: left;\" align=\"center\">En la l\u00ednea que viene trabajando ATE en la capacitaci\u00f3n de compa\u00f1eros en los distintos sectores, el eje central de la actividad estuvo dado por el tema \u201cEl conflicto Gremial y el Rol del Delegado\/a\u201d.<\/p>\n<p>Este encuentro estuvo atravesado por las consecuencias del cuasi-decreto del ejecutivo provincial acerca de la reducci\u00f3n del 82% m\u00f3vil en el haber de nuestros jubilados, la noche anterior.<\/p>\n<p>Fue as\u00ed entonces\u00a0 \u00a0que las\/los compa\u00f1eros\/as asistentes pusieron en debate la necesidad de salir a la calle y movilizar hasta la Caja de Jubilaciones, acompa\u00f1ando a las organizaciones de jubilados que movilizaron en respuesta a la actitud autoritaria y de ajuste del gobierno de De la Sota. Fue as\u00ed que se tom\u00f3 la decisi\u00f3n consensuada de marchar para luego volver al gremio y continuar con lo planificado en materia de capacitaci\u00f3n. El equipo de formaci\u00f3n propuso recortar las actividades previstas y trabajar los contenidos del m\u00f3dulo en base a lo acontecido ese d\u00eda.<\/p>\n<p>&#8220;Cabe destacar que los y las asistentes se mostraron complacidos y motivados a trabajar a\u00fan en un contexto del conflicto gremial que se dispar\u00f3 a partir del ajuste del ejecutivo&#8221;, explic\u00f3 Gustavo Peryroti, de la Secretaria de Formaci\u00f3n del CDP.<\/p>\n<p>&#8220;Esta situaci\u00f3n que devino de un\u00a0 aparente \u201ccambio de planes\u201d , no es producto de la casualidad,\u00a0 es parte de un modo de entender la din\u00e1mica y la formaci\u00f3n gremial en ATE. Entendemos que la mejor formaci\u00f3n est\u00e1 en\u00a0 la calle respondiendo en forma inmediata a la decisiones que socavan los derechos de los y las trabajadores\/as, esto es el mejor ejemplo de que ATE est\u00e1 lejos de ser un gremio \u201cburocratizado\u201d y alejado de las decisiones colectivas&#8221;, agreg\u00f3 el dirigente.<\/p>\n<p>Como continuidad del segundo m\u00f3dulo se propuso en corto plazo volver a juntarse para abordar todos los contenidos y actividades planificadas.<\/p>\n","protected":false},"excerpt":{"rendered":"<p>El Consejo Directivo Provincial (CDP) , a trav\u00e9s de su Secretar\u00eda de Formaci\u00f3n, organiz\u00f3 el pasado jueves 9 de agosto el segundo m\u00f3dulo del curso de formaci\u00f3n destinado a los nuevos delegados de nuestra ATE. El encuentro se realiz\u00f3 en la sede de nuestro gremio con la presencia de 20 compa\u00f1eras y compa\u00f1eros\u00a0 de los [&hellip;]<\/p>\n","protected":false},"author":1,"featured_media":19220,"comment_status":"open","ping_status":"open","sticky":false,"template":"","format":"standard","meta":{"_exactmetrics_skip_tracking":false,"_exactmetrics_sitenote_active":false,"_exactmetrics_sitenote_note":"","_exactmetrics_sitenote_category":0,"jnews-multi-image_gallery":[],"jnews_single_post":[],"jnews_primary_category":[],"jnews_social_meta":[],"jnews_review":[],"enable_review":"","type":"","name":"","summary":"","brand":"","sku":"","good":[],"bad":[],"score_override":"","override_value":"","rating":[],"price":[],"jnews_override_counter":[],"jnews_post_split":[],"footnotes":""},"categories":[1],"tags":[],"class_list":["post-1516","post","type-post","status-publish","format-standard","has-post-thumbnail","hentry","category-sin-categoria"],"jetpack_featured_media_url":"https:\/\/atecordoba.org\/wp-content\/uploads\/2020\/05\/logo-nuevochico-e1561581322808.png","_links":{"self":[{"href":"https:\/\/atecordoba.org\/index.php?rest_route=\/wp\/v2\/posts\/1516","targetHints":{"allow":["GET"]}}],"collection":[{"href":"https:\/\/atecordoba.org\/index.php?rest_route=\/wp\/v2\/posts"}],"about":[{"href":"https:\/\/atecordoba.org\/index.php?rest_route=\/wp\/v2\/types\/post"}],"author":[{"embeddable":true,"href":"https:\/\/atecordoba.org\/index.php?rest_route=\/wp\/v2\/users\/1"}],"replies":[{"embeddable":true,"href":"https:\/\/atecordoba.org\/index.php?rest_route=%2Fwp%2Fv2%2Fcomments&post=1516"}],"version-history":[{"count":0,"href":"https:\/\/atecordoba.org\/index.php?rest_route=\/wp\/v2\/posts\/1516\/revisions"}],"wp:featuredmedia":[{"embeddable":true,"href":"https:\/\/atecordoba.org\/index.php?rest_route=\/wp\/v2\/media\/19220"}],"wp:attachment":[{"href":"https:\/\/atecordoba.org\/index.php?rest_route=%2Fwp%2Fv2%2Fmedia&parent=1516"}],"wp:term":[{"taxonomy":"category","embeddable":true,"href":"https:\/\/atecordoba.org\/index.php?rest_route=%2Fwp%2Fv2%2Fcategories&post=1516"},{"taxonomy":"post_tag","embeddable":true,"href":"https:\/\/atecordoba.org\/index.php?rest_route=%2Fwp%2Fv2%2Ftags&post=1516"}],"curies":[{"name":"wp","href":"https:\/\/api.w.org\/{rel}","templated":true}]}}