{"id":1512,"date":"2012-08-14T19:01:05","date_gmt":"2012-08-14T22:01:05","guid":{"rendered":"http:\/\/www.atecordoba.org\/?p=1512"},"modified":"2012-08-14T19:01:05","modified_gmt":"2012-08-14T22:01:05","slug":"paro-y-movilizacion-en-defensa-del-82-movil-en-la-provincia","status":"publish","type":"post","link":"https:\/\/atecordoba.org\/?p=1512","title":{"rendered":"Paro y movilizaci\u00f3n en defensa del 82% m\u00f3vil en la provincia"},"content":{"rendered":"<p>Comunicado de prensa 14-8-2012<\/p>\n<p><a href=\"http:\/\/www.atecordoba.org\/wp-content\/uploads\/2012\/08\/delicia-caja.jpg\"><img loading=\"lazy\" decoding=\"async\" class=\"aligncenter size-medium wp-image-1513\" title=\"delicia-caja\" src=\"http:\/\/www.atecordoba.org\/wp-content\/uploads\/2012\/08\/delicia-caja-300x189.jpg\" alt=\"\" width=\"300\" height=\"189\" \/><\/a><\/p>\n<p>Ante el ajuste impulsado por el gobernador Jos\u00e9 Manuel De la Sota sobre los jubilados provinciales, en defensa del 82% m\u00f3vil y en repudio a las pol\u00edticas previsionales que viene impulsando el gobierno provincial, ATE convoca para\u00a0ma\u00f1ana\u00a0a paro por 24 horas y movilizaci\u00f3n, con abandono de tareas a partir de las 9 horas.<\/p>\n<p>En unidad de acci\u00f3n con el resto de los gremios estatales de C\u00f3rdoba, entendemos que la medida impuesta en la Legislatura, entre gallos y medianoches, la semana pasada es otro cap\u00edtulo del desenfreno del gobernador para obtener fondos p\u00fablicos que sostengan el desmanejo generalizado en que se encuentra su administraci\u00f3n.<\/p>\n<p>El gobierno justifica la crisis de la Caja de Jubilaciones por la deuda la Naci\u00f3n evita pagar sobre los compromisos para cubrir el d\u00e9ficit del 2011, pero olvida que fue el propio De la Sota quien implement\u00f3 la jubilaci\u00f3n anticipada, as\u00ed como distintas formas de retiro, que cambiaron la ecuaci\u00f3n entre aportantes y jubilados, descompensando la f\u00f3rmula econ\u00f3mica y llev\u00e1ndola a la crisis financiera que sufre desde hace tiempo el organismo.<\/p>\n<p>Est\u00e1 claro que los trabajadores no debemos pagar las\u00a0desavenencias entre el gobierno nacional y el provincial, ambos del mismo partido pol\u00edtico. No estamos dispuestos a sufrir un nuevo ajuste que afecte un derecho establecido en la Constituci\u00f3n, como es la movilidad en las jubilaciones. Mientras tanto, otras fuentes de recursos para paliar la crisis\u00a0<strong>NO<\/strong>\u00a0fueron aun exploradas, como la revaluaci\u00f3n del inmobiliario rural o la eliminaci\u00f3n de las exenciones impositivas a las empresas que m\u00e1s facturan en la provincia.<\/p>\n<p>En defensa de los compa\u00f1eros jubilados, sosteniendo el derecho de los trabajadores activos a tener en el futuro una jubilaci\u00f3n digna, ATE estar\u00e1\u00a0ma\u00f1ana\u00a0en la calle dici\u00e9ndole \u00a1basta! al ajuste del gobierno provincial.<\/p>\n<p>&nbsp;<\/p>\n<p>Mar\u00eda Teresa Romero<\/p>\n<p>Secretaria General<\/p>\n<p>ATE C\u00f3rdoba<\/p>\n","protected":false},"excerpt":{"rendered":"<p>Comunicado de prensa 14-8-2012 Ante el ajuste impulsado por el gobernador Jos\u00e9 Manuel De la Sota sobre los jubilados provinciales, en defensa del 82% m\u00f3vil y en repudio a las pol\u00edticas previsionales que viene impulsando el gobierno provincial, ATE convoca para\u00a0ma\u00f1ana\u00a0a paro por 24 horas y movilizaci\u00f3n, con abandono de tareas a partir de las [&hellip;]<\/p>\n","protected":false},"author":1,"featured_media":19220,"comment_status":"open","ping_status":"open","sticky":false,"template":"","format":"standard","meta":{"_exactmetrics_skip_tracking":false,"_exactmetrics_sitenote_active":false,"_exactmetrics_sitenote_note":"","_exactmetrics_sitenote_category":0,"jnews-multi-image_gallery":[],"jnews_single_post":[],"jnews_primary_category":[],"jnews_social_meta":[],"jnews_review":[],"enable_review":"","type":"","name":"","summary":"","brand":"","sku":"","good":[],"bad":[],"score_override":"","override_value":"","rating":[],"price":[],"jnews_override_counter":[],"jnews_post_split":[],"footnotes":""},"categories":[53,22,8],"tags":[],"class_list":["post-1512","post","type-post","status-publish","format-standard","has-post-thumbnail","hentry","category-comunicados-de-prensa","category-jubilados","category-provinciales"],"jetpack_featured_media_url":"https:\/\/atecordoba.org\/wp-content\/uploads\/2020\/05\/logo-nuevochico-e1561581322808.png","_links":{"self":[{"href":"https:\/\/atecordoba.org\/index.php?rest_route=\/wp\/v2\/posts\/1512","targetHints":{"allow":["GET"]}}],"collection":[{"href":"https:\/\/atecordoba.org\/index.php?rest_route=\/wp\/v2\/posts"}],"about":[{"href":"https:\/\/atecordoba.org\/index.php?rest_route=\/wp\/v2\/types\/post"}],"author":[{"embeddable":true,"href":"https:\/\/atecordoba.org\/index.php?rest_route=\/wp\/v2\/users\/1"}],"replies":[{"embeddable":true,"href":"https:\/\/atecordoba.org\/index.php?rest_route=%2Fwp%2Fv2%2Fcomments&post=1512"}],"version-history":[{"count":0,"href":"https:\/\/atecordoba.org\/index.php?rest_route=\/wp\/v2\/posts\/1512\/revisions"}],"wp:featuredmedia":[{"embeddable":true,"href":"https:\/\/atecordoba.org\/index.php?rest_route=\/wp\/v2\/media\/19220"}],"wp:attachment":[{"href":"https:\/\/atecordoba.org\/index.php?rest_route=%2Fwp%2Fv2%2Fmedia&parent=1512"}],"wp:term":[{"taxonomy":"category","embeddable":true,"href":"https:\/\/atecordoba.org\/index.php?rest_route=%2Fwp%2Fv2%2Fcategories&post=1512"},{"taxonomy":"post_tag","embeddable":true,"href":"https:\/\/atecordoba.org\/index.php?rest_route=%2Fwp%2Fv2%2Ftags&post=1512"}],"curies":[{"name":"wp","href":"https:\/\/api.w.org\/{rel}","templated":true}]}}