{"id":1504,"date":"2012-08-10T16:35:43","date_gmt":"2012-08-10T19:35:43","guid":{"rendered":"http:\/\/www.atecordoba.org\/?p=1504"},"modified":"2012-08-10T16:35:43","modified_gmt":"2012-08-10T19:35:43","slug":"personal-civil-reclamo-ante-puricelli-por-aumento-salarial","status":"publish","type":"post","link":"https:\/\/atecordoba.org\/?p=1504","title":{"rendered":"Personal Civil reclam\u00f3 ante Puricelli por aumento salarial"},"content":{"rendered":"<p>&nbsp;<\/p>\n<p><em>Con un masivo paro por 24 horas, los trabajadores se movilizaron frente a la Escuela de Aviaci\u00f3n Militar donde el ministro de Defensa presidi\u00f3 el acto por el Centenario de la Fuerza A\u00e9rea. Reclamaron una recomposici\u00f3n de haberes del 35%, pase a planta permanente de los contratados y la apertura de paritas.<\/em><\/p>\n<p><a href=\"http:\/\/www.atecordoba.org\/wp-content\/uploads\/2012\/08\/IMG_2024.jpg\"><img loading=\"lazy\" decoding=\"async\" class=\"aligncenter size-medium wp-image-1506\" title=\"IMG_2024\" src=\"http:\/\/www.atecordoba.org\/wp-content\/uploads\/2012\/08\/IMG_2024-300x225.jpg\" alt=\"\" width=\"300\" height=\"225\" \/><\/a><\/p>\n<p>Los trabajadores del sector vienen desarrollando un plan de lucha desde comienzos de a\u00f1o, ante la postraci\u00f3n salarial hist\u00f3rica del Personal Civil de la FF.AA. En ese marco, hoy llevaron a cabo otra jornada de paro con movilizaci\u00f3n , que tuvo el aditamento de la presencia en C\u00f3rdoba del ministro de Defensa, Arturo Puricelli, presidiendo el Centenario de la Aviaci\u00f3n Militar.<\/p>\n<p>A primeras horas del d\u00eda, los trabajadores realizaron una intensa volanteada a los asistentes al acto para concientizar sobre al\u00a0situaci\u00f3n\u00a0que atraviesa el sector.<\/p>\n<p>Ya a las 10 de la ma\u00f1ana se inici\u00f3 la movilizaci\u00f3n, con corte de media calzada frente al predio donde se realizaban las acrobacias a\u00e9reas. Los compa\u00f1eros reclaman una recomposici\u00f3n salarial del 35%, atento a que el haber inicial parte desde los 2300 pesos, cifra que apenas supera el m\u00ednimo vital y m\u00f3vil, pero con los adiciones y suplementos.<\/p>\n<p><a href=\"http:\/\/www.atecordoba.org\/wp-content\/uploads\/2012\/08\/IMG_2040.jpg\"><img loading=\"lazy\" decoding=\"async\" class=\"aligncenter size-medium wp-image-1507\" title=\"IMG_2040\" src=\"http:\/\/www.atecordoba.org\/wp-content\/uploads\/2012\/08\/IMG_2040-225x300.jpg\" alt=\"\" width=\"225\" height=\"300\" \/><\/a><\/p>\n<p>Considerado desde todo punto de vista insuficiente, ATE encabeza un reclamo que ya se torn\u00f3 hist\u00f3rico, dado que las autoridades nunca habilitaron la mesa de negociaci\u00f3n paritaria para recomponer la situaci\u00f3n. Adem\u00e1s, no existen canales de di\u00e1logo que permitan vislumbrar una salida digna a los compa\u00f1eros.<\/p>\n<p>&#8220;Desde la asunci\u00f3n de Puricelli, no tuvimos ninguna reuni\u00f3n oficial con la cartera de Defensa, a pesar de los innumerables pedidos que en este sentido realiz\u00f3 el Consejo Directivo Nacional de ATE. Por eso le dejan a los trabajadores la protesta como \u00fanica v\u00eda de expresi\u00f3n, demostrando que no les interesa el correcto funcionamiento de las Fuerzas Armadas&#8221;, \u00a0afirm\u00f3 Alejandro Charra, secretario de Organizaci\u00f3n de ATE C\u00f3rdoba y docente de la Escuela de Aviaci\u00f3n Militar.<\/p>\n<p><a href=\"http:\/\/www.atecordoba.org\/wp-content\/uploads\/2012\/08\/IMG_2033.jpg\"><img loading=\"lazy\" decoding=\"async\" class=\"aligncenter size-medium wp-image-1508\" title=\"IMG_2033\" src=\"http:\/\/www.atecordoba.org\/wp-content\/uploads\/2012\/08\/IMG_2033-300x225.jpg\" alt=\"\" width=\"300\" height=\"225\" \/><\/a><\/p>\n<p>&#8220;Adem\u00e1s, reclamamos el pase a planta permanente de una gran cantidad de compa\u00f1eros contratados, en algunos casos desde hace m\u00e1s de 20 a\u00f1os. Esta situaci\u00f3n es insostenible. Ni hablar del planteo por la quita del impuesto a las ganancias y el tope en las asignaciones familiares, que agobia a los compa\u00f1eros que logran sumar un sueldo dignos despu\u00e9s de d\u00e9cadas de carrera. Vale aclarar que los descuentos por ganancias se realizan del sueldo bruto, ni siquiera del neto&#8221;, se\u00f1al\u00f3 el dirigente.<\/p>\n<p>En la oportunidad, durante la movilizaci\u00f3n se hicieron presentes, Oscar Mengarelli, secretario General de CTA C\u00f3rdoba, Jos\u00e9 Goroso, Luis Barcena, \u00a0Miriam Martino y Estela Corzo, secretarios Gremial, \u00a0de Interior, de Acci\u00f3n Pol\u00edtica y de Actas respectivamente. Adem\u00e1s, una delegaci\u00f3n de compa\u00f1eros de Villa Mar\u00eda acerc\u00f3 su solidaridad, encabezada por el secretario General de la seccional, Walter Secondino. Tambi\u00e9n estuvieron presentes compa\u00f1eros de la seccional R\u00edo Tercero, con su secretario Gremial, Jos\u00e9 Luis D\u00edaz a la cabeza.<\/p>\n<p>Para la semana que viene se convocar\u00e1 un plenario ordinario de delegados del sector para estudiar los pasos a seguir.<\/p>\n<p><a title=\"Alejandro Charra - secretario de Organizaci\u00f3n - Paro Personal Civil\" href=\"http:\/\/www.atecordoba.org\/wp-content\/uploads\/2012\/08\/CHARRA-ALEJANDRO-10-08-paro-personal-civil.mp3\">CHARRA ALEJANDRO 10-08 paro personal civil<\/a><\/p>\n<p>&nbsp;<\/p>\n","protected":false},"excerpt":{"rendered":"<p>&nbsp; Con un masivo paro por 24 horas, los trabajadores se movilizaron frente a la Escuela de Aviaci\u00f3n Militar donde el ministro de Defensa presidi\u00f3 el acto por el Centenario de la Fuerza A\u00e9rea. Reclamaron una recomposici\u00f3n de haberes del 35%, pase a planta permanente de los contratados y la apertura de paritas. Los trabajadores [&hellip;]<\/p>\n","protected":false},"author":1,"featured_media":19220,"comment_status":"open","ping_status":"open","sticky":false,"template":"","format":"standard","meta":{"_exactmetrics_skip_tracking":false,"_exactmetrics_sitenote_active":false,"_exactmetrics_sitenote_note":"","_exactmetrics_sitenote_category":0,"jnews-multi-image_gallery":[],"jnews_single_post":[],"jnews_primary_category":[],"jnews_social_meta":[],"jnews_review":[],"enable_review":"","type":"","name":"","summary":"","brand":"","sku":"","good":[],"bad":[],"score_override":"","override_value":"","rating":[],"price":[],"jnews_override_counter":[],"jnews_post_split":[],"footnotes":""},"categories":[18],"tags":[],"class_list":["post-1504","post","type-post","status-publish","format-standard","has-post-thumbnail","hentry","category-nacionales"],"jetpack_featured_media_url":"https:\/\/atecordoba.org\/wp-content\/uploads\/2020\/05\/logo-nuevochico-e1561581322808.png","_links":{"self":[{"href":"https:\/\/atecordoba.org\/index.php?rest_route=\/wp\/v2\/posts\/1504","targetHints":{"allow":["GET"]}}],"collection":[{"href":"https:\/\/atecordoba.org\/index.php?rest_route=\/wp\/v2\/posts"}],"about":[{"href":"https:\/\/atecordoba.org\/index.php?rest_route=\/wp\/v2\/types\/post"}],"author":[{"embeddable":true,"href":"https:\/\/atecordoba.org\/index.php?rest_route=\/wp\/v2\/users\/1"}],"replies":[{"embeddable":true,"href":"https:\/\/atecordoba.org\/index.php?rest_route=%2Fwp%2Fv2%2Fcomments&post=1504"}],"version-history":[{"count":0,"href":"https:\/\/atecordoba.org\/index.php?rest_route=\/wp\/v2\/posts\/1504\/revisions"}],"wp:featuredmedia":[{"embeddable":true,"href":"https:\/\/atecordoba.org\/index.php?rest_route=\/wp\/v2\/media\/19220"}],"wp:attachment":[{"href":"https:\/\/atecordoba.org\/index.php?rest_route=%2Fwp%2Fv2%2Fmedia&parent=1504"}],"wp:term":[{"taxonomy":"category","embeddable":true,"href":"https:\/\/atecordoba.org\/index.php?rest_route=%2Fwp%2Fv2%2Fcategories&post=1504"},{"taxonomy":"post_tag","embeddable":true,"href":"https:\/\/atecordoba.org\/index.php?rest_route=%2Fwp%2Fv2%2Ftags&post=1504"}],"curies":[{"name":"wp","href":"https:\/\/api.w.org\/{rel}","templated":true}]}}