{"id":1501,"date":"2012-08-09T16:36:04","date_gmt":"2012-08-09T19:36:04","guid":{"rendered":"http:\/\/www.atecordoba.org\/?p=1501"},"modified":"2012-08-09T16:36:04","modified_gmt":"2012-08-09T19:36:04","slug":"ate-repudia-la-reforma-previsional-delasotista","status":"publish","type":"post","link":"https:\/\/atecordoba.org\/?p=1501","title":{"rendered":"ATE repudia la reforma previsional delasotista"},"content":{"rendered":"<p><a href=\"http:\/\/www.atecordoba.org\/wp-content\/uploads\/2012\/08\/IMG_1976.jpg\"><img loading=\"lazy\" decoding=\"async\" class=\"aligncenter size-medium wp-image-1502\" title=\"IMG_1976\" src=\"http:\/\/www.atecordoba.org\/wp-content\/uploads\/2012\/08\/IMG_1976-300x225.jpg\" alt=\"\" width=\"300\" height=\"225\" \/><\/a><\/p>\n<p>En otro cap\u00edtulo m\u00e1s del saqueo a la Caja de Jubilaciones que viene llevando a cabo la administraci\u00f3n delasotista, ayer entre gallos y medianoches el gobierno provincial llev\u00f3 a aprobar, apelando a la mano enyesada del bloque de Uni\u00f3n por C\u00f3rdoba, un duro ajuste al sistema previsional que afecta, por igual, al bolsillo de activos y jubilados provinciales.<\/p>\n<p>En consecuencia, ATE convoca a un paro de actividades para ma\u00f1ana viernes 10 de agosto y concentraci\u00f3n a la sede gremial a las 9 horas, para movilizarnos. En el mismo sentido, se ha resuelto participar de la reuni\u00f3n conjunta con los dem\u00e1s gremios estatales el pr\u00f3ximo lunes a las 16 horas. En tanto, resolvi\u00f3 para el mi\u00e9rcoles 15 convocar a una nueva protesta con la misma modalidad de este viernes.<\/p>\n<p>Despejando la bruma publicitaria que envuelve la pol\u00edtica oficial, ATE entiende que esta reforma da muerte al 82% m\u00f3vil que cobran los actuales jubilados provinciales y contradice los anuncios grandilocuentes realizados hace 15 d\u00edas en la propia legislatura, donde dijeron que sal\u00edamos de la emergencia previsional sin modificar ning\u00fan derecho adquirido vigente.<\/p>\n<p>Al extender por 180 los aumentos a los pasivos de las actualizaciones salariales que se otorgan a los activos, quiebra con la movilidad que garantiza la constituci\u00f3n provincial, en su art\u00edculo 55\u00ba, abriendo otra a la industria del juicio, que tanto perjudic\u00f3 las finanzas de la Caja.<br \/>\nAs\u00ed, De la Sota demuestra lo poco que le interesa el futuro de los trabajadores provinciales en su af\u00e1n sostener su campa\u00f1a electoral del 2015.<\/p>\n<p>Adem\u00e1s, la ley autoriza al Poder Ejecutivo a modificar el porcentaje de aportes de los activos, que es una trampa m\u00e1s para seguir ajustando las futuras jubilaciones y llevarnos a la total armonizaci\u00f3n con el sistema nacional.<\/p>\n<p>Desde ATE convocamos a la unidad de acci\u00f3n en la lucha a todos los trabajadores afectados y a la solidaridad de toda la comunidad. Los trabajadores no debemos hacernos cargo de la farra delasotista, ni de su pelea pol\u00edtica con la Naci\u00f3n<\/p>\n<p align=\"center\"><strong>\u00a1No a la reforma, no a la armonizaci\u00f3n. Restituci\u00f3n de la 8024!<\/strong><\/p>\n","protected":false},"excerpt":{"rendered":"<p>En otro cap\u00edtulo m\u00e1s del saqueo a la Caja de Jubilaciones que viene llevando a cabo la administraci\u00f3n delasotista, ayer entre gallos y medianoches el gobierno provincial llev\u00f3 a aprobar, apelando a la mano enyesada del bloque de Uni\u00f3n por C\u00f3rdoba, un duro ajuste al sistema previsional que afecta, por igual, al bolsillo de activos [&hellip;]<\/p>\n","protected":false},"author":1,"featured_media":19220,"comment_status":"open","ping_status":"open","sticky":false,"template":"","format":"standard","meta":{"_exactmetrics_skip_tracking":false,"_exactmetrics_sitenote_active":false,"_exactmetrics_sitenote_note":"","_exactmetrics_sitenote_category":0,"jnews-multi-image_gallery":[],"jnews_single_post":[],"jnews_primary_category":[],"jnews_social_meta":[],"jnews_review":[],"enable_review":"","type":"","name":"","summary":"","brand":"","sku":"","good":[],"bad":[],"score_override":"","override_value":"","rating":[],"price":[],"jnews_override_counter":[],"jnews_post_split":[],"footnotes":""},"categories":[53,22],"tags":[],"class_list":["post-1501","post","type-post","status-publish","format-standard","has-post-thumbnail","hentry","category-comunicados-de-prensa","category-jubilados"],"jetpack_featured_media_url":"https:\/\/atecordoba.org\/wp-content\/uploads\/2020\/05\/logo-nuevochico-e1561581322808.png","_links":{"self":[{"href":"https:\/\/atecordoba.org\/index.php?rest_route=\/wp\/v2\/posts\/1501","targetHints":{"allow":["GET"]}}],"collection":[{"href":"https:\/\/atecordoba.org\/index.php?rest_route=\/wp\/v2\/posts"}],"about":[{"href":"https:\/\/atecordoba.org\/index.php?rest_route=\/wp\/v2\/types\/post"}],"author":[{"embeddable":true,"href":"https:\/\/atecordoba.org\/index.php?rest_route=\/wp\/v2\/users\/1"}],"replies":[{"embeddable":true,"href":"https:\/\/atecordoba.org\/index.php?rest_route=%2Fwp%2Fv2%2Fcomments&post=1501"}],"version-history":[{"count":0,"href":"https:\/\/atecordoba.org\/index.php?rest_route=\/wp\/v2\/posts\/1501\/revisions"}],"wp:featuredmedia":[{"embeddable":true,"href":"https:\/\/atecordoba.org\/index.php?rest_route=\/wp\/v2\/media\/19220"}],"wp:attachment":[{"href":"https:\/\/atecordoba.org\/index.php?rest_route=%2Fwp%2Fv2%2Fmedia&parent=1501"}],"wp:term":[{"taxonomy":"category","embeddable":true,"href":"https:\/\/atecordoba.org\/index.php?rest_route=%2Fwp%2Fv2%2Fcategories&post=1501"},{"taxonomy":"post_tag","embeddable":true,"href":"https:\/\/atecordoba.org\/index.php?rest_route=%2Fwp%2Fv2%2Ftags&post=1501"}],"curies":[{"name":"wp","href":"https:\/\/api.w.org\/{rel}","templated":true}]}}