{"id":1498,"date":"2012-08-08T18:18:08","date_gmt":"2012-08-08T21:18:08","guid":{"rendered":"http:\/\/www.atecordoba.org\/?p=1498"},"modified":"2012-08-08T18:18:08","modified_gmt":"2012-08-08T21:18:08","slug":"centenario-de-la-fuerza-aerea-personal-civil-de-las-ff-aa-reclamara-por-salarios-ante-el-ministro-puricelli","status":"publish","type":"post","link":"https:\/\/atecordoba.org\/?p=1498","title":{"rendered":"Centenario de la Fuerza A\u00e9rea: Personal Civil de las FF.AA. reclamar\u00e1 por salarios ante el ministro Puricelli"},"content":{"rendered":"<div>Comunicado de prensa 8-8-2012<\/div>\n<div><\/div>\n<p><a href=\"http:\/\/www.atecordoba.org\/wp-content\/uploads\/2012\/08\/IMG_1881.jpg\"><img loading=\"lazy\" decoding=\"async\" class=\"aligncenter size-medium wp-image-1474\" title=\"IMG_1881\" src=\"http:\/\/www.atecordoba.org\/wp-content\/uploads\/2012\/08\/IMG_1881-300x225.jpg\" alt=\"\" width=\"300\" height=\"225\" \/><\/a><\/p>\n<div><\/div>\n<div>Ante la angustiosa situaci\u00f3n salarial y de condiciones de trabajo que sufren los trabajadores civiles dependientes de las Fuerzas Armadas, frente a la ausencia total de respuestas por parte de las autoridades, as\u00ed como de canales de di\u00e1logo para canalizar nuestras demandas, el viernes 10 de agosto ATE se manifestar\u00e1 en el acto a celebrarse por el centenario de la Fuerza A\u00e9rea.<\/div>\n<div><\/div>\n<div>En la oportunidad, los trabajadores se movilizar\u00e1n frente a la Escuela de Aviaci\u00f3n Militar para trasladarle en persona al ministro del \u00e1rea, Arturo Puricelli, la base de los reclamos del sector.<\/div>\n<div><\/div>\n<h4>Vale se\u00f1alar que el Personal Civil cuenta que el peor promedio salarial de toda la administraci\u00f3n p\u00fablica nacional, con haberes que parten desde 2300 pesos.<\/h4>\n<div>Porque creemos que hacer honor al centenario es recuperar la historia de los trabajadores en el desarrollo de la industria nacional. Esa historia se hace con salarios y condiciones de trabajo dignas; tambi\u00e9n con respeto a la organizaci\u00f3n gremial.<\/div>\n<div><\/div>\n<div>Por:<\/div>\n<div>\n<ul>\n<li>Aumento salarial del 35%.<\/li>\n<li>Pase a planta permanente de todos los contratados.<\/li>\n<li>Apertura de paritarias.<\/li>\n<li>Eliminaci\u00f3n del impuesto a las ganancias y al tope de las asignaciones familiares.<\/li>\n<\/ul>\n<div>Mar\u00eda Teresa Romero<\/div>\n<div>Secretaria General<\/div>\n<div>ATE C\u00f3rdoba<\/div>\n<div><\/div>\n<p>Contactos de prensa: Alejandro Charra 0351<a href=\"callto:-152277569\">-152277569<\/a><\/p>\n<\/div>\n","protected":false},"excerpt":{"rendered":"<p>Comunicado de prensa 8-8-2012 Ante la angustiosa situaci\u00f3n salarial y de condiciones de trabajo que sufren los trabajadores civiles dependientes de las Fuerzas Armadas, frente a la ausencia total de respuestas por parte de las autoridades, as\u00ed como de canales de di\u00e1logo para canalizar nuestras demandas, el viernes 10 de agosto ATE se manifestar\u00e1 en [&hellip;]<\/p>\n","protected":false},"author":1,"featured_media":19220,"comment_status":"open","ping_status":"open","sticky":false,"template":"","format":"standard","meta":{"_exactmetrics_skip_tracking":false,"_exactmetrics_sitenote_active":false,"_exactmetrics_sitenote_note":"","_exactmetrics_sitenote_category":0,"jnews-multi-image_gallery":[],"jnews_single_post":[],"jnews_primary_category":[],"jnews_social_meta":[],"jnews_review":[],"enable_review":"","type":"","name":"","summary":"","brand":"","sku":"","good":[],"bad":[],"score_override":"","override_value":"","rating":[],"price":[],"jnews_override_counter":[],"jnews_post_split":[],"footnotes":""},"categories":[53,18],"tags":[],"class_list":["post-1498","post","type-post","status-publish","format-standard","has-post-thumbnail","hentry","category-comunicados-de-prensa","category-nacionales"],"jetpack_featured_media_url":"https:\/\/atecordoba.org\/wp-content\/uploads\/2020\/05\/logo-nuevochico-e1561581322808.png","_links":{"self":[{"href":"https:\/\/atecordoba.org\/index.php?rest_route=\/wp\/v2\/posts\/1498","targetHints":{"allow":["GET"]}}],"collection":[{"href":"https:\/\/atecordoba.org\/index.php?rest_route=\/wp\/v2\/posts"}],"about":[{"href":"https:\/\/atecordoba.org\/index.php?rest_route=\/wp\/v2\/types\/post"}],"author":[{"embeddable":true,"href":"https:\/\/atecordoba.org\/index.php?rest_route=\/wp\/v2\/users\/1"}],"replies":[{"embeddable":true,"href":"https:\/\/atecordoba.org\/index.php?rest_route=%2Fwp%2Fv2%2Fcomments&post=1498"}],"version-history":[{"count":0,"href":"https:\/\/atecordoba.org\/index.php?rest_route=\/wp\/v2\/posts\/1498\/revisions"}],"wp:featuredmedia":[{"embeddable":true,"href":"https:\/\/atecordoba.org\/index.php?rest_route=\/wp\/v2\/media\/19220"}],"wp:attachment":[{"href":"https:\/\/atecordoba.org\/index.php?rest_route=%2Fwp%2Fv2%2Fmedia&parent=1498"}],"wp:term":[{"taxonomy":"category","embeddable":true,"href":"https:\/\/atecordoba.org\/index.php?rest_route=%2Fwp%2Fv2%2Fcategories&post=1498"},{"taxonomy":"post_tag","embeddable":true,"href":"https:\/\/atecordoba.org\/index.php?rest_route=%2Fwp%2Fv2%2Ftags&post=1498"}],"curies":[{"name":"wp","href":"https:\/\/api.w.org\/{rel}","templated":true}]}}