{"id":1492,"date":"2012-08-08T16:24:20","date_gmt":"2012-08-08T19:24:20","guid":{"rendered":"http:\/\/www.atecordoba.org\/?p=1492"},"modified":"2012-08-08T16:24:20","modified_gmt":"2012-08-08T19:24:20","slug":"rio-cuarto-crece-el-malestar-por-la-demora-en-el-pago-de-haberes-a-municipales","status":"publish","type":"post","link":"https:\/\/atecordoba.org\/?p=1492","title":{"rendered":"R\u00edo Cuarto: demora en el pago de haberes a municipales"},"content":{"rendered":"<h2>\u00a0<a href=\"http:\/\/www.atecordoba.org\/wp-content\/uploads\/2012\/08\/municipales-rio-cuarto.jpg\"><img loading=\"lazy\" decoding=\"async\" class=\"aligncenter size-medium wp-image-1493\" title=\"municipales rio cuarto\" src=\"http:\/\/www.atecordoba.org\/wp-content\/uploads\/2012\/08\/municipales-rio-cuarto-300x224.jpg\" alt=\"\" width=\"300\" height=\"224\" \/><\/a><\/h2>\n<p>Desde ATE se critica y se reclama el pago del salario de los trabajadores municipales. \u201cNosotros hab\u00edamos advertido que la situaci\u00f3n financiera del municipio era muy cr\u00edtica y vamos a recorrer las dependencias para evaluar medidas\u201d, indic\u00f3 Rafaela Alcoba, Secretaria Adjunta de ATE.<\/p>\n<div>\n<p>Se eval\u00faa el hacer asambleas debido no s\u00f3lo a la demora del pago sino a la continuidad del pago desdoblado de los haberes, que afecta la econom\u00eda diaria de los trabajadores.<\/p>\n<p>Desde fines del a\u00f1o pasado el municipio no cumple en tiempo y forma con el pago de los salarios de los trabajadores municipales como as\u00ed tambi\u00e9n con las cooperativas que cumplen funciones en el municipio, con las fundaciones, vecinales, al d\u00eda de hoy adeudan el pago de aguinaldo del personal de gabinete, el 50% del sueldo a las cooperativas y el mismo porcentaje a quienes brindan servicio en la polic\u00eda tributar\u00eda.<\/p>\n<p>En noviembre de 2011 ATE denunci\u00f3 en un parte de prensa, el desfasaje econ\u00f3mico y falta de previsibilidad econ\u00f3mica, hoy la realidad claramente nos muestra de que el Intendente gasta m\u00e1s de lo que ingresa, de que no hay capacidad de gesti\u00f3n y de recaudaci\u00f3n.<\/p>\n<p>La gran contradicci\u00f3n que hoy no puede dejar de sorprendernos es que mientras el municipio hoy no tiene el dinero para abonar al cuarto dia h\u00e1bil los salarios, se haya aprobado el \u201cSalariazo\u201d para la planta pol\u00edtica.<\/p>\n<\/div>\n","protected":false},"excerpt":{"rendered":"<p>\u00a0 Desde ATE se critica y se reclama el pago del salario de los trabajadores municipales. \u201cNosotros hab\u00edamos advertido que la situaci\u00f3n financiera del municipio era muy cr\u00edtica y vamos a recorrer las dependencias para evaluar medidas\u201d, indic\u00f3 Rafaela Alcoba, Secretaria Adjunta de ATE. Se eval\u00faa el hacer asambleas debido no s\u00f3lo a la demora [&hellip;]<\/p>\n","protected":false},"author":1,"featured_media":19220,"comment_status":"open","ping_status":"open","sticky":false,"template":"","format":"standard","meta":{"_exactmetrics_skip_tracking":false,"_exactmetrics_sitenote_active":false,"_exactmetrics_sitenote_note":"","_exactmetrics_sitenote_category":0,"jnews-multi-image_gallery":[],"jnews_single_post":[],"jnews_primary_category":[],"jnews_social_meta":[],"jnews_review":[],"enable_review":"","type":"","name":"","summary":"","brand":"","sku":"","good":[],"bad":[],"score_override":"","override_value":"","rating":[],"price":[],"jnews_override_counter":[],"jnews_post_split":[],"footnotes":""},"categories":[20],"tags":[],"class_list":["post-1492","post","type-post","status-publish","format-standard","has-post-thumbnail","hentry","category-municipales"],"jetpack_featured_media_url":"https:\/\/atecordoba.org\/wp-content\/uploads\/2020\/05\/logo-nuevochico-e1561581322808.png","_links":{"self":[{"href":"https:\/\/atecordoba.org\/index.php?rest_route=\/wp\/v2\/posts\/1492","targetHints":{"allow":["GET"]}}],"collection":[{"href":"https:\/\/atecordoba.org\/index.php?rest_route=\/wp\/v2\/posts"}],"about":[{"href":"https:\/\/atecordoba.org\/index.php?rest_route=\/wp\/v2\/types\/post"}],"author":[{"embeddable":true,"href":"https:\/\/atecordoba.org\/index.php?rest_route=\/wp\/v2\/users\/1"}],"replies":[{"embeddable":true,"href":"https:\/\/atecordoba.org\/index.php?rest_route=%2Fwp%2Fv2%2Fcomments&post=1492"}],"version-history":[{"count":0,"href":"https:\/\/atecordoba.org\/index.php?rest_route=\/wp\/v2\/posts\/1492\/revisions"}],"wp:featuredmedia":[{"embeddable":true,"href":"https:\/\/atecordoba.org\/index.php?rest_route=\/wp\/v2\/media\/19220"}],"wp:attachment":[{"href":"https:\/\/atecordoba.org\/index.php?rest_route=%2Fwp%2Fv2%2Fmedia&parent=1492"}],"wp:term":[{"taxonomy":"category","embeddable":true,"href":"https:\/\/atecordoba.org\/index.php?rest_route=%2Fwp%2Fv2%2Fcategories&post=1492"},{"taxonomy":"post_tag","embeddable":true,"href":"https:\/\/atecordoba.org\/index.php?rest_route=%2Fwp%2Fv2%2Ftags&post=1492"}],"curies":[{"name":"wp","href":"https:\/\/api.w.org\/{rel}","templated":true}]}}