{"id":1487,"date":"2012-08-08T16:17:46","date_gmt":"2012-08-08T19:17:46","guid":{"rendered":"http:\/\/www.atecordoba.org\/?p=1487"},"modified":"2012-08-08T16:17:46","modified_gmt":"2012-08-08T19:17:46","slug":"aviacion-civil-y-estatal","status":"publish","type":"post","link":"https:\/\/atecordoba.org\/?p=1487","title":{"rendered":"AVIACION CIVIL Y ESTATAL!!!"},"content":{"rendered":"<p style=\"text-align: left;\" align=\"center\"><a href=\"http:\/\/www.atecordoba.org\/wp-content\/uploads\/2012\/08\/100_0426.jpg\"><img loading=\"lazy\" decoding=\"async\" class=\"aligncenter size-medium wp-image-1488\" title=\"100_0426\" src=\"http:\/\/www.atecordoba.org\/wp-content\/uploads\/2012\/08\/100_0426-300x225.jpg\" alt=\"\" width=\"300\" height=\"225\" \/><\/a><\/p>\n<p style=\"text-align: left;\" align=\"center\">El Ministro del Interior Florencio Randazzo, ha decidido crear una comisi\u00f3n de trabajo para atender el tema de los servicios de transito a\u00e9reo. Esta comisi\u00f3n esta formada por: Fuerza A\u00e9rea, Defensa, Interior y Anac y en la cual el coordinador general es Manuel Baladr\u00f3n (presidente del ORSNA). Como primera medida se deja bien en claro que esta comisi\u00f3n nada tiene que ver con la conciliaci\u00f3n obligatoria dictada por el Ministerio de Trabajo a ra\u00edz de la medida de fuerza llevada adelante por los trabajadores organizados en ATE. De esta reuni\u00f3n participo tambi\u00e9n ATEPSA, el sector de controladores auto convocado y ATE. El planteo de ATE FUE CLARO Y CONTUNDENTE y est\u00e1 apoyado en lo definido en el plenario del 15 de junio y en la medida de fuerza del 6 de julio:<\/p>\n<p style=\"text-align: left;\" align=\"center\">\u00a0_ Desmilitarizaci\u00f3n total de la Aviaci\u00f3n Civil<\/p>\n<p style=\"text-align: left;\" align=\"center\">\u00a0_ Nuevo organismo prestador de los servicios de transito a\u00e9reo.<\/p>\n<p style=\"text-align: left;\" align=\"center\">\u00a0 _Incorporaci\u00f3n al anexo I y II del decreto 214\/06 (convenio marco para la administraci\u00f3n publica) a fin de poder discutir un convenio colectivo de trabajo sectorial, que desde ATE se viene exigiendo del a\u00f1o 2009, momento en el que asume la ANAC con la gesti\u00f3n Gabrielli.<\/p>\n<p style=\"text-align: left;\" align=\"center\">\u00a0_ Pas\u00f3 a planta permanente del personal precarizado.<\/p>\n<p style=\"text-align: left;\" align=\"center\">\u00a0_Correcto re encasillamiento del personal de planta<\/p>\n<p style=\"text-align: left;\" align=\"center\">\u00a0_ Que todo el personal desplazado vuelva a su lugar de trabajo.<\/p>\n<p style=\"text-align: left;\" align=\"center\">\u00a0_Extensi\u00f3n de la comisi\u00f3n de servicios a fin de garantizar la estabilidad laboral y salarial de todos los compa\u00f1eros del sector.<\/p>\n<p style=\"text-align: left;\" align=\"center\">\u00a0Desde ATE valoramos los \u00e1mbitos de dialogo y aprovecharemos cada instancia que se abra, pero\u00a0 de no haber respuestas concretas, una vez finalizada la conciliaci\u00f3n obligatoria, estamos dispuestos a reanudar el plan de lucha. Dada esta situaci\u00f3n desde ATE-ANAC proponemos realizar asambleas en todos los aeropuertos del pa\u00eds a fin de que los compa\u00f1eros expongan su punto de vista ante esta coyuntura.<br \/>\nEsta reuni\u00f3n tambi\u00e9n se aprovecho para solicitar personalmente al administrador de la ANAC la reuni\u00f3n a fin de definir los reclamos de re encasillamiento y paso a planta pendiente. En el d\u00eda de ma\u00f1ana se va a estar definiendo dicha fecha.<\/p>\n","protected":false},"excerpt":{"rendered":"<p>El Ministro del Interior Florencio Randazzo, ha decidido crear una comisi\u00f3n de trabajo para atender el tema de los servicios de transito a\u00e9reo. Esta comisi\u00f3n esta formada por: Fuerza A\u00e9rea, Defensa, Interior y Anac y en la cual el coordinador general es Manuel Baladr\u00f3n (presidente del ORSNA). Como primera medida se deja bien en claro [&hellip;]<\/p>\n","protected":false},"author":1,"featured_media":19220,"comment_status":"open","ping_status":"open","sticky":false,"template":"","format":"standard","meta":{"_exactmetrics_skip_tracking":false,"_exactmetrics_sitenote_active":false,"_exactmetrics_sitenote_note":"","_exactmetrics_sitenote_category":0,"jnews-multi-image_gallery":[],"jnews_single_post":[],"jnews_primary_category":[],"jnews_social_meta":[],"jnews_review":[],"enable_review":"","type":"","name":"","summary":"","brand":"","sku":"","good":[],"bad":[],"score_override":"","override_value":"","rating":[],"price":[],"jnews_override_counter":[],"jnews_post_split":[],"footnotes":""},"categories":[18],"tags":[],"class_list":["post-1487","post","type-post","status-publish","format-standard","has-post-thumbnail","hentry","category-nacionales"],"jetpack_featured_media_url":"https:\/\/atecordoba.org\/wp-content\/uploads\/2020\/05\/logo-nuevochico-e1561581322808.png","_links":{"self":[{"href":"https:\/\/atecordoba.org\/index.php?rest_route=\/wp\/v2\/posts\/1487","targetHints":{"allow":["GET"]}}],"collection":[{"href":"https:\/\/atecordoba.org\/index.php?rest_route=\/wp\/v2\/posts"}],"about":[{"href":"https:\/\/atecordoba.org\/index.php?rest_route=\/wp\/v2\/types\/post"}],"author":[{"embeddable":true,"href":"https:\/\/atecordoba.org\/index.php?rest_route=\/wp\/v2\/users\/1"}],"replies":[{"embeddable":true,"href":"https:\/\/atecordoba.org\/index.php?rest_route=%2Fwp%2Fv2%2Fcomments&post=1487"}],"version-history":[{"count":0,"href":"https:\/\/atecordoba.org\/index.php?rest_route=\/wp\/v2\/posts\/1487\/revisions"}],"wp:featuredmedia":[{"embeddable":true,"href":"https:\/\/atecordoba.org\/index.php?rest_route=\/wp\/v2\/media\/19220"}],"wp:attachment":[{"href":"https:\/\/atecordoba.org\/index.php?rest_route=%2Fwp%2Fv2%2Fmedia&parent=1487"}],"wp:term":[{"taxonomy":"category","embeddable":true,"href":"https:\/\/atecordoba.org\/index.php?rest_route=%2Fwp%2Fv2%2Fcategories&post=1487"},{"taxonomy":"post_tag","embeddable":true,"href":"https:\/\/atecordoba.org\/index.php?rest_route=%2Fwp%2Fv2%2Ftags&post=1487"}],"curies":[{"name":"wp","href":"https:\/\/api.w.org\/{rel}","templated":true}]}}