{"id":1476,"date":"2012-08-02T17:44:08","date_gmt":"2012-08-02T20:44:08","guid":{"rendered":"http:\/\/www.atecordoba.org\/?p=1476"},"modified":"2012-08-02T17:44:08","modified_gmt":"2012-08-02T20:44:08","slug":"formacion-para-delegados-segundo-modulo-el-9-de-agosto","status":"publish","type":"post","link":"https:\/\/atecordoba.org\/?p=1476","title":{"rendered":"Formaci\u00f3n para delegados: segundo m\u00f3dulo el 9 de agosto"},"content":{"rendered":"<p><em>En l\u00ednea con la pol\u00edtica integral de ATE de formaci\u00f3n y capacitaci\u00f3n de los compa\u00f1eros, el jueves 9 de agosto continuar\u00e1 el Curso de Formaci\u00f3n para Nuevos Delegados del CDP C\u00f3rdoba.<\/em><\/p>\n<p><a href=\"http:\/\/www.atecordoba.org\/wp-content\/uploads\/2012\/08\/IMG_0864.jpg\"><img loading=\"lazy\" decoding=\"async\" class=\"aligncenter size-medium wp-image-1478\" title=\"IMG_0864\" src=\"http:\/\/www.atecordoba.org\/wp-content\/uploads\/2012\/08\/IMG_0864-300x225.jpg\" alt=\"\" width=\"300\" height=\"225\" \/><\/a><\/p>\n<p>La actividad se llevar\u00e1 a cabo en nuestra sede, Entre R\u00edos 450, a partir de las 8.30 horas y hasta las 16.30. En la oportunidad, el curso trata el tema &#8220;El conflicto gremial y el rol del delegado&#8221;. Este encuentro de formaci\u00f3n est\u00e1 destinado a los nuevos delegados y como requisito es importante haber asistido al primer encuentro.<\/p>\n<p>Estos talleres configuran un espacio de aprendizaje para la militancia gremial y por eso la conducci\u00f3n de ATE C\u00f3rdoba considera fundamental la asistencia de los nuevos delegados y delegadas.<\/p>\n<p>Como ejes centrales de discusi\u00f3n y debate se propone el an\u00e1lisis del conflicto en sus dimensiones: administrativa, pol\u00edtico-gremial y contextual, haciendo\u00a0hincapi\u00e9\u00a0en las estrategias colectivas para abordar las problem\u00e1ticas que surgen del quehacer diario de los trabajadores.<\/p>\n<p>Recordamos a los y las compa\u00f1eras delegadas que deben confirmar asistencia a gpeyroti@atecordoba.org.ar o llamar al tel\u00e9fono 4232748 y solicitar con la compa\u00f1era Cintia Conesta.<\/p>\n<p>&nbsp;<\/p>\n","protected":false},"excerpt":{"rendered":"<p>En l\u00ednea con la pol\u00edtica integral de ATE de formaci\u00f3n y capacitaci\u00f3n de los compa\u00f1eros, el jueves 9 de agosto continuar\u00e1 el Curso de Formaci\u00f3n para Nuevos Delegados del CDP C\u00f3rdoba. La actividad se llevar\u00e1 a cabo en nuestra sede, Entre R\u00edos 450, a partir de las 8.30 horas y hasta las 16.30. En la [&hellip;]<\/p>\n","protected":false},"author":1,"featured_media":19220,"comment_status":"open","ping_status":"open","sticky":false,"template":"","format":"standard","meta":{"_exactmetrics_skip_tracking":false,"_exactmetrics_sitenote_active":false,"_exactmetrics_sitenote_note":"","_exactmetrics_sitenote_category":0,"jnews-multi-image_gallery":[],"jnews_single_post":[],"jnews_primary_category":[],"jnews_social_meta":[],"jnews_review":[],"enable_review":"","type":"","name":"","summary":"","brand":"","sku":"","good":[],"bad":[],"score_override":"","override_value":"","rating":[],"price":[],"jnews_override_counter":[],"jnews_post_split":[],"footnotes":""},"categories":[1],"tags":[],"class_list":["post-1476","post","type-post","status-publish","format-standard","has-post-thumbnail","hentry","category-sin-categoria"],"jetpack_featured_media_url":"https:\/\/atecordoba.org\/wp-content\/uploads\/2020\/05\/logo-nuevochico-e1561581322808.png","_links":{"self":[{"href":"https:\/\/atecordoba.org\/index.php?rest_route=\/wp\/v2\/posts\/1476","targetHints":{"allow":["GET"]}}],"collection":[{"href":"https:\/\/atecordoba.org\/index.php?rest_route=\/wp\/v2\/posts"}],"about":[{"href":"https:\/\/atecordoba.org\/index.php?rest_route=\/wp\/v2\/types\/post"}],"author":[{"embeddable":true,"href":"https:\/\/atecordoba.org\/index.php?rest_route=\/wp\/v2\/users\/1"}],"replies":[{"embeddable":true,"href":"https:\/\/atecordoba.org\/index.php?rest_route=%2Fwp%2Fv2%2Fcomments&post=1476"}],"version-history":[{"count":0,"href":"https:\/\/atecordoba.org\/index.php?rest_route=\/wp\/v2\/posts\/1476\/revisions"}],"wp:featuredmedia":[{"embeddable":true,"href":"https:\/\/atecordoba.org\/index.php?rest_route=\/wp\/v2\/media\/19220"}],"wp:attachment":[{"href":"https:\/\/atecordoba.org\/index.php?rest_route=%2Fwp%2Fv2%2Fmedia&parent=1476"}],"wp:term":[{"taxonomy":"category","embeddable":true,"href":"https:\/\/atecordoba.org\/index.php?rest_route=%2Fwp%2Fv2%2Fcategories&post=1476"},{"taxonomy":"post_tag","embeddable":true,"href":"https:\/\/atecordoba.org\/index.php?rest_route=%2Fwp%2Fv2%2Ftags&post=1476"}],"curies":[{"name":"wp","href":"https:\/\/api.w.org\/{rel}","templated":true}]}}