{"id":1471,"date":"2012-08-01T16:22:58","date_gmt":"2012-08-01T19:22:58","guid":{"rendered":"http:\/\/www.atecordoba.org\/?p=1471"},"modified":"2012-08-01T16:22:58","modified_gmt":"2012-08-01T19:22:58","slug":"masivo-acatamiento-al-paro-de-personal-civil-de-las-ff-aa","status":"publish","type":"post","link":"https:\/\/atecordoba.org\/?p=1471","title":{"rendered":"Masivo acatamiento al paro de Personal Civil de las FF.AA."},"content":{"rendered":"<p><em>Gran efectividad en el cumplimiento del paro dispuesto por ATE en el sector. Los compa\u00f1eros reclaman al Ministerio de Defensa un 35% de recomposici\u00f3n salarial y pase a planta permanente de los contratados.<\/em><\/p>\n<p><a href=\"http:\/\/www.atecordoba.org\/wp-content\/uploads\/2012\/08\/IMG_1898.jpg\"><img loading=\"lazy\" decoding=\"async\" class=\"aligncenter size-medium wp-image-1472\" title=\"IMG_1898\" src=\"http:\/\/www.atecordoba.org\/wp-content\/uploads\/2012\/08\/IMG_1898-300x225.jpg\" alt=\"\" width=\"300\" height=\"225\" \/><\/a><\/p>\n<p>&nbsp;<\/p>\n<p>En una muestra m\u00e1s del grado de organizaci\u00f3n que ATE mantiene entre el Personal Civil de las FF.AA. en C\u00f3rdoba, hoy mi\u00e9rcoles 1\u00ba de agosto se realiz\u00f3 con gran \u00e9xito el paro de actividades y movilizaci\u00f3n dispuesto por el \u00faltimo plenario de delegados del sector.<\/p>\n<p>Los trabajadores hicieron abandono de tareas a partir de las 9 de la ma\u00f1ana, y en un buen n\u00famero se concentr\u00f3 frente a la Escuela de Aviaci\u00f3n Militar, donde procedieron a cortar la avenida Fuerza A\u00e9rea en el sentido Carlos Paz- C\u00f3rdoba. La medida de fuerza se cumpli\u00f3 en dependencias de \u00a0la Escuela de Suboficiales, Escuela de Aviaci\u00f3n, el Instituto Universitario Aeron\u00e1utico, el Centro Zonal Odontol\u00f3gico, el Instituto Nacional de Medicina Aeroespacial, el Barrio Aeron\u00e1utico, el Hospital Aeron\u00e1utico, Barrio Militar y el Instituto Obra Social del Ej\u00e9rcito.<\/p>\n<p><a href=\"http:\/\/www.atecordoba.org\/wp-content\/uploads\/2012\/08\/IMG_1877.jpg\"><img loading=\"lazy\" decoding=\"async\" class=\"aligncenter size-medium wp-image-1473\" title=\"IMG_1877\" src=\"http:\/\/www.atecordoba.org\/wp-content\/uploads\/2012\/08\/IMG_1877-300x225.jpg\" alt=\"\" width=\"300\" height=\"225\" \/><\/a><\/p>\n<p>&#8220;Este plan de lucha forma parte de los reclamos que venimos llevando adelante desde hace seis a\u00f1os en este sector, que es el m\u00e1s relegado de la administraci\u00f3n p\u00fablica nacional. Con b\u00e1sicos que parten del m\u00ednimo vital y m\u00f3vil, merced a un suplemento especial orotgado para nivelarse con esa referencia, lo cual da una pauta del deterioro salarial que sufrimos en el sector&#8221;, denunci\u00f3 Alejandro Charra, secretario de Organizaci\u00f3n del Consejo Directivo Provincial de ATE C\u00f3rdoba y docente de la Escuela de Aviaci\u00f3n Militar.<\/p>\n<p>Los trabajadores reclamaron una recomposici\u00f3n salarial del 35%, el pase a planta permanente de los contratados y la eliminaci\u00f3n de los topes en la asignaciones familiares.<\/p>\n<p><a href=\"http:\/\/www.atecordoba.org\/wp-content\/uploads\/2012\/08\/IMG_1881.jpg\"><img loading=\"lazy\" decoding=\"async\" class=\"aligncenter size-medium wp-image-1474\" title=\"IMG_1881\" src=\"http:\/\/www.atecordoba.org\/wp-content\/uploads\/2012\/08\/IMG_1881-300x225.jpg\" alt=\"\" width=\"300\" height=\"225\" \/><\/a><\/p>\n<p>Ma\u00f1ana se llevar\u00e1 a cabo la segunda jornada del paro de actividades, en esta oportunidad sin concurrencia a los lugares de trabajo. Para el viernes est\u00e1 previsto realizarse un plenario de delegados del sector que definir\u00e1 las medidas de fuerza para la semana que viene.<\/p>\n<p>&#8220;ATE no afloja. Y nosotros vamos a demostrar en la calle que los trabajadores est\u00e1n en condiciones de luchar por una vida digna&#8221;, cerr\u00f3 Charra.<\/p>\n<p><strong>En Jes\u00fas Mar\u00eda<\/strong><\/p>\n<p>A su vez, con gran \u00e9xito se desarroll\u00f3 el paro entre los docentes de la EScuela de Gendarmer\u00eda de Jes\u00fas Mar\u00eda. Los compa\u00f1eros docentes se movilizaron frente al organismo, informando a la comunidad a trav\u00e9s de volantes el grave estado de situaci\u00f3n que atraviesan, como resultado de la falta de respuestas de parte de las autoridades.<\/p>\n<p><a href=\"http:\/\/www.atecordoba.org\/wp-content\/uploads\/2012\/08\/corte-docentes-gendarmeria_jesus-maria.jpg\"><img loading=\"lazy\" decoding=\"async\" class=\"aligncenter size-medium wp-image-1481\" title=\"corte docentes gendarmeria_jesus maria\" src=\"http:\/\/www.atecordoba.org\/wp-content\/uploads\/2012\/08\/corte-docentes-gendarmeria_jesus-maria-300x225.jpg\" alt=\"\" width=\"300\" height=\"225\" \/><\/a><\/p>\n<p>Los docentes fueron al paro, enmarcadas en las exigencias generales de la sectorial, por cuestiones propias vienen sufriendo en Jes\u00fas Mar\u00eda como:<\/p>\n<ul>\n<li>Disminuci\u00f3n del salario de gran parte del personal docente civil.<\/li>\n<li>Falta de pago del aumento otorgado a los docentes universitarios en paritarias de marzo de 2012.<\/li>\n<li>Deuda asignaciones familiares y ayuda escolar<\/li>\n<li>Falta de pago del incentivo docente<\/li>\n<li>Descuentos d servicios varios a los que ya renunciaron los trabajadores, como seguros, obra social, etc.<\/li>\n<li>Reconversi\u00f3n docente compulsiva y con irregularidades (paso del nivel medio al universitario) que implic\u00f3 la eliminaci\u00f3n de los siguientes conceptos del salario: asignaci\u00f3n de funci\u00f3n diferenciada y decretos 1453\/2005 y 1305\/2007, falta de recibos de haberes o recibos que no cumplen con las m\u00ednimas condiciones legales.<\/li>\n<\/ul>\n<p>&#8220;Estas jornadas de paro fueron un punto de inflexi\u00f3n respecto a otras, porque los docentes necesitabamos sacar el conflicto a la calle y transformarlo en un hecho pol\u00edtico. cumplimos con ese objetivo, al punto que a las tres horas se estaban comunicando desde el Ministerio Seguridad para convocarnos a una reuni\u00f3n&#8221;, dijo Daniel Fenoglio, vocal de la Comisi\u00f3n Directiva del Concejo Directivo Provincial y docente de la Escuela de Gendarmer\u00eda.<\/p>\n<p><a href=\"http:\/\/www.atecordoba.org\/wp-content\/uploads\/2012\/08\/corte-docentes-gendarmeria_jesus-maria2.jpg\"><img loading=\"lazy\" decoding=\"async\" class=\"aligncenter size-medium wp-image-1482\" title=\"corte docentes gendarmeria_jesus maria2\" src=\"http:\/\/www.atecordoba.org\/wp-content\/uploads\/2012\/08\/corte-docentes-gendarmeria_jesus-maria2-300x225.jpg\" alt=\"\" width=\"300\" height=\"225\" \/><\/a><\/p>\n<p>Para ATE es importante la recepci\u00f3n del reclamo en el \u00e1mbito de la Gendarmer\u00eda, que expresa el crecimiento de nuestra organizaci\u00f3n dentro del Estado Nacional, toda vez que esa fuerza ocupa hoy un rol central en la estrategia de seguridad del gobierno.<\/p>\n<p>En consecuencia, el pr\u00f3ximo lunes 6 de agosto, Fenoglio concurrir\u00e1 a una reuni\u00f3n en el Ministerio de Seguridad, junto con dos compa\u00f1eros m\u00e1s de Jes\u00fas Mar\u00eda, para buscar la una salida al conflicto.<\/p>\n","protected":false},"excerpt":{"rendered":"<p>Gran efectividad en el cumplimiento del paro dispuesto por ATE en el sector. Los compa\u00f1eros reclaman al Ministerio de Defensa un 35% de recomposici\u00f3n salarial y pase a planta permanente de los contratados. &nbsp; En una muestra m\u00e1s del grado de organizaci\u00f3n que ATE mantiene entre el Personal Civil de las FF.AA. en C\u00f3rdoba, hoy [&hellip;]<\/p>\n","protected":false},"author":1,"featured_media":19220,"comment_status":"open","ping_status":"open","sticky":false,"template":"","format":"standard","meta":{"_exactmetrics_skip_tracking":false,"_exactmetrics_sitenote_active":false,"_exactmetrics_sitenote_note":"","_exactmetrics_sitenote_category":0,"jnews-multi-image_gallery":[],"jnews_single_post":[],"jnews_primary_category":[],"jnews_social_meta":[],"jnews_review":[],"enable_review":"","type":"","name":"","summary":"","brand":"","sku":"","good":[],"bad":[],"score_override":"","override_value":"","rating":[],"price":[],"jnews_override_counter":[],"jnews_post_split":[],"footnotes":""},"categories":[18],"tags":[],"class_list":["post-1471","post","type-post","status-publish","format-standard","has-post-thumbnail","hentry","category-nacionales"],"jetpack_featured_media_url":"https:\/\/atecordoba.org\/wp-content\/uploads\/2020\/05\/logo-nuevochico-e1561581322808.png","_links":{"self":[{"href":"https:\/\/atecordoba.org\/index.php?rest_route=\/wp\/v2\/posts\/1471","targetHints":{"allow":["GET"]}}],"collection":[{"href":"https:\/\/atecordoba.org\/index.php?rest_route=\/wp\/v2\/posts"}],"about":[{"href":"https:\/\/atecordoba.org\/index.php?rest_route=\/wp\/v2\/types\/post"}],"author":[{"embeddable":true,"href":"https:\/\/atecordoba.org\/index.php?rest_route=\/wp\/v2\/users\/1"}],"replies":[{"embeddable":true,"href":"https:\/\/atecordoba.org\/index.php?rest_route=%2Fwp%2Fv2%2Fcomments&post=1471"}],"version-history":[{"count":0,"href":"https:\/\/atecordoba.org\/index.php?rest_route=\/wp\/v2\/posts\/1471\/revisions"}],"wp:featuredmedia":[{"embeddable":true,"href":"https:\/\/atecordoba.org\/index.php?rest_route=\/wp\/v2\/media\/19220"}],"wp:attachment":[{"href":"https:\/\/atecordoba.org\/index.php?rest_route=%2Fwp%2Fv2%2Fmedia&parent=1471"}],"wp:term":[{"taxonomy":"category","embeddable":true,"href":"https:\/\/atecordoba.org\/index.php?rest_route=%2Fwp%2Fv2%2Fcategories&post=1471"},{"taxonomy":"post_tag","embeddable":true,"href":"https:\/\/atecordoba.org\/index.php?rest_route=%2Fwp%2Fv2%2Ftags&post=1471"}],"curies":[{"name":"wp","href":"https:\/\/api.w.org\/{rel}","templated":true}]}}