{"id":1467,"date":"2012-07-30T21:26:32","date_gmt":"2012-07-31T00:26:32","guid":{"rendered":"http:\/\/www.atecordoba.org\/?p=1467"},"modified":"2012-07-30T21:26:32","modified_gmt":"2012-07-31T00:26:32","slug":"paro-en-el-corralon-municipal-de-jesus-maria","status":"publish","type":"post","link":"https:\/\/atecordoba.org\/?p=1467","title":{"rendered":"Paro en el Corral\u00f3n Municipal de Jes\u00fas Mar\u00eda"},"content":{"rendered":"<p><em>M\u00e1s de 200 compa\u00f1eros reclamaron por el despido de un trabajador precarizado. Adem\u00e1s, reclamaron aumento salarial y mejoras en las condiciones de trabajo.\u00a0<\/em><\/p>\n<p><a href=\"http:\/\/www.atecordoba.org\/wp-content\/uploads\/2012\/07\/asamblea-jesus-mar\u00eda.jpg\"><img loading=\"lazy\" decoding=\"async\" class=\"aligncenter size-medium wp-image-1468\" title=\"asamblea jesus mar\u00eda\" src=\"http:\/\/www.atecordoba.org\/wp-content\/uploads\/2012\/07\/asamblea-jesus-mar\u00eda-300x225.jpg\" alt=\"\" width=\"300\" height=\"225\" \/><\/a><\/p>\n<p>Con la presencia de los compa\u00f1eros Lu\u00eds B\u00e1rcena, secretario de Interior, y Daniel Pawluchuzk, de Prensa, se realiz\u00f3 hoy una gran asamblea den el Corral\u00f3n municipal de la ciudad de Jes\u00fas Mar\u00eda, donde los trabajadores expresaron su repudio por el despido de un compa\u00f1ero dependiente del sector, que ven\u00eda siendo precarizado con contratos basura desde hace tiempo, y sin que las autoridades municipales pusieran freno al fraude laboral vigente.<\/p>\n<p>En consecuencia, m\u00e1s de 200 trabajadores del Corral\u00f3n, algunos afiliados de ATE, otros sin pertenencia gremial definida, exigieron al intendente Gabriel Friza que cumpla con sus consignas de la campa\u00f1a electoral del a\u00f1os pasado y termine con el estado de precarizaci\u00f3n que viven los empleados municipales, al tiempo que reincorpore al trabajador despedido, cuyo nombre ATE prefiere no difundir para evitar una posible soluci\u00f3n al conflicto.<\/p>\n<p>&#8220;Pedimos un mes atr\u00e1s una audiencia con el intendente Friza, y todav\u00eda no tenemos respuesta&#8221;, se\u00f1al\u00f3 B\u00e1rcena al finalizar la asamblea. &#8220;Tambi\u00e9n queremos juntarnos con las autoridades a los fines de tratar temas que conciernen a los municipales, como la precarizaci\u00f3n laboral, un aumento salarial, los suplementos que corresponden a cada \u00e1rea (recolecci\u00f3n de residuos, obrador, electricistas, cloacas, mantenimiento, salud),\u00a0\u00a0etc.&#8221;, afirm\u00f3 el dirigente.<\/p>\n<p>Los trabajadores expresaron que Friza habl\u00f3 en su campa\u00f1a pol\u00edtica contra la precarizaci\u00f3n, explotaci\u00f3n y esclavitud laboral, que manifest\u00f3 que la municipalidad daba super\u00e1vit. &#8220;Hoy se refleja otra realidad, no quiere dar aumento salarial, aduciendo que deber\u00e1 reducir el plantel. Niega super\u00e1vit y no quiere discutir un aumento&#8221;, acus\u00f3 B\u00e1rcena.<\/p>\n<p>La buena recepci\u00f3n a la delegaci\u00f3n de ATE en el Corral\u00f3n augura mayores niveles de conflictividad en el sector de no resolverse la grilla de reclamos de los compa\u00f1eros.<\/p>\n<p>&nbsp;<\/p>\n","protected":false},"excerpt":{"rendered":"<p>M\u00e1s de 200 compa\u00f1eros reclamaron por el despido de un trabajador precarizado. Adem\u00e1s, reclamaron aumento salarial y mejoras en las condiciones de trabajo.\u00a0 Con la presencia de los compa\u00f1eros Lu\u00eds B\u00e1rcena, secretario de Interior, y Daniel Pawluchuzk, de Prensa, se realiz\u00f3 hoy una gran asamblea den el Corral\u00f3n municipal de la ciudad de Jes\u00fas Mar\u00eda, [&hellip;]<\/p>\n","protected":false},"author":1,"featured_media":19220,"comment_status":"open","ping_status":"open","sticky":false,"template":"","format":"standard","meta":{"_exactmetrics_skip_tracking":false,"_exactmetrics_sitenote_active":false,"_exactmetrics_sitenote_note":"","_exactmetrics_sitenote_category":0,"jnews-multi-image_gallery":[],"jnews_single_post":[],"jnews_primary_category":[],"jnews_social_meta":[],"jnews_review":[],"enable_review":"","type":"","name":"","summary":"","brand":"","sku":"","good":[],"bad":[],"score_override":"","override_value":"","rating":[],"price":[],"jnews_override_counter":[],"jnews_post_split":[],"footnotes":""},"categories":[20],"tags":[],"class_list":["post-1467","post","type-post","status-publish","format-standard","has-post-thumbnail","hentry","category-municipales"],"jetpack_featured_media_url":"https:\/\/atecordoba.org\/wp-content\/uploads\/2020\/05\/logo-nuevochico-e1561581322808.png","_links":{"self":[{"href":"https:\/\/atecordoba.org\/index.php?rest_route=\/wp\/v2\/posts\/1467","targetHints":{"allow":["GET"]}}],"collection":[{"href":"https:\/\/atecordoba.org\/index.php?rest_route=\/wp\/v2\/posts"}],"about":[{"href":"https:\/\/atecordoba.org\/index.php?rest_route=\/wp\/v2\/types\/post"}],"author":[{"embeddable":true,"href":"https:\/\/atecordoba.org\/index.php?rest_route=\/wp\/v2\/users\/1"}],"replies":[{"embeddable":true,"href":"https:\/\/atecordoba.org\/index.php?rest_route=%2Fwp%2Fv2%2Fcomments&post=1467"}],"version-history":[{"count":0,"href":"https:\/\/atecordoba.org\/index.php?rest_route=\/wp\/v2\/posts\/1467\/revisions"}],"wp:featuredmedia":[{"embeddable":true,"href":"https:\/\/atecordoba.org\/index.php?rest_route=\/wp\/v2\/media\/19220"}],"wp:attachment":[{"href":"https:\/\/atecordoba.org\/index.php?rest_route=%2Fwp%2Fv2%2Fmedia&parent=1467"}],"wp:term":[{"taxonomy":"category","embeddable":true,"href":"https:\/\/atecordoba.org\/index.php?rest_route=%2Fwp%2Fv2%2Fcategories&post=1467"},{"taxonomy":"post_tag","embeddable":true,"href":"https:\/\/atecordoba.org\/index.php?rest_route=%2Fwp%2Fv2%2Ftags&post=1467"}],"curies":[{"name":"wp","href":"https:\/\/api.w.org\/{rel}","templated":true}]}}