{"id":1443,"date":"2012-07-26T17:05:17","date_gmt":"2012-07-26T20:05:17","guid":{"rendered":"http:\/\/www.atecordoba.org\/?p=1443"},"modified":"2012-07-26T17:05:17","modified_gmt":"2012-07-26T20:05:17","slug":"asamblea-en-pami-resintio-la-atencion","status":"publish","type":"post","link":"https:\/\/atecordoba.org\/?p=1443","title":{"rendered":"Asamblea en PAMI resinti\u00f3 la atenci\u00f3n"},"content":{"rendered":"<p><span style=\"font-size: large;\"><br \/>\n<em>En continuidad con las medidas de fuerza que se vienen desarrollando en las distintas reparticiones de PAMI de todo el pa\u00eds, los trabajadores de PAMI realizaron ayer una asamblea sin atenci\u00f3n al p\u00fablico de 10 a 12 horas. <\/em><\/span><\/p>\n<p><a href=\"http:\/\/www.atecordoba.org\/wp-content\/uploads\/2012\/07\/asamblea-PAMI.jpg\"><img loading=\"lazy\" decoding=\"async\" class=\"aligncenter size-medium wp-image-1444\" title=\"asamblea PAMI\" src=\"http:\/\/www.atecordoba.org\/wp-content\/uploads\/2012\/07\/asamblea-PAMI-300x201.jpg\" alt=\"\" width=\"300\" height=\"201\" \/><\/a><\/p>\n<p>&nbsp;<\/p>\n<p><span style=\"font-size: large;\">Los compa\u00f1eros reclamaron la apertura de paritarias, continuamente postergadas por las autoridades del instituto, as\u00ed como el pago inmediato de la deuda por antig\u00fcedad, comprometida desde diciembre de 2011.<\/span><\/p>\n<div><span style=\"font-size: large;\"><br \/>\nEsta situaci\u00f3n, que afecta los ingresos de los trabajadores y vulnera sus derechos adquiridos, motiv\u00f3 a la Junta Interna ATE-PAMI, junto con el sindicato UTI, el reclamo por una urgente respuesta sobre los planteos de los compa\u00f1eros del sector.<\/span><\/div>\n<div><\/div>\n<p>La asamblea tuvo gran convocatoria y resolvi\u00f3 realizar un comp\u00e1s de espera hasta el 1\u00ba de agosto pr\u00f3ximo, fecha en que deber\u00edan iniciarse las paritarias. De no concretarse la convocatoria al Ministerio de Trabajo, los trabajadores resolvieron que llevar\u00e1n a cabo una nueva asamblea en d\u00eda siguiente, sin atenci\u00f3n al p\u00fablico, para profundizar las medidas de fuerza. En la oportunidad estuvieron presentes Estela Corzo, secretaria de Actas del Concejo Directivo Provincial, y Miriam Martino, secretaria de Acci\u00f3n Pol\u00edtica.<\/p>\n<div><\/div>\n<div>&#8220;No podemos esperar m\u00e1s retrasos en la apertura de paritarias ni en los pagos de la antig\u00fcedad pendientes. Incluso muchos afiliados del instituto se acercaron para interiorizarse y mostraron su preocupaci\u00f3n por la situaci\u00f3n del instituto&#8221;, se\u00f1al\u00f3 Corzo.<\/div>\n<div><\/div>\n","protected":false},"excerpt":{"rendered":"<p>En continuidad con las medidas de fuerza que se vienen desarrollando en las distintas reparticiones de PAMI de todo el pa\u00eds, los trabajadores de PAMI realizaron ayer una asamblea sin atenci\u00f3n al p\u00fablico de 10 a 12 horas. &nbsp; Los compa\u00f1eros reclamaron la apertura de paritarias, continuamente postergadas por las autoridades del instituto, as\u00ed como [&hellip;]<\/p>\n","protected":false},"author":1,"featured_media":19220,"comment_status":"open","ping_status":"open","sticky":false,"template":"","format":"standard","meta":{"_exactmetrics_skip_tracking":false,"_exactmetrics_sitenote_active":false,"_exactmetrics_sitenote_note":"","_exactmetrics_sitenote_category":0,"jnews-multi-image_gallery":[],"jnews_single_post":[],"jnews_primary_category":[],"jnews_social_meta":[],"jnews_review":[],"enable_review":"","type":"","name":"","summary":"","brand":"","sku":"","good":[],"bad":[],"score_override":"","override_value":"","rating":[],"price":[],"jnews_override_counter":[],"jnews_post_split":[],"footnotes":""},"categories":[18],"tags":[],"class_list":["post-1443","post","type-post","status-publish","format-standard","has-post-thumbnail","hentry","category-nacionales"],"jetpack_featured_media_url":"https:\/\/atecordoba.org\/wp-content\/uploads\/2020\/05\/logo-nuevochico-e1561581322808.png","_links":{"self":[{"href":"https:\/\/atecordoba.org\/index.php?rest_route=\/wp\/v2\/posts\/1443","targetHints":{"allow":["GET"]}}],"collection":[{"href":"https:\/\/atecordoba.org\/index.php?rest_route=\/wp\/v2\/posts"}],"about":[{"href":"https:\/\/atecordoba.org\/index.php?rest_route=\/wp\/v2\/types\/post"}],"author":[{"embeddable":true,"href":"https:\/\/atecordoba.org\/index.php?rest_route=\/wp\/v2\/users\/1"}],"replies":[{"embeddable":true,"href":"https:\/\/atecordoba.org\/index.php?rest_route=%2Fwp%2Fv2%2Fcomments&post=1443"}],"version-history":[{"count":0,"href":"https:\/\/atecordoba.org\/index.php?rest_route=\/wp\/v2\/posts\/1443\/revisions"}],"wp:featuredmedia":[{"embeddable":true,"href":"https:\/\/atecordoba.org\/index.php?rest_route=\/wp\/v2\/media\/19220"}],"wp:attachment":[{"href":"https:\/\/atecordoba.org\/index.php?rest_route=%2Fwp%2Fv2%2Fmedia&parent=1443"}],"wp:term":[{"taxonomy":"category","embeddable":true,"href":"https:\/\/atecordoba.org\/index.php?rest_route=%2Fwp%2Fv2%2Fcategories&post=1443"},{"taxonomy":"post_tag","embeddable":true,"href":"https:\/\/atecordoba.org\/index.php?rest_route=%2Fwp%2Fv2%2Ftags&post=1443"}],"curies":[{"name":"wp","href":"https:\/\/api.w.org\/{rel}","templated":true}]}}