{"id":1440,"date":"2012-07-25T17:24:33","date_gmt":"2012-07-25T20:24:33","guid":{"rendered":"http:\/\/www.atecordoba.org\/?p=1440"},"modified":"2012-07-25T17:24:33","modified_gmt":"2012-07-25T20:24:33","slug":"comunicado-ate-y-cta-cordoba-a-60-anos-del-fallecimiento-de-evita","status":"publish","type":"post","link":"https:\/\/atecordoba.org\/?p=1440","title":{"rendered":"Comunicado ATE y CTA C\u00f3rdoba a 60 a\u00f1os del fallecimiento de Evita"},"content":{"rendered":"<h1 align=\"center\"><strong>Esa mujer, que aun nos gu\u00eda<\/strong><\/h1>\n<p><a href=\"http:\/\/www.atecordoba.org\/wp-content\/uploads\/2012\/07\/ILUSTRACION-PAG15.gif\"><img loading=\"lazy\" decoding=\"async\" class=\"aligncenter size-medium wp-image-1441\" title=\"ILUSTRACION PAG15\" src=\"http:\/\/www.atecordoba.org\/wp-content\/uploads\/2012\/07\/ILUSTRACION-PAG15-292x300.gif\" alt=\"\" width=\"292\" height=\"300\" \/><\/a><\/p>\n<p>Al cumplirse el 60\u00ba aniversario del fallecimiento de la compa\u00f1era Evita, ma\u00f1ana jueves 26 de julio, la CTA C\u00f3rdoba expresa su m\u00e1s sentido homenaje a aquella militante de todas las horas que aun gu\u00eda la acci\u00f3n pol\u00edtica en Argentina.<\/p>\n<p>\u201cDonde existe una necesidad nace un derecho\u201d, clama aquella frase que nos leg\u00f3 como programa para las organizaciones populares, m\u00e1s actual que nunca atento a las carencias que a\u00fan subsisten en la realidad de nuestro pueblo.<\/p>\n<p>Su nombre vive hoy en la militancia que quiere transformar esa realidad, a partir de su condici\u00f3n de clase, expresada en haber llegado a lo m\u00e1s alto de la consideraci\u00f3n de nuestro pueblo sin perder nunca la humildad que marc\u00f3 su origen.<\/p>\n<p>Fue bella porque su lucha la hizo bella, la pasi\u00f3n que envolvi\u00f3 su vida, la firmeza de sus convicciones, marcaron a fuego tanto el cari\u00f1o de la clase trabajadora como el odio de los sectores dominantes, aquella oligarqu\u00eda que lleg\u00f3 a escribir \u2018viva el c\u00e1ncer\u2019.<\/p>\n<p>Aunque ultrajaron su cuerpo e intentaron borrar su memoria, escondiendo su tumba, siempre se encontrar\u00e1 en el coraz\u00f3n de los humildes, all\u00ed donde brilla la libertad.<\/p>\n<p>Hoy como ayer, desde la CTA, levantamos su bandera para continuar la construcci\u00f3n de una patria para todos, donde el hambre es un crimen y la justicia una esperanza que no se vende.<\/p>\n<p>Fieles a aquel legado, que sigue vigente, reafirmamos el compromiso militante en homenaje a su memoria.<\/p>\n<p>Mar\u00eda Teresa Romero\u00a0\u00a0\u00a0\u00a0\u00a0\u00a0\u00a0\u00a0\u00a0\u00a0\u00a0\u00a0\u00a0\u00a0 \u00a0\u00a0\u00a0\u00a0\u00a0\u00a0\u00a0\u00a0\u00a0\u00a0\u00a0\u00a0\u00a0\u00a0\u00a0\u00a0\u00a0\u00a0\u00a0\u00a0\u00a0\u00a0\u00a0\u00a0\u00a0\u00a0\u00a0\u00a0\u00a0\u00a0\u00a0\u00a0\u00a0\u00a0\u00a0\u00a0\u00a0\u00a0\u00a0\u00a0\u00a0\u00a0\u00a0\u00a0\u00a0\u00a0\u00a0\u00a0\u00a0\u00a0\u00a0\u00a0\u00a0\u00a0\u00a0\u00a0\u00a0\u00a0\u00a0\u00a0\u00a0\u00a0\u00a0\u00a0\u00a0\u00a0\u00a0\u00a0\u00a0\u00a0\u00a0\u00a0\u00a0\u00a0\u00a0\u00a0\u00a0\u00a0\u00a0\u00a0\u00a0Oscar Mengarelli<\/p>\n<p>Secretaria General \u00a0 \u00a0 \u00a0 \u00a0 \u00a0 \u00a0 \u00a0 \u00a0 \u00a0 \u00a0 \u00a0 \u00a0 \u00a0 \u00a0 \u00a0 \u00a0 \u00a0 \u00a0 \u00a0 \u00a0 \u00a0 \u00a0 \u00a0 \u00a0 \u00a0 \u00a0 \u00a0 \u00a0 \u00a0 \u00a0 \u00a0 \u00a0 \u00a0 \u00a0 \u00a0 \u00a0 \u00a0 \u00a0 \u00a0 \u00a0 \u00a0 \u00a0 \u00a0 \u00a0 \u00a0 \u00a0 \u00a0 \u00a0 \u00a0 \u00a0 \u00a0 Secretario General<\/p>\n<p>ATE C\u00f3rdoba \u00a0 \u00a0 \u00a0 \u00a0 \u00a0 \u00a0 \u00a0 \u00a0 \u00a0 \u00a0 \u00a0 \u00a0 \u00a0 \u00a0 \u00a0 \u00a0 \u00a0 \u00a0 \u00a0 \u00a0 \u00a0 \u00a0 \u00a0 \u00a0 \u00a0 \u00a0 \u00a0 \u00a0 \u00a0 \u00a0 \u00a0 \u00a0 \u00a0 \u00a0 \u00a0 \u00a0 \u00a0 \u00a0 \u00a0 \u00a0 \u00a0 \u00a0 \u00a0 \u00a0 \u00a0 \u00a0 \u00a0 \u00a0 \u00a0 \u00a0 \u00a0 \u00a0 \u00a0 \u00a0 \u00a0 \u00a0 \u00a0CTA C\u00f3rdoba<\/p>\n","protected":false},"excerpt":{"rendered":"<p>Esa mujer, que aun nos gu\u00eda Al cumplirse el 60\u00ba aniversario del fallecimiento de la compa\u00f1era Evita, ma\u00f1ana jueves 26 de julio, la CTA C\u00f3rdoba expresa su m\u00e1s sentido homenaje a aquella militante de todas las horas que aun gu\u00eda la acci\u00f3n pol\u00edtica en Argentina. \u201cDonde existe una necesidad nace un derecho\u201d, clama aquella frase [&hellip;]<\/p>\n","protected":false},"author":1,"featured_media":19220,"comment_status":"open","ping_status":"open","sticky":false,"template":"","format":"standard","meta":{"_exactmetrics_skip_tracking":false,"_exactmetrics_sitenote_active":false,"_exactmetrics_sitenote_note":"","_exactmetrics_sitenote_category":0,"jnews-multi-image_gallery":[],"jnews_single_post":[],"jnews_primary_category":[],"jnews_social_meta":[],"jnews_review":[],"enable_review":"","type":"","name":"","summary":"","brand":"","sku":"","good":[],"bad":[],"score_override":"","override_value":"","rating":[],"price":[],"jnews_override_counter":[],"jnews_post_split":[],"footnotes":""},"categories":[1],"tags":[],"class_list":["post-1440","post","type-post","status-publish","format-standard","has-post-thumbnail","hentry","category-sin-categoria"],"jetpack_featured_media_url":"https:\/\/atecordoba.org\/wp-content\/uploads\/2020\/05\/logo-nuevochico-e1561581322808.png","_links":{"self":[{"href":"https:\/\/atecordoba.org\/index.php?rest_route=\/wp\/v2\/posts\/1440","targetHints":{"allow":["GET"]}}],"collection":[{"href":"https:\/\/atecordoba.org\/index.php?rest_route=\/wp\/v2\/posts"}],"about":[{"href":"https:\/\/atecordoba.org\/index.php?rest_route=\/wp\/v2\/types\/post"}],"author":[{"embeddable":true,"href":"https:\/\/atecordoba.org\/index.php?rest_route=\/wp\/v2\/users\/1"}],"replies":[{"embeddable":true,"href":"https:\/\/atecordoba.org\/index.php?rest_route=%2Fwp%2Fv2%2Fcomments&post=1440"}],"version-history":[{"count":0,"href":"https:\/\/atecordoba.org\/index.php?rest_route=\/wp\/v2\/posts\/1440\/revisions"}],"wp:featuredmedia":[{"embeddable":true,"href":"https:\/\/atecordoba.org\/index.php?rest_route=\/wp\/v2\/media\/19220"}],"wp:attachment":[{"href":"https:\/\/atecordoba.org\/index.php?rest_route=%2Fwp%2Fv2%2Fmedia&parent=1440"}],"wp:term":[{"taxonomy":"category","embeddable":true,"href":"https:\/\/atecordoba.org\/index.php?rest_route=%2Fwp%2Fv2%2Fcategories&post=1440"},{"taxonomy":"post_tag","embeddable":true,"href":"https:\/\/atecordoba.org\/index.php?rest_route=%2Fwp%2Fv2%2Ftags&post=1440"}],"curies":[{"name":"wp","href":"https:\/\/api.w.org\/{rel}","templated":true}]}}