{"id":1430,"date":"2012-07-24T17:28:33","date_gmt":"2012-07-24T20:28:33","guid":{"rendered":"http:\/\/www.atecordoba.org\/?p=1430"},"modified":"2012-07-24T17:28:33","modified_gmt":"2012-07-24T20:28:33","slug":"asambleas-en-pami-y-el-hospital-transito-caceres-de-allende","status":"publish","type":"post","link":"https:\/\/atecordoba.org\/?p=1430","title":{"rendered":"Asambleas en PAMI y el hospital TR\u00c1NSITO C\u00c1CERES DE ALLENDE"},"content":{"rendered":"<div style=\"text-align: center;\"><strong><span style=\"font-size: xx-large;\">Asamblea en PAMI resentir\u00e1 la atenci\u00f3n al p\u00fablico<\/span><\/strong><\/div>\n<div style=\"text-align: center;\"><span style=\"font-size: medium;\"><br \/>\n<\/span><\/div>\n<p><a href=\"http:\/\/www.atecordoba.org\/wp-content\/uploads\/2012\/07\/pami-5.jpg\"><img loading=\"lazy\" decoding=\"async\" class=\"aligncenter size-medium wp-image-1432\" title=\"pami 5\" src=\"http:\/\/www.atecordoba.org\/wp-content\/uploads\/2012\/07\/pami-5-300x225.jpg\" alt=\"\" width=\"300\" height=\"225\" \/><\/a><\/p>\n<p><span style=\"font-size: large;\">En continuidad con las medidas de fuerza que se vienen desarrollando en las distintas reparticiones de PAMI de todo el pa\u00eds,\u00a0ma\u00f1ana\u00a0mi\u00e9rcoles\u00a025 de julio\u00a0los trabajadores de PAMI realizar\u00e1n una asamblea sin atenci\u00f3n al p\u00fablico de 10 a 12 horas. Motiva la medida el reclamo de apertura de paritarias, continuamente postergadas por las autoridades del instituto, as\u00ed como el pago inmediato de la deuda por antig\u00fcedad que se mantiene en el organismo, comprometida desde diciembre de 2011.<\/span><\/p>\n<div><span style=\"font-size: large;\"><span style=\"font-size: large;\"><br \/>\nEsta situaci\u00f3n afecta los ingresos de los trabajadores y vulnera sus derechos adquiridos. ATE reclama la urgente respuesta sobre los planteos de los compa\u00f1eros del sector.<\/span><\/span>&nbsp;<\/p>\n<\/div>\n<div><span style=\"font-size: medium;\"><br \/>\n<\/span><\/div>\n<div>\n<h1 style=\"text-align: center;\"><span style=\"font-size: xx-large;\"><strong>El Hospital Tr\u00e1nsito de asamblea por la p\u00e9rdida de 21 camas de internaci\u00f3n<\/strong><\/span><\/h1>\n<div><span style=\"font-size: large;\"><br \/>\n<\/span><\/div>\n<\/div>\n<div><a href=\"http:\/\/www.atecordoba.org\/wp-content\/uploads\/2012\/07\/IMG_2724.jpg\"><img loading=\"lazy\" decoding=\"async\" class=\"aligncenter size-medium wp-image-1436\" title=\"IMG_2724\" src=\"http:\/\/www.atecordoba.org\/wp-content\/uploads\/2012\/07\/IMG_2724-300x225.jpg\" alt=\"\" width=\"300\" height=\"225\" \/><\/a><\/div>\n<div><span style=\"font-size: large;\"><span style=\"font-size: large;\">En el marco de la conflictividad que mantiene el sector sanitario provincial en distintos centros de salud de la provincia,\u00a0ma\u00f1ana\u00a025 de julio\u00a0se realizar\u00e1 una asamblea en el hospital Tr\u00e1nsito C\u00e1ceres de Allende, a partir de las 9 horas, encabezada por los delegados de ATE en el sector.<\/span><\/span>&nbsp;<\/p>\n<\/div>\n<div><span style=\"font-size: large;\"><span style=\"font-size: large;\">Los trabajadores denuncian la p\u00e9rdida de 21 camas de internaci\u00f3n por falta de personal y el cierre temporal del servicio de UTI desde hace un mes debido arreglos nunca realizados hasta el momento. Tambi\u00e9n denuncian el atropello y autoritarismo de las autoridades contra empleados de los consultorios externos, amenazando con traslados compulsivos a todo compa\u00f1ero que se oponga a la mudanza de dichos consultorios a las salas de internaci\u00f3n, tan necesarias por la falta de camas.<\/span><\/span>&nbsp;<\/p>\n<\/div>\n<div><span style=\"font-size: large;\"><span style=\"font-size: large;\">As\u00ed, los trabajadores rechazan la pol\u00edtica del gobierno provincial, arrojando al abandono al hospital que no cuenta con la mayor\u00eda de los ascensores en funcionamiento para trasladar a los pacientes que as\u00ed lo necesitan.<\/span><\/span>&nbsp;<\/p>\n<\/div>\n<div><\/div>\n","protected":false},"excerpt":{"rendered":"<p>Asamblea en PAMI resentir\u00e1 la atenci\u00f3n al p\u00fablico En continuidad con las medidas de fuerza que se vienen desarrollando en las distintas reparticiones de PAMI de todo el pa\u00eds,\u00a0ma\u00f1ana\u00a0mi\u00e9rcoles\u00a025 de julio\u00a0los trabajadores de PAMI realizar\u00e1n una asamblea sin atenci\u00f3n al p\u00fablico de 10 a 12 horas. Motiva la medida el reclamo de apertura de paritarias, [&hellip;]<\/p>\n","protected":false},"author":1,"featured_media":19220,"comment_status":"open","ping_status":"open","sticky":false,"template":"","format":"standard","meta":{"_exactmetrics_skip_tracking":false,"_exactmetrics_sitenote_active":false,"_exactmetrics_sitenote_note":"","_exactmetrics_sitenote_category":0,"jnews-multi-image_gallery":[],"jnews_single_post":[],"jnews_primary_category":[],"jnews_social_meta":[],"jnews_review":[],"enable_review":"","type":"","name":"","summary":"","brand":"","sku":"","good":[],"bad":[],"score_override":"","override_value":"","rating":[],"price":[],"jnews_override_counter":[],"jnews_post_split":[],"footnotes":""},"categories":[1],"tags":[],"class_list":["post-1430","post","type-post","status-publish","format-standard","has-post-thumbnail","hentry","category-sin-categoria"],"jetpack_featured_media_url":"https:\/\/atecordoba.org\/wp-content\/uploads\/2020\/05\/logo-nuevochico-e1561581322808.png","_links":{"self":[{"href":"https:\/\/atecordoba.org\/index.php?rest_route=\/wp\/v2\/posts\/1430","targetHints":{"allow":["GET"]}}],"collection":[{"href":"https:\/\/atecordoba.org\/index.php?rest_route=\/wp\/v2\/posts"}],"about":[{"href":"https:\/\/atecordoba.org\/index.php?rest_route=\/wp\/v2\/types\/post"}],"author":[{"embeddable":true,"href":"https:\/\/atecordoba.org\/index.php?rest_route=\/wp\/v2\/users\/1"}],"replies":[{"embeddable":true,"href":"https:\/\/atecordoba.org\/index.php?rest_route=%2Fwp%2Fv2%2Fcomments&post=1430"}],"version-history":[{"count":0,"href":"https:\/\/atecordoba.org\/index.php?rest_route=\/wp\/v2\/posts\/1430\/revisions"}],"wp:featuredmedia":[{"embeddable":true,"href":"https:\/\/atecordoba.org\/index.php?rest_route=\/wp\/v2\/media\/19220"}],"wp:attachment":[{"href":"https:\/\/atecordoba.org\/index.php?rest_route=%2Fwp%2Fv2%2Fmedia&parent=1430"}],"wp:term":[{"taxonomy":"category","embeddable":true,"href":"https:\/\/atecordoba.org\/index.php?rest_route=%2Fwp%2Fv2%2Fcategories&post=1430"},{"taxonomy":"post_tag","embeddable":true,"href":"https:\/\/atecordoba.org\/index.php?rest_route=%2Fwp%2Fv2%2Ftags&post=1430"}],"curies":[{"name":"wp","href":"https:\/\/api.w.org\/{rel}","templated":true}]}}