{"id":1400,"date":"2012-07-20T16:50:56","date_gmt":"2012-07-20T19:50:56","guid":{"rendered":"http:\/\/www.atecordoba.org\/?p=1400"},"modified":"2012-07-20T16:50:56","modified_gmt":"2012-07-20T19:50:56","slug":"estafa-planificada-de-la-sota-miente-y-anses-extorsiona","status":"publish","type":"post","link":"https:\/\/atecordoba.org\/?p=1400","title":{"rendered":"ESTAFA PLANIFICADA: DE LA SOTA MIENTE Y ANSES EXTORSIONA"},"content":{"rendered":"<p align=\"center\"><strong>ESTAFA PLANIFICADA: DE LA SOTA MIENTE Y ANSES EXTORSIONA<\/strong><\/p>\n<p>&nbsp;<\/p>\n<p>El destino de la <strong>Caja de Jubilaciones de C\u00f3rdoba<\/strong> se encuentra <strong>entre dos poderes p\u00fablicos<\/strong> que est\u00e1n <strong>de acuerdo<\/strong>, quiz\u00e1s s\u00f3lo en eso, en el <strong>proyecto de rebajar los derechos adquiridos<\/strong> de los trabajadores p\u00fablicos provinciales:<\/p>\n<ul>\n<li><strong>Tanto el gobierno provincial como la Anses<\/strong> vienen desarrollando un debate p\u00fablico donde, bajo la excusa del d\u00e9ficit, <strong>pretenden \u2018armonizar\u2019<\/strong> el sistema previsional provincial con las pautas que fija el organismo nacional, con dos aumentos autom\u00e1ticos al a\u00f1o en funci\u00f3n de una f\u00f3rmula polin\u00f3mica que no entiende nadie, <strong>desechando el pago del 82%, valor irrenunciable de los jubilados argentinos.<\/strong><\/li>\n<li>La <strong>CAJA DE JUBILACIONES<\/strong> se encuentra <strong>intervenida desde 1995<\/strong>. En todo ese periodo los trabajadores no hemos podido acceder a la informaci\u00f3n y el funcionamiento de la entidad, tal como lo establece la ley que la regula.<\/li>\n<li>Afirman que un presunto d\u00e9ficit es causante de la crisis de la CAJA\u2026 pero <strong>qui\u00e9n lo gener\u00f3<\/strong>. \u00bfLos trabajadores? No, fue <strong>el gobierno provincial <\/strong>que aplic\u00f3 la <strong>pasividad anticipada a 23 mil empleados<\/strong> p\u00fablicos entre 2000 y 2005 (4500 jubilaciones, contra 1600 x a\u00f1o durante los 28 a\u00f1os anteriores). La <strong>complicidad<\/strong> de ciertos dirigentes gremiales facilit\u00f3 esta medida que actualmente es <strong>causante del supuesto d\u00e9ficit<\/strong>. La verdad es que f<strong>ue De la Sota quien quebr\u00f3 la CAJA.<\/strong><\/li>\n<li>Adem\u00e1s, entre 2003 y 2007 <strong>se \u2018evaporaron\u2019 3000 millones<\/strong> de pesos del <strong>fondo complementario sin control ni aparici\u00f3n en los balances<\/strong>, denunciados en su momento por irregulares y truchos. A esto se suma <strong>el gran porcentaje de salario en negro<\/strong> que percibimos durante 10 a\u00f1os, que denunciamos permanentemente que tambi\u00e9n <strong>desfinanci\u00f3 la CAJA<\/strong>. Esto fue reconocido por el TSJ y blanqueado por la Provincia reci\u00e9n en 2010.<\/li>\n<li>Como si esto fuera poco, <strong>los empleados p\u00fablicos provinciales aportamos el 18%<\/strong> en materia previsional, contra el 11% de los nacionales, un 64% m\u00e1s, que es la base <strong>que justifica mejores jubilaciones <\/strong>en la provincia que a nivel nacional. <strong>No es la bondad de los gobernantes que se paguen jubilaciones dignas sino el dinero que aportamos los trabajadores en 30 a\u00f1os.<\/strong><\/li>\n<li>Por eso <strong>reclamamos la restituci\u00f3n de la ley 8024<\/strong>, que calculaba el <strong>haber jubilatorio<\/strong> en base al promedio de los <strong>\u00faltimos 12 meses trabajados<\/strong>, no al promedio de 48 meses como estableci\u00f3 Schiaretti, ni los \u00faltimos 10 a\u00f1os, como hace el ANSES, destino final al que quiere llevarnos De la Sota.<\/li>\n<\/ul>\n<p align=\"center\"><strong>Los trabajadores no debemos hacernos cargo de la farra delasotista ni de su pelea pol\u00edtica con la Naci\u00f3n. Unidad de los trabajadores para defender LA CAJA.<\/strong><\/p>\n<p align=\"center\"><strong>NO A LA ARMONIZACI\u00d3N \u2013 RESTITUCI\u00d3N DE LA 8024<\/strong><\/p>\n<p align=\"center\"><strong>Martes 24 de julio \u2013 10 hs. \u2013 Plaza San Mart\u00edn\u00a0<\/strong><\/p>\n<p align=\"center\">\n","protected":false},"excerpt":{"rendered":"<p>ESTAFA PLANIFICADA: DE LA SOTA MIENTE Y ANSES EXTORSIONA &nbsp; El destino de la Caja de Jubilaciones de C\u00f3rdoba se encuentra entre dos poderes p\u00fablicos que est\u00e1n de acuerdo, quiz\u00e1s s\u00f3lo en eso, en el proyecto de rebajar los derechos adquiridos de los trabajadores p\u00fablicos provinciales: Tanto el gobierno provincial como la Anses vienen desarrollando [&hellip;]<\/p>\n","protected":false},"author":1,"featured_media":19220,"comment_status":"open","ping_status":"open","sticky":false,"template":"","format":"standard","meta":{"_exactmetrics_skip_tracking":false,"_exactmetrics_sitenote_active":false,"_exactmetrics_sitenote_note":"","_exactmetrics_sitenote_category":0,"jnews-multi-image_gallery":[],"jnews_single_post":[],"jnews_primary_category":[],"jnews_social_meta":[],"jnews_review":[],"enable_review":"","type":"","name":"","summary":"","brand":"","sku":"","good":[],"bad":[],"score_override":"","override_value":"","rating":[],"price":[],"jnews_override_counter":[],"jnews_post_split":[],"footnotes":""},"categories":[1],"tags":[],"class_list":["post-1400","post","type-post","status-publish","format-standard","has-post-thumbnail","hentry","category-sin-categoria"],"jetpack_featured_media_url":"https:\/\/atecordoba.org\/wp-content\/uploads\/2020\/05\/logo-nuevochico-e1561581322808.png","_links":{"self":[{"href":"https:\/\/atecordoba.org\/index.php?rest_route=\/wp\/v2\/posts\/1400","targetHints":{"allow":["GET"]}}],"collection":[{"href":"https:\/\/atecordoba.org\/index.php?rest_route=\/wp\/v2\/posts"}],"about":[{"href":"https:\/\/atecordoba.org\/index.php?rest_route=\/wp\/v2\/types\/post"}],"author":[{"embeddable":true,"href":"https:\/\/atecordoba.org\/index.php?rest_route=\/wp\/v2\/users\/1"}],"replies":[{"embeddable":true,"href":"https:\/\/atecordoba.org\/index.php?rest_route=%2Fwp%2Fv2%2Fcomments&post=1400"}],"version-history":[{"count":0,"href":"https:\/\/atecordoba.org\/index.php?rest_route=\/wp\/v2\/posts\/1400\/revisions"}],"wp:featuredmedia":[{"embeddable":true,"href":"https:\/\/atecordoba.org\/index.php?rest_route=\/wp\/v2\/media\/19220"}],"wp:attachment":[{"href":"https:\/\/atecordoba.org\/index.php?rest_route=%2Fwp%2Fv2%2Fmedia&parent=1400"}],"wp:term":[{"taxonomy":"category","embeddable":true,"href":"https:\/\/atecordoba.org\/index.php?rest_route=%2Fwp%2Fv2%2Fcategories&post=1400"},{"taxonomy":"post_tag","embeddable":true,"href":"https:\/\/atecordoba.org\/index.php?rest_route=%2Fwp%2Fv2%2Ftags&post=1400"}],"curies":[{"name":"wp","href":"https:\/\/api.w.org\/{rel}","templated":true}]}}