{"id":1377,"date":"2010-06-17T02:16:03","date_gmt":"2010-06-17T05:16:03","guid":{"rendered":"http:\/\/www.atecordoba.org\/?p=1377"},"modified":"2010-06-17T02:16:03","modified_gmt":"2010-06-17T05:16:03","slug":"paro-nacional-por-48-horas","status":"publish","type":"post","link":"https:\/\/atecordoba.org\/?p=1377","title":{"rendered":"Paro nacional por 48 horas"},"content":{"rendered":"<div>\n<div dir=\"ltr\">\n<p><a href=\"http:\/\/www.atecordoba.org\/wp-content\/uploads\/2012\/07\/arton50.jpg\"><img loading=\"lazy\" decoding=\"async\" class=\"aligncenter\" title=\"OLYMPUS DIGITAL CAMERA\" src=\"http:\/\/www.atecordoba.org\/wp-content\/uploads\/2012\/07\/arton50.jpg\" alt=\"\" width=\"320\" height=\"240\" \/><\/a><\/p>\n<p style=\"text-align: justify;\"><strong>En rechazo a la recomposici\u00f3n del 21% acordada entre el gobierno nacional y un gremio afin, los trabajadores de Senasa realizar\u00e1n una huelga los d\u00edas 23 y 24 del corriente. \u00a1Paritarias ya! es la consigna.<\/strong><\/p>\n<\/div>\n<\/div>\n<div>\n<div dir=\"ltr\">\n<p style=\"text-align: justify;\">(C\u00f3rdoba, 17-6-2010)<\/p>\n<p style=\"text-align: justify;\">Ante el hecho ocurrido el pasado jueves 10 de junio, en el cual se convoc\u00f3 a autoridades del Senasa, funcionarios del Gobierno Nacional y a los tres gremios representativos del Organismo, en el marco de la Paritaria Sectorial al solo fin de que las partes suscriban la pauta salarial del 21 % impuesta a los Trabajadores Estatales sin posibilidad de discusi\u00f3n<\/p>\n<p style=\"text-align: justify;\">Por supuesto ATE no est\u00e1 de acuerdo (habiendo solicitado un m\u00ednimo del 30%), en la misma reuni\u00f3n, ATE rechaz\u00f3 ese aumento para los trabajadores del Senasa, junto con APUMAG que tambi\u00e9n lo rechazara; mientras que UPCN s\u00ed acept\u00f3 esa pauta vergonzosa del 21%.<\/p>\n<p style=\"text-align: justify;\">Como fundamento primario, consideramos que la misma no logra cubrir la canasta familiar ni la inflacion existente, y m\u00e1s teniendo en cuenta que la misma se pagar\u00e1 en forma escalonada, un 10% en los haberes de junio y otro 10% para los haberes de agosto, desvirtuando y devalu\u00e1ndose de esta forma dicho aumento (se adjunta acta de la misma).<\/p>\n<p style=\"text-align: justify;\">No obstante el rechazo realizado por la mayor\u00eda gremial, se firm\u00f3 irregular y arbitrariamente con la minoritaria seudo representaci\u00f3n gremial de UPCN, ese 21 %, neg\u00e1ndose asimismo la apertura de la paritaria y la posibilidad de discutir un aumento digno acorde a las necesidades de los trabajadores del Senasa y dem\u00e1s condiciones de trabajo que deben ser tratadas en la mesa de negociaci\u00f3n sectorial.<\/p>\n<h3 style=\"text-align: justify;\">POR TODO ESTO EN PLENARIO NACIONAL DE DELEGADOS<\/h3>\n<p style=\"text-align: justify;\">DE ATE SENASA SE DETERMINO UN<\/p>\n<p style=\"text-align: justify;\">PARO NACIONAL DE 48 HS., para los d\u00edas 23 Y 24 DE JUNIO, CON MOVILIZACIONES EN TODO EL PAIS,<\/p>\n<p style=\"text-align: justify;\">COMENZANDO UNA LUCHA QUE VA A SEGUIR POR LA EFECTIVA REIVINDICACI\u00d3N DE LAS REALES NECESIDADES DEL SECTOR&#8230;<\/p>\n<p style=\"text-align: justify;\">(SE ADJUNTA ACTA Y RESOLUCION PLENARIO )<\/p>\n<p style=\"text-align: justify;\">JUNTA INTERNA DE DELEGADOS<\/p>\n<p style=\"text-align: justify;\">ATE SENASA CORDOBA<\/p>\n<p style=\"text-align: justify;\">CTA<\/p>\n<p style=\"text-align: justify;\">(NUESTRA NUEVA DIRECCION DE MAIL ES atecordoba@senasa.gov.ar REENVIAMOS MAIL TAMBIEN DESDE ESTA DIRECCION PARA AQUELLOS A LOS QUE HASTA LA FECHA NO HABIAN RECIBIDO LA INFORMACION DESDE AQUEL CORREO MENCIONADO, HASTA ACTUALIZAR LA BASE DE DATOS)<\/p>\n<\/div>\n<\/div>\n","protected":false},"excerpt":{"rendered":"<p>En rechazo a la recomposici\u00f3n del 21% acordada entre el gobierno nacional y un gremio afin, los trabajadores de Senasa realizar\u00e1n una huelga los d\u00edas 23 y 24 del corriente. \u00a1Paritarias ya! es la consigna. (C\u00f3rdoba, 17-6-2010) Ante el hecho ocurrido el pasado jueves 10 de junio, en el cual se convoc\u00f3 a autoridades del [&hellip;]<\/p>\n","protected":false},"author":1,"featured_media":19220,"comment_status":"open","ping_status":"open","sticky":false,"template":"","format":"standard","meta":{"_exactmetrics_skip_tracking":false,"_exactmetrics_sitenote_active":false,"_exactmetrics_sitenote_note":"","_exactmetrics_sitenote_category":0,"jnews-multi-image_gallery":[],"jnews_single_post":[],"jnews_primary_category":[],"jnews_social_meta":[],"jnews_review":[],"enable_review":"","type":"","name":"","summary":"","brand":"","sku":"","good":[],"bad":[],"score_override":"","override_value":"","rating":[],"price":[],"jnews_override_counter":[],"jnews_post_split":[],"footnotes":""},"categories":[8],"tags":[29,11,32,46],"class_list":["post-1377","post","type-post","status-publish","format-standard","has-post-thumbnail","hentry","category-provinciales","tag-nacionales-2","tag-noticias-2","tag-paro","tag-senasa"],"jetpack_featured_media_url":"https:\/\/atecordoba.org\/wp-content\/uploads\/2020\/05\/logo-nuevochico-e1561581322808.png","_links":{"self":[{"href":"https:\/\/atecordoba.org\/index.php?rest_route=\/wp\/v2\/posts\/1377","targetHints":{"allow":["GET"]}}],"collection":[{"href":"https:\/\/atecordoba.org\/index.php?rest_route=\/wp\/v2\/posts"}],"about":[{"href":"https:\/\/atecordoba.org\/index.php?rest_route=\/wp\/v2\/types\/post"}],"author":[{"embeddable":true,"href":"https:\/\/atecordoba.org\/index.php?rest_route=\/wp\/v2\/users\/1"}],"replies":[{"embeddable":true,"href":"https:\/\/atecordoba.org\/index.php?rest_route=%2Fwp%2Fv2%2Fcomments&post=1377"}],"version-history":[{"count":0,"href":"https:\/\/atecordoba.org\/index.php?rest_route=\/wp\/v2\/posts\/1377\/revisions"}],"wp:featuredmedia":[{"embeddable":true,"href":"https:\/\/atecordoba.org\/index.php?rest_route=\/wp\/v2\/media\/19220"}],"wp:attachment":[{"href":"https:\/\/atecordoba.org\/index.php?rest_route=%2Fwp%2Fv2%2Fmedia&parent=1377"}],"wp:term":[{"taxonomy":"category","embeddable":true,"href":"https:\/\/atecordoba.org\/index.php?rest_route=%2Fwp%2Fv2%2Fcategories&post=1377"},{"taxonomy":"post_tag","embeddable":true,"href":"https:\/\/atecordoba.org\/index.php?rest_route=%2Fwp%2Fv2%2Ftags&post=1377"}],"curies":[{"name":"wp","href":"https:\/\/api.w.org\/{rel}","templated":true}]}}