{"id":1370,"date":"2010-06-28T01:45:54","date_gmt":"2010-06-28T04:45:54","guid":{"rendered":"http:\/\/www.atecordoba.org\/?p=1370"},"modified":"2010-06-28T01:45:54","modified_gmt":"2010-06-28T04:45:54","slug":"ate-logra-mejoras-en-el-iua","status":"publish","type":"post","link":"https:\/\/atecordoba.org\/?p=1370","title":{"rendered":"ATE logra mejoras en el IUA"},"content":{"rendered":"<p style=\"text-align: center;\"><a href=\"http:\/\/www.atecordoba.org\/wp-content\/uploads\/2012\/07\/arton52.jpg\"><img loading=\"lazy\" decoding=\"async\" class=\"aligncenter  wp-image-1353\" title=\"arton52\" src=\"http:\/\/www.atecordoba.org\/wp-content\/uploads\/2012\/07\/arton52-1024x768.jpg\" alt=\"\" width=\"553\" height=\"415\" \/><\/a><\/p>\n<div>\n<div dir=\"ltr\">\n<p style=\"text-align: justify;\"><strong>Tras largos meses de conflicto la Fuerza A\u00e9rea accedi\u00f3 a conceder algunas de las m\u00e1s sentidas reivindicaciones de los compa\u00f1eros del Instituto Universitario Aeron\u00e1utico.<\/strong><\/p>\n<\/div>\n<\/div>\n<div>\n<div dir=\"ltr\">\n<p style=\"text-align: justify;\">(C\u00f3rdoba, 28-06-2010) La lucha consecuente y sin respiros que los trabajadores del Personal Civil de las fuerzas armadas desarrollaron durante meses en el IUA obtuvo resultados palpables dan muestras sobre el acierto de apostar la conflicto para mejorar las condiciones laborales que realiz\u00f3 nuestra ATE.<\/p>\n<p style=\"text-align: justify;\">Con diversas reuniones en la delegaci\u00f3n c\u00f3rdoba del Ministerio de Trabajo de la naci\u00f3n, as\u00ed como en el Edificio C\u00f3ndor, los delegados de ATE comenzaron a cerrar el conflicto en cuesti\u00f3n, a medida que las autoridades ced\u00edan ante los planteos de nuestro gremio.<\/p>\n<p style=\"text-align: justify;\">Los compa\u00f1eros evitaron el cierre de la carrera de contador p\u00fablico en su modalidad a distancia, as\u00ed como la garant\u00eda de las fuentes de trabajo en todo el instituto. Al mismo tiempo se acord\u00f3 el proceso de pase a la planta permanente de la Fuerza A\u00e9rea de los contratados a trav\u00e9s de la Asociaci\u00f3n de Investigaciones Tecnol\u00f3gicas (AIT), fundaci\u00f3n sin fines de lucro que ha servido de pantalla a las autoridades para realizar contratos basura a los trabajadores del sector.<\/p>\n<p style=\"text-align: justify;\">Como ejemplo vale se\u00f1alar que los docentes vinieron siendo contratados como personal de maestranza de comercio.<\/p>\n<p style=\"text-align: justify;\">En una primera instancia, pasar\u00e1n 30 compa\u00f1eros no docentes que ocupar\u00e1n plazas en F.A., el a\u00f1o que viene se sumar\u00e1n unos 60 compa\u00f1eros m\u00e1s. En cuanto a los docentes, el Ministerio de Defensa asumi\u00f3 el compromiso de incorporar a partir del dise\u00f1o presupuestario del a\u00f1o que viene alrededor de 3500 horas c\u00e1tedra para un alto porcentaje de docentes del plantel de IUA.<\/p>\n<p style=\"text-align: justify;\">As\u00ed se consolida el trabajo del cuerpo de delegados de ATE en el Personal Civil de la Fuerzas Armadas, que impone ahora el seguimiento de los compromisos aceptados pro la patronal, mientras se acuerdan nuevas reuniones para consensuar un agenda de reclamos que mantienen en estado de alerta al sector.<\/p>\n<\/div>\n<\/div>\n","protected":false},"excerpt":{"rendered":"<p>Tras largos meses de conflicto la Fuerza A\u00e9rea accedi\u00f3 a conceder algunas de las m\u00e1s sentidas reivindicaciones de los compa\u00f1eros del Instituto Universitario Aeron\u00e1utico. (C\u00f3rdoba, 28-06-2010) La lucha consecuente y sin respiros que los trabajadores del Personal Civil de las fuerzas armadas desarrollaron durante meses en el IUA obtuvo resultados palpables dan muestras sobre el [&hellip;]<\/p>\n","protected":false},"author":1,"featured_media":19220,"comment_status":"open","ping_status":"open","sticky":false,"template":"","format":"standard","meta":{"_exactmetrics_skip_tracking":false,"_exactmetrics_sitenote_active":false,"_exactmetrics_sitenote_note":"","_exactmetrics_sitenote_category":0,"jnews-multi-image_gallery":[],"jnews_single_post":[],"jnews_primary_category":[],"jnews_social_meta":[],"jnews_review":[],"enable_review":"","type":"","name":"","summary":"","brand":"","sku":"","good":[],"bad":[],"score_override":"","override_value":"","rating":[],"price":[],"jnews_override_counter":[],"jnews_post_split":[],"footnotes":""},"categories":[8],"tags":[26,28,11,31],"class_list":["post-1370","post","type-post","status-publish","format-standard","has-post-thumbnail","hentry","category-provinciales","tag-ate","tag-ff-aa","tag-noticias-2","tag-provinciales-2"],"jetpack_featured_media_url":"https:\/\/atecordoba.org\/wp-content\/uploads\/2020\/05\/logo-nuevochico-e1561581322808.png","_links":{"self":[{"href":"https:\/\/atecordoba.org\/index.php?rest_route=\/wp\/v2\/posts\/1370","targetHints":{"allow":["GET"]}}],"collection":[{"href":"https:\/\/atecordoba.org\/index.php?rest_route=\/wp\/v2\/posts"}],"about":[{"href":"https:\/\/atecordoba.org\/index.php?rest_route=\/wp\/v2\/types\/post"}],"author":[{"embeddable":true,"href":"https:\/\/atecordoba.org\/index.php?rest_route=\/wp\/v2\/users\/1"}],"replies":[{"embeddable":true,"href":"https:\/\/atecordoba.org\/index.php?rest_route=%2Fwp%2Fv2%2Fcomments&post=1370"}],"version-history":[{"count":0,"href":"https:\/\/atecordoba.org\/index.php?rest_route=\/wp\/v2\/posts\/1370\/revisions"}],"wp:featuredmedia":[{"embeddable":true,"href":"https:\/\/atecordoba.org\/index.php?rest_route=\/wp\/v2\/media\/19220"}],"wp:attachment":[{"href":"https:\/\/atecordoba.org\/index.php?rest_route=%2Fwp%2Fv2%2Fmedia&parent=1370"}],"wp:term":[{"taxonomy":"category","embeddable":true,"href":"https:\/\/atecordoba.org\/index.php?rest_route=%2Fwp%2Fv2%2Fcategories&post=1370"},{"taxonomy":"post_tag","embeddable":true,"href":"https:\/\/atecordoba.org\/index.php?rest_route=%2Fwp%2Fv2%2Ftags&post=1370"}],"curies":[{"name":"wp","href":"https:\/\/api.w.org\/{rel}","templated":true}]}}