{"id":1367,"date":"2010-07-02T01:40:57","date_gmt":"2010-07-02T04:40:57","guid":{"rendered":"http:\/\/www.atecordoba.org\/?p=1367"},"modified":"2010-07-02T01:40:57","modified_gmt":"2010-07-02T04:40:57","slug":"asamblea-en-la-comision-nacional-de-pensiones-cordoba","status":"publish","type":"post","link":"https:\/\/atecordoba.org\/?p=1367","title":{"rendered":"Asamblea en la Comisi\u00f3n Nacional de Pensiones C\u00f3rdoba"},"content":{"rendered":"<p style=\"text-align: center;\"><a href=\"http:\/\/www.atecordoba.org\/wp-content\/uploads\/2012\/07\/arton54.jpg\"><img loading=\"lazy\" decoding=\"async\" class=\"aligncenter  wp-image-1354\" title=\"arton54\" src=\"http:\/\/www.atecordoba.org\/wp-content\/uploads\/2012\/07\/arton54-1024x768.jpg\" alt=\"\" width=\"614\" height=\"461\" \/><\/a><\/p>\n<div>\n<div dir=\"ltr\">\n<p style=\"text-align: justify;\"><strong>En las asambleas desarrolladas los d\u00edas jueves 24 de Junio y 01 de Julio del corriente, con participaci\u00f3n del 100% del personal, se decidi\u00f3 continuar con asamblea el jueves 08 de Julio de 08:00 a 14:00 horas, interrumpiendo as\u00ed la atenci\u00f3n al p\u00fablico, Municipios, Comunas y Organizaciones Sociales.<\/strong><\/p>\n<\/div>\n<\/div>\n<div>\n<div dir=\"ltr\">\n<p style=\"text-align: justify;\">(C\u00f3rdoba, 2-7-2010)<\/p>\n<p style=\"text-align: justify;\">Los trabajadores del sector solicitan a la Presidenta de la Comisi\u00f3n Nacional de Pensiones el Ministerio de Desarrollo Social de la Naci\u00f3n Sra. Isabel PEDELABORDE la contrataci\u00f3n de personal (dos Trabajadores Sociales y dos Administrativos) y el reconocimiento de la antig\u00fcedad, requeridos hace ya m\u00e1s de dos a\u00f1os y sin respuesta alguna.<\/p>\n<p style=\"text-align: justify;\">Habiendo agotado las v\u00edas administrativas correspondientes, los trabajadores de Pensiones se encuentran realizando asambleas en horario de trabajo los d\u00edas jueves, exigiendo una respuesta que permita mejorar la atenci\u00f3n al p\u00fablico beneficiario y a los municipios, personal para realizar capacitaciones y operativos a las distintas localidades que lo requieran y as\u00ed acercar el derecho que brindan las pol\u00edticas sociales del ministerio a la gente.<\/p>\n<\/div>\n<\/div>\n","protected":false},"excerpt":{"rendered":"<p>En las asambleas desarrolladas los d\u00edas jueves 24 de Junio y 01 de Julio del corriente, con participaci\u00f3n del 100% del personal, se decidi\u00f3 continuar con asamblea el jueves 08 de Julio de 08:00 a 14:00 horas, interrumpiendo as\u00ed la atenci\u00f3n al p\u00fablico, Municipios, Comunas y Organizaciones Sociales. (C\u00f3rdoba, 2-7-2010) Los trabajadores del sector solicitan [&hellip;]<\/p>\n","protected":false},"author":1,"featured_media":19220,"comment_status":"open","ping_status":"open","sticky":false,"template":"","format":"standard","meta":{"_exactmetrics_skip_tracking":false,"_exactmetrics_sitenote_active":false,"_exactmetrics_sitenote_note":"","_exactmetrics_sitenote_category":0,"jnews-multi-image_gallery":[],"jnews_single_post":[],"jnews_primary_category":[],"jnews_social_meta":[],"jnews_review":[],"enable_review":"","type":"","name":"","summary":"","brand":"","sku":"","good":[],"bad":[],"score_override":"","override_value":"","rating":[],"price":[],"jnews_override_counter":[],"jnews_post_split":[],"footnotes":""},"categories":[8],"tags":[45,43,11,31],"class_list":["post-1367","post","type-post","status-publish","format-standard","has-post-thumbnail","hentry","category-provinciales","tag-asamblea","tag-cdp","tag-noticias-2","tag-provinciales-2"],"jetpack_featured_media_url":"https:\/\/atecordoba.org\/wp-content\/uploads\/2020\/05\/logo-nuevochico-e1561581322808.png","_links":{"self":[{"href":"https:\/\/atecordoba.org\/index.php?rest_route=\/wp\/v2\/posts\/1367","targetHints":{"allow":["GET"]}}],"collection":[{"href":"https:\/\/atecordoba.org\/index.php?rest_route=\/wp\/v2\/posts"}],"about":[{"href":"https:\/\/atecordoba.org\/index.php?rest_route=\/wp\/v2\/types\/post"}],"author":[{"embeddable":true,"href":"https:\/\/atecordoba.org\/index.php?rest_route=\/wp\/v2\/users\/1"}],"replies":[{"embeddable":true,"href":"https:\/\/atecordoba.org\/index.php?rest_route=%2Fwp%2Fv2%2Fcomments&post=1367"}],"version-history":[{"count":0,"href":"https:\/\/atecordoba.org\/index.php?rest_route=\/wp\/v2\/posts\/1367\/revisions"}],"wp:featuredmedia":[{"embeddable":true,"href":"https:\/\/atecordoba.org\/index.php?rest_route=\/wp\/v2\/media\/19220"}],"wp:attachment":[{"href":"https:\/\/atecordoba.org\/index.php?rest_route=%2Fwp%2Fv2%2Fmedia&parent=1367"}],"wp:term":[{"taxonomy":"category","embeddable":true,"href":"https:\/\/atecordoba.org\/index.php?rest_route=%2Fwp%2Fv2%2Fcategories&post=1367"},{"taxonomy":"post_tag","embeddable":true,"href":"https:\/\/atecordoba.org\/index.php?rest_route=%2Fwp%2Fv2%2Ftags&post=1367"}],"curies":[{"name":"wp","href":"https:\/\/api.w.org\/{rel}","templated":true}]}}