{"id":1350,"date":"2010-07-15T00:45:36","date_gmt":"2010-07-15T03:45:36","guid":{"rendered":"http:\/\/www.atecordoba.org\/?p=1350"},"modified":"2010-07-15T00:45:36","modified_gmt":"2010-07-15T03:45:36","slug":"por-una-cta-que-nos-haga-libres","status":"publish","type":"post","link":"https:\/\/atecordoba.org\/?p=1350","title":{"rendered":"Por una CTA que nos haga libres"},"content":{"rendered":"<div>\n<div dir=\"ltr\">\n<p style=\"text-align: justify;\"><strong>Los jovenes de la CTA de C\u00f3rdoba Capital en la Germ\u00e1n Abdala queremos una Central que lleve adelante la transformaci\u00f3n social que el pueblo necesita.<\/strong><\/p>\n<\/div>\n<\/div>\n<div>\n<div dir=\"ltr\">\n<p style=\"text-align: justify;\"><strong>(C\u00f3rdoba, 15-7-2010)<\/strong><\/p>\n<p style=\"text-align: justify;\">Queremos que motorice el conflicto social y levante las banderas de los sectores m\u00e1s postergados. Una Central que sea el eje de la vida pol\u00edtica, social y cultural de nuestra ciudad, de nuestra provincia, de nuestro pa\u00eds; una central que sea una digna heredera de los compa\u00f1eros del Cordobazo y de los 30000 hermanos que dejaron la vida por construir una sociedad diferente; una central que tenga la fuerza necesaria para combatir la desesperanza a la que se ven sometidos nuestros ancianos despu\u00e9s de a\u00f1os de entregar su fuerza de trabajo; una central que termine con la explotaci\u00f3n sexual a la que se ven sometidos cientos de mujeres y ni\u00f1os; una central que pueda eliminar la miseria y el hambre planificado.<\/p>\n<p style=\"text-align: justify;\">Porque entendemos que la distribuci\u00f3n de la riqueza no es posible sin la unidad de todo el campo popular, la CTA en su conjunto tiene que ser capaz de poder articular con todo el campo popular y construir como parte de ello el movimiento pol\u00edtico, social y pluricultural que venimos ratificando en los congresos. Es por esto que necesitamos reafirmar lo que se defini\u00f3 hace casi 20 a\u00f1os en Burzaco: queremos una central y un movimiento que sea aut\u00f3nomo, constru\u00eddo por la clase trabajadora y que no sea jam\u00e1s condicionado por la dependencia de patrones, partidos pol\u00edticos o gobiernos de turno. Porque s\u00f3lo con autonom\u00eda podemos hablar de independencia de clase.<\/p>\n<p style=\"text-align: justify;\">Tenemos que pensar en grande porque los desaf\u00edos son grandes. Es por eso que necesitamos planificar la Central que queremos para los pr\u00f3ximos 10 a\u00f1os. Nuestra visi\u00f3n del futuro de la CTA no es una central compuesta por sindicatos, organizaci\u00f3nes y afiliados directos, sin\u00f3 es una CTA compuesta por trabajadores. Tenemos que que fortalecer la idea de lo que es ser y sentirse CTA, los sindicatos son una particularidad de la Central, las organizaciones sociales son otra, los afiliados directos otra m\u00e1s, pero TODOS SOMOS CTA.<\/p>\n<p style=\"text-align: justify;\">Estamos ante un momento clave en la historia del movimiento obreo. Estamos por decidir que CTA queremos en una de las instancias m\u00e1s democr\u00e1ticas que el campo popular ha visto. Pero esto no acaba el 23 de setiembre, despu\u00e9s de eso hay que seguir construyendo la central que queremos&#8230; y los j\u00f3venes estamos dispuestos a ponerle el cuerpo.<\/p>\n<p style=\"text-align: justify;\">C\u00f3rdoba, 10 de julio de 2010<\/p>\n<\/div>\n<\/div>\n","protected":false},"excerpt":{"rendered":"<p>Los jovenes de la CTA de C\u00f3rdoba Capital en la Germ\u00e1n Abdala queremos una Central que lleve adelante la transformaci\u00f3n social que el pueblo necesita. (C\u00f3rdoba, 15-7-2010) Queremos que motorice el conflicto social y levante las banderas de los sectores m\u00e1s postergados. Una Central que sea el eje de la vida pol\u00edtica, social y cultural [&hellip;]<\/p>\n","protected":false},"author":1,"featured_media":19220,"comment_status":"open","ping_status":"open","sticky":false,"template":"","format":"standard","meta":{"_exactmetrics_skip_tracking":false,"_exactmetrics_sitenote_active":false,"_exactmetrics_sitenote_note":"","_exactmetrics_sitenote_category":0,"jnews-multi-image_gallery":[],"jnews_single_post":[],"jnews_primary_category":[],"jnews_social_meta":[],"jnews_review":[],"enable_review":"","type":"","name":"","summary":"","brand":"","sku":"","good":[],"bad":[],"score_override":"","override_value":"","rating":[],"price":[],"jnews_override_counter":[],"jnews_post_split":[],"footnotes":""},"categories":[8],"tags":[30,11,31,37],"class_list":["post-1350","post","type-post","status-publish","format-standard","has-post-thumbnail","hentry","category-provinciales","tag-juventud","tag-noticias-2","tag-provinciales-2","tag-sta"],"jetpack_featured_media_url":"https:\/\/atecordoba.org\/wp-content\/uploads\/2020\/05\/logo-nuevochico-e1561581322808.png","_links":{"self":[{"href":"https:\/\/atecordoba.org\/index.php?rest_route=\/wp\/v2\/posts\/1350","targetHints":{"allow":["GET"]}}],"collection":[{"href":"https:\/\/atecordoba.org\/index.php?rest_route=\/wp\/v2\/posts"}],"about":[{"href":"https:\/\/atecordoba.org\/index.php?rest_route=\/wp\/v2\/types\/post"}],"author":[{"embeddable":true,"href":"https:\/\/atecordoba.org\/index.php?rest_route=\/wp\/v2\/users\/1"}],"replies":[{"embeddable":true,"href":"https:\/\/atecordoba.org\/index.php?rest_route=%2Fwp%2Fv2%2Fcomments&post=1350"}],"version-history":[{"count":0,"href":"https:\/\/atecordoba.org\/index.php?rest_route=\/wp\/v2\/posts\/1350\/revisions"}],"wp:featuredmedia":[{"embeddable":true,"href":"https:\/\/atecordoba.org\/index.php?rest_route=\/wp\/v2\/media\/19220"}],"wp:attachment":[{"href":"https:\/\/atecordoba.org\/index.php?rest_route=%2Fwp%2Fv2%2Fmedia&parent=1350"}],"wp:term":[{"taxonomy":"category","embeddable":true,"href":"https:\/\/atecordoba.org\/index.php?rest_route=%2Fwp%2Fv2%2Fcategories&post=1350"},{"taxonomy":"post_tag","embeddable":true,"href":"https:\/\/atecordoba.org\/index.php?rest_route=%2Fwp%2Fv2%2Ftags&post=1350"}],"curies":[{"name":"wp","href":"https:\/\/api.w.org\/{rel}","templated":true}]}}