{"id":1344,"date":"2010-07-22T23:57:49","date_gmt":"2010-07-23T02:57:49","guid":{"rendered":"http:\/\/www.atecordoba.org\/?p=1344"},"modified":"2010-07-22T23:57:49","modified_gmt":"2010-07-23T02:57:49","slug":"se-intensifican-las-asambleas","status":"publish","type":"post","link":"https:\/\/atecordoba.org\/?p=1344","title":{"rendered":"Se intensifican las asambleas"},"content":{"rendered":"<p style=\"text-align: center;\"><a href=\"http:\/\/www.atecordoba.org\/wp-content\/uploads\/2012\/07\/arton60.jpg\"><img loading=\"lazy\" decoding=\"async\" class=\"aligncenter  wp-image-1321\" title=\"arton60\" src=\"http:\/\/www.atecordoba.org\/wp-content\/uploads\/2012\/07\/arton60-1024x768.jpg\" alt=\"\" width=\"614\" height=\"461\" \/><\/a><\/p>\n<p style=\"text-align: center;\">\n<div>\n<div dir=\"ltr\">\n<p style=\"text-align: justify;\"><strong>(C\u00f3rdoba, 22-7-2010) Los trabajadores del sector anucniaron un cronograma de asambleas sin atenci\u00f3n al p\u00fablico y el paro total de actividades para el 27 de julio. Reclaman a la patronal que se nombre m\u00e1s personal para atender la inmensa cantidad de beneficiarios que concurren al edificio de La Rioja al 1400.<\/strong><\/p>\n<\/div>\n<\/div>\n<div>\n<div dir=\"ltr\">\n<p style=\"text-align: justify;\">En la asamblea desarrollada el d\u00eda jueves 15 de Julio del corriente, con la participaci\u00f3n del 100% del personal, se decidi\u00f3 que, pasado un mes y debido a que a\u00fan no se ha obtenido ninguna respuesta de la Presidenta de la Comisi\u00f3n Nacional de Pensiones de la Naci\u00f3n Isabel Pedelaborde, los trabajadores de la Comisi\u00f3n Nacional de Pensiones C\u00f3rdoba (CNP) intensificar\u00e1n las medidas de fuerza, realizando asambleas los d\u00edas mi\u00e9rcoles y jueves de 08:00 a 14:00 horas sin atenci\u00f3n al p\u00fablico, sin recepci\u00f3n de tr\u00e1mites a Municipios, Comunas y Organizaciones Sociales.<\/p>\n<p style=\"text-align: justify;\">El Martes 27 de Julio se realizara paro por 24 hs, con abandono del lugar de trabajo y corte de calle (La Rioja esquina Santa Fe, a las 11 hs), para denunciar la falta de di\u00e1logo y la incapacidad de solucionar el reclamo de los trabajadores por parte de las autoridades de la Comisi\u00f3n Nacional de Pensiones. Se espera contar una vez m\u00e1s con el apoyo y participaci\u00f3n de la sociedad en su conjunto.<\/p>\n<p style=\"text-align: justify;\">Institucionalmente se han solicitado, a trav\u00e9s de varias notas a las autoridades de Sede Central de la Comisi\u00f3n Nacional de Pensiones, Presidenta y a Coordinaci\u00f3n Territorial, la necesidad de contrataci\u00f3n de personal obteniendo como respuesta promesas verbales incumplidas a lo largo de dos a\u00f1os.<\/p>\n<p style=\"text-align: justify;\">El Consejo Directivo Provincial de ATE C\u00f3rdoba apoy\u00f3 el planteo de los trabajadores del sector, con notas y pedidos de audiencias dirigidos a la CNP, para dialogar y solucionar estos reclamos. La situaci\u00f3n no es ajena a los compa\u00f1eros de la Junta Interna de ATE Pensiones, ya que tiene pleno conocimiento de la problem\u00e1tica y, habi\u00e9ndolos convocados a trav\u00e9s de notas, mail y llamadas telef\u00f3nicas para buscar una soluci\u00f3n al problema, no se ha tenido respuesta concreta de ning\u00fan tipo a lo largo de estos dos a\u00f1os.<\/p>\n<p style=\"text-align: justify;\">Desde septiembre de 2008 con el cambio de responsable quedaron 6 personas de los 20 que eran para atender la demanda de C\u00f3rdoba Capital y 430 localidades del interior de la provincia. Esta situaci\u00f3n es insostenible,\u201d ya no interesa de qui\u00e9n es la culpa, atendemos al p\u00fablico de la mejor manera posible, con lo que tenemos, como podemos, improvisando a veces, arriesgando nuestra salud f\u00edsica y mental\u201d, afirm\u00f3 Cintia Conesta, delegada de ATE.<\/p>\n<p style=\"text-align: justify;\">\u201cEste equipo de trabajo no es influenciable y no lo fogonea nadie, somos adultos y responsables. Pensamos y decidimos por nuestros propios medios, motivados por la conciencia de clase y compromiso social. Conocemos cual dif\u00edcil es acercar el derecho que brindan las Pol\u00edticas Sociales de nuestro Ministerio de Desarrollo Social a la gente, a\u00fan m\u00e1s si no tenemos herramientas humanas para hacerlo. No pedimos aumento salarial sino tan solo personal y reconocimiento de la antig\u00fcedad\u201d,. finaliz\u00f3.<\/p>\n<\/div>\n<\/div>\n","protected":false},"excerpt":{"rendered":"<p>(C\u00f3rdoba, 22-7-2010) Los trabajadores del sector anucniaron un cronograma de asambleas sin atenci\u00f3n al p\u00fablico y el paro total de actividades para el 27 de julio. Reclaman a la patronal que se nombre m\u00e1s personal para atender la inmensa cantidad de beneficiarios que concurren al edificio de La Rioja al 1400. En la asamblea desarrollada [&hellip;]<\/p>\n","protected":false},"author":1,"featured_media":19220,"comment_status":"open","ping_status":"open","sticky":false,"template":"","format":"standard","meta":{"_exactmetrics_skip_tracking":false,"_exactmetrics_sitenote_active":false,"_exactmetrics_sitenote_note":"","_exactmetrics_sitenote_category":0,"jnews-multi-image_gallery":[],"jnews_single_post":[],"jnews_primary_category":[],"jnews_social_meta":[],"jnews_review":[],"enable_review":"","type":"","name":"","summary":"","brand":"","sku":"","good":[],"bad":[],"score_override":"","override_value":"","rating":[],"price":[],"jnews_override_counter":[],"jnews_post_split":[],"footnotes":""},"categories":[8],"tags":[26,43,11,32,31],"class_list":["post-1344","post","type-post","status-publish","format-standard","has-post-thumbnail","hentry","category-provinciales","tag-ate","tag-cdp","tag-noticias-2","tag-paro","tag-provinciales-2"],"jetpack_featured_media_url":"https:\/\/atecordoba.org\/wp-content\/uploads\/2020\/05\/logo-nuevochico-e1561581322808.png","_links":{"self":[{"href":"https:\/\/atecordoba.org\/index.php?rest_route=\/wp\/v2\/posts\/1344","targetHints":{"allow":["GET"]}}],"collection":[{"href":"https:\/\/atecordoba.org\/index.php?rest_route=\/wp\/v2\/posts"}],"about":[{"href":"https:\/\/atecordoba.org\/index.php?rest_route=\/wp\/v2\/types\/post"}],"author":[{"embeddable":true,"href":"https:\/\/atecordoba.org\/index.php?rest_route=\/wp\/v2\/users\/1"}],"replies":[{"embeddable":true,"href":"https:\/\/atecordoba.org\/index.php?rest_route=%2Fwp%2Fv2%2Fcomments&post=1344"}],"version-history":[{"count":0,"href":"https:\/\/atecordoba.org\/index.php?rest_route=\/wp\/v2\/posts\/1344\/revisions"}],"wp:featuredmedia":[{"embeddable":true,"href":"https:\/\/atecordoba.org\/index.php?rest_route=\/wp\/v2\/media\/19220"}],"wp:attachment":[{"href":"https:\/\/atecordoba.org\/index.php?rest_route=%2Fwp%2Fv2%2Fmedia&parent=1344"}],"wp:term":[{"taxonomy":"category","embeddable":true,"href":"https:\/\/atecordoba.org\/index.php?rest_route=%2Fwp%2Fv2%2Fcategories&post=1344"},{"taxonomy":"post_tag","embeddable":true,"href":"https:\/\/atecordoba.org\/index.php?rest_route=%2Fwp%2Fv2%2Ftags&post=1344"}],"curies":[{"name":"wp","href":"https:\/\/api.w.org\/{rel}","templated":true}]}}