{"id":13276,"date":"2020-06-17T05:03:01","date_gmt":"2020-06-17T08:03:01","guid":{"rendered":"https:\/\/www.atecordoba.org\/?p=13276"},"modified":"2020-07-02T12:20:24","modified_gmt":"2020-07-02T15:20:24","slug":"lanzamiento-del-espacio-formativo-en-generos-y-diversidades","status":"publish","type":"post","link":"https:\/\/atecordoba.org\/?p=13276","title":{"rendered":"Lanzamiento del espacio formativo en g\u00e9neros y diversidades"},"content":{"rendered":"\n<p><em>El acto virtual cont\u00f3 con importante participaci\u00f3n de compa\u00f1eras y compa\u00f1eros de la conducci\u00f3n provincial y las seccionales y el acompa\u00f1amiento de la conducci\u00f3n nacional.<\/em><\/p>\n\n\n\n<div class=\"wp-block-image\"><figure class=\"aligncenter size-large\"><img decoding=\"async\" src=\"http:\/\/atecordoba.org\/wp-content\/uploads\/2020\/06\/zoom-genero.jpg\" alt=\"\" class=\"wp-image-13277\"\/><\/figure><\/div>\n\n\n\n<p>La actividad realizada el lunes pasado, cont\u00f3 con la participaci\u00f3n de compa\u00f1eras y compa\u00f1eros de C\u00f3rdoba Capital, San Francisco, R\u00edo Tercero y R\u00edo Cuarto entre otros puntos de las provincia que aprovecharon para sumarse a la sesi\u00f3n virtual desde sus casas, donde realizan sus cuarentenas, y estuvo coordinada por la secretaria de Prensa del CDP, Julia Giuliani.<\/p>\n\n\n\n<p>En primer t\u00e9rmino se hizo la presentaci\u00f3n formal del espacio y la fundamentaci\u00f3n del curso.\u00a0 El secretario de Formaci\u00f3n C\u00e9sar Theaux resalt\u00f3 que \u201ceste curso de formaci\u00f3n del Departamento de g\u00e9neros y diversidades es muy importante en la discusi\u00f3n pol\u00edtica para los a\u00f1os que vienen, sobre todo despu\u00e9s de esta pandemia mundial. Me parece que vamos a tener que repensar la actividad laboral, pol\u00edtica y sindical, y el aporte que van a hacer las compa\u00f1eras desde ac\u00e1 va a ser important\u00edsimo para que todos podamos imaginar un mundo diferente al que nos toc\u00f3 antes del 20 de marzo. Y no solo que sea una cuesti\u00f3n reivindicativa, de cuestiones laborales o sindicales sino sinceramente obligarnos a pensar un mundo totalmente diferente al actual, donde evidentemente las l\u00edneas patriarcales fracasaron\u201d.<\/p>\n\n\n\n<p>Giuliani destac\u00f3 la presencia de Dami\u00e1n Albornoz, Javier Araujo y Emiliano Campos de Ate R\u00edo Tercero; Carina, de Anac; Lucas de FADEA; Gustavo de Iosfa; Ivanna Aguilera, integrante del Departamento de G\u00e9neros y Diversidades; Gabriela Garc\u00eda, compa\u00f1era provincial del \u00e1rea de la salud; Rafaela Alcoba, secretaria General de ATE R\u00edo Cuarto; Gabriela Alcoba, integrante del CDP; Andrea Carrasco y Mario de San Francisco.<\/p>\n\n\n\n<p>Tras la presentaci\u00f3n de Theaux fue el turno de Clarisa Gambera, responsable del Departamento de G\u00e9neros y Diversidades del Consejo Directivo Nacional. La dirigente comenz\u00f3 felicitando al Consejo Directivo Provincial por la iniciativa. \u201cLa formaci\u00f3n es una estrategia para formar una masa cr\u00edtica en t\u00e9rminos de clase. Lo tenemos clar\u00edsimo hace mucho. Nuestra ATE siempre fue pionera en pensar la formaci\u00f3n sindical, la formaci\u00f3n de sus cuadros sindicales. Para nosotras, las feministas, que ven\u00edamos de una formaci\u00f3n en los bordes de la organizaci\u00f3n, tambi\u00e9n la conformaci\u00f3n de masa cr\u00edtica, que como un mar de fondo en todos estos a\u00f1os fuimos construyendo, que result\u00f3 siendo \u2018marea verde,\u2019 viene de muchos a\u00f1os de encuentros de mujeres y tiene una campa\u00f1a nacional por el aborto legal muy instalada\u201d.<\/p>\n\n\n\n<p>La dirigente record\u00f3 que \u201call\u00ed fuimos construyendo como feministas y nos cost\u00f3 mucho esfuerzo que esto llegue a nuestra organizaci\u00f3n, pero de a poco lo fuimos logrando. \u00c9ramos un mont\u00f3n que est\u00e1bamos ah\u00ed con ganas de tender esta red y pasar a una cuesti\u00f3n m\u00e1s ofensiva en&nbsp; el mejor sentido del t\u00e9rmino: animarnos a transformarnos y transformar nuestra organizaci\u00f3n. En ATE hablamos de abrir un cauce para que los transiten miles de compa\u00f1eros. Tambi\u00e9n nosotras, en esta etapa, en t\u00e9rmino de feminismo, estamos abriendo un cauce y est\u00e1 claro que primero eran algunas compa\u00f1eras sueltas y que despu\u00e9s se sumaron otros compa\u00f1eros. Pero hoy hay departamento de g\u00e9neros en casi todas las provincias. Y vamos por la secretaria cuando podamos modificar el estatuto de nuestra organizaci\u00f3n. Y no solo tenemos feministas en los espacios de g\u00e9nero, algo que tambi\u00e9n es una avanzada enorme para quienes ven\u00edamos tratando de transformar una mirada de sindicato\u201d.<\/p>\n\n\n\n<p>\u201cHacer un gremio feminista \u2013se\u00f1al\u00f3 Gambera\u2013 supone entender que algunos sectores tienen una ventaja estructural que no solo es de clase. Desde una mirada de feminismo popular entendemos que es interseccional. Por eso estamos en el sindicato, y por eso hablamos del feminismo de las trabajadoras y trabajadores\u201d.<\/p>\n\n\n\n<p>Y destac\u00f3 la alegr\u00eda \u201cque hayan dado este paso, desde un departamento recontra potente que tienen en C\u00f3rdoba. Me parece que tenemos que sumar masa cr\u00edtica para cambiar la relaci\u00f3n de fuerzas, que somos muchas pero falta mucho por modificar en nuestro sindicato. Sabemos que los sindicatos fueron construidos en el patriarcado, a imagen y semejanza de un modelo que ya empieza a estar caduco. Me gusta lo que dijo el compa\u00f1ero secretario de Formaci\u00f3n, este tiempo que nos toca, esta pandemia no solo muestra que nuestra condici\u00f3n de clase nos hace m\u00e1s vulnerables, cuanto m\u00e1s precarios somos m\u00e1s expuestos estamos a todas las inclemencias, incluso las sanitarias. Estamos frente a una crisis civilizatoria, pero tambi\u00e9n es un tiempo de reflexi\u00f3n, de donde vamos a salir distintos. Darnos instancias de reflexi\u00f3n colectiva, de formaci\u00f3n, nos va a permitir pensar en qu\u00e9 es lo que se viene, c\u00f3mo hay que pensar ese nuevo tiempo. La normalidad en la que estamos nos muestra que no alcanza con el estado presente\u201d.<\/p>\n\n\n\n<p>La dirigente nacional denunci\u00f3 que en relaci\u00f3n a la pandemia \u201cen la ciudad de Buenos Aires la estamos pasando muy mal. La precariedad de las compa\u00f1eras en los territorios esenciales, todos feminizados, poniendo el cuerpo en primera l\u00ednea, trabajadoras que ni siquiera tienen salario y le est\u00e1n poniendo el pecho a la pandemia. Vemos la precariedad de las personas que se quedaron sin ingreso porque la informalidad en relaci\u00f3n al trabajo los dej\u00f3 en la lona. La situaci\u00f3n de pobreza es tremenda en todas las villas. Los comedores est\u00e1n repletos de trabajadoras y trabajadores pobres. Tenemos que barajar y dar de nuevo, as\u00ed como est\u00e1n las cosas no estamos pudiendo\u201d.<\/p>\n\n\n\n<p>Y finaliz\u00f3 agregando que \u201cpor otra parte estamos sosteniendo la situaci\u00f3n con teletrabajo, hay sectores de la educaci\u00f3n que est\u00e1n trabajando jornadas de 16 horas, una cosa delirante. Nos estamos dando cuenta que vamos a ser la variable de ajuste. El martes se viene el tratamiento del proyecto de ley para regular el teletrabajo, con voluntad de que salga sin mucho debate. Para nosotras y nosotros como sindicato eso es un problema porque sabemos que nos van a sacar m\u00e1s productividad, estamos experimentando en nuestras casas que trabajos productivo y reproductivo est\u00e1n encimados, estamos como locas y no hay aumento salarial. Estamos en una situaci\u00f3n donde vamos a tener que fortalecernos y la cosa est\u00e1 dif\u00edcil. Estas iniciativas me parece que nos van a fortalecer para dar todas estas discusiones\u201d.<\/p>\n\n\n\n<p>Posteriormente Julia Giuliani coment\u00f3 a los presentes que \u201cel Departamento de G\u00e9neros y Diversidades es una de las primeras decisiones que tom\u00f3 la nueva conducci\u00f3n que asumi\u00f3 en noviembre, ac\u00e1 est\u00e1n las compa\u00f1eras que elegimos para que sean nuestras directoras y en quienes nos vemos reflejadas para llevar adelante las pol\u00edticas de g\u00e9neros y diversidades para nuestro sindicato\u201d. Acto seguido le dio la palabra a la secretaria de Actas Mar\u00eda Sotti, que ser\u00e1 parte del equipo de formaci\u00f3n. Sotti destac\u00f3 el curso \u201cen t\u00e9rminos de generar herramientas para las y los afiliados. En ese sentido queremos impulsar hoy una nueva herramienta como es la plataforma virtual de formaci\u00f3n en g\u00e9nero. Y en ese marco el lanzamiento de un curso que tenga la perspectiva de g\u00e9nero, que es lo que buscamos en nuestro sindicato\u201d.<\/p>\n\n\n\n<p>Sotti agradeci\u00f3 a Cesar Theaux \u201cque nos acompa\u00f1a, a Julia Giuliani que hoy hace de moderadora y a Clarisa Gambera que hoy nos puede acompa\u00f1ar en este importante acto. Tenemos la presencia de la compa\u00f1era Mar\u00eda Lila Garc\u00eda, cuyo nombre lleva este curso\u201d.<\/p>\n\n\n\n<p>La compa\u00f1era Lila Garc\u00eda,  salud\u00f3 a todas las y los compa\u00f1eros del sindicato por tantos a\u00f1os de lucha. \u201cEstoy tan agradecida, emocionada. Muchas gracias y suerte\u201d, dijo esta experimentada militante de ATE que particip\u00f3 de las luchas del Cordobazo.<\/p>\n\n\n\n<p>En relaci\u00f3n a Lila, Mar\u00eda Sotti asegur\u00f3 que \u201cCuando las fotos hacen foco en Tosco, nosotras recordamos que tambi\u00e9n hab\u00eda compa\u00f1eras en la militancia sindical. Levantar esas banderas es un orgullo y en ese sentido las compa\u00f1eras eligieron nombrar a la escuela con tu nombre, para recuperar la memoria hist\u00f3rica&#8221;.<\/p>\n\n\n\n<p>Y prosigui\u00f3: \u201cquiero agradecer a todas las compa\u00f1eras que integran el equipo de formaci\u00f3n. Es un desaf\u00edo en la construcci\u00f3n sindical, como nueva conducci\u00f3n y formando parte de este 46% de compa\u00f1eras que somos parte del Cpnsejo Directivo Provincial, remarcar esa historia, relacionada con el curso que estamos lanzando. Es resultado del esfuerzo de las y los compa\u00f1eros y apostamos a integrar un sindicato con mirada feminista\u201d.<\/p>\n\n\n\n<p>Por su parte Gabriela Alcoba directora tambi\u00e9n del Departamento, afirm\u00f3 que \u201choy es un d\u00eda hist\u00f3rico para nuestro CDP porque lanzamos la plataforma para una formaci\u00f3n interna. Tenemos un mont\u00f3n de compa\u00f1eros que vienen a formarse en cuestiones de g\u00e9nero, por lo que creemos que es muy importante. No pensamos el departamento como un espacio cerrado, sino un espacio transversal que atraviese la pol\u00edtica sindical. En este sentido, sabemos que las cuestiones de g\u00e9nero atraviesan a todas las secretar\u00edas, la pol\u00edtica gremial e institucional. As\u00ed pens\u00e1bamos en la campa\u00f1a electoral que quer\u00edamos el departamento de g\u00e9neros y diversidades y los creamos despu\u00e9s de asumir. En esta nueva etapa  estamos convencidas en el sentido de institucionalizarlo\u00a0 y actuar transversalmente. No podemos pensar una pol\u00edtica gremial sin una perspectiva de g\u00e9nero, no podemos pensar una pol\u00edtica salarial o de convenios colectivos sin perspectiva de g\u00e9nero. En este sentido ve\u00edamos la necesidad de formarnos. Nos juntamos en enero, la verdad es que todo se dio m\u00e1s r\u00e1pido de lo que pens\u00e1bamos. Agradecemos a Mar\u00eda Sotti que se puso al hombro la formaci\u00f3n, a Julia Giuliani que desde lo comunicacional hizo un aporte importante. Y se dio esto que hoy celebramos. Nos parece importante la formaci\u00f3n porque por m\u00e1s que tenemos formaci\u00f3n de delegadas y delegados, nos faltaba la cuesti\u00f3n de g\u00e9nero. En ese sentido estamos siendo pioneras y pioneros en C\u00f3rdoba. Quiero agradecer sobre todo a los compa\u00f1eros porque vamos a pensar un sindicato con pol\u00edtica feminista que sea inclusivo. Si bien Federico Giuliani no pudo estar hoy, \u00e9l es parte importante de este proceso porque fue la segunda resoluci\u00f3n la creaci\u00f3n del Departamento, era una apuesta grande que tuvimos. Por eso hay que agradecerle a \u00e9l, que apost\u00f3 por esta formaci\u00f3n, este equipo. De ahora en m\u00e1s vamos caminando hacia una pol\u00edtica sindical feminista\u201d.<\/p>\n\n\n\n<p>A su vez, la secretaria de Prensa Julia Giuliani, avanz\u00f3 relatando que desde el espacio bajo su responsabilidad \u201cni bien asumimos dijimos que no conceb\u00edamos ninguna instancia comunicacional sin perspectiva de g\u00e9nero. Sin lenguaje inclusivo. En ese marco es que estamos participando de manera activa en el departamento. Hoy reinvent\u00e1ndonos para poder llegar de alguna manera a nuestras afiliadas y afiliados. Con estos nuevos dispositivos que si bien son inc\u00f3modos porque estamos acostumbradas a encontrarnos, a compartir, al abrazo y al mate, lo que nos permite realmente es una manera de funcionar hasta m\u00e1s eficaz porque son m\u00e1s resolutivas y adem\u00e1s que podamos federalizar estas instancias. Ac\u00e1 podemos tener compa\u00f1eras del sur, del norte, del este, del oeste de C\u00f3rdoba nos orientan quiz\u00e1s a las nuevas formas de militar y de construir. As\u00ed que muy contenta de integrar el equipo para aportar los saberes desde lo acad\u00e9mico, desde lo militante, desde la pr\u00e1ctica que venimos desarrollando con tantos a\u00f1os dentro de nuestra organizaci\u00f3n, de poner esos saberes a disposici\u00f3n de nuestras compa\u00f1eras y compa\u00f1eros. No debemos ser siempre nosotras las que discutamos cuestiones de g\u00e9nero y me alegro que haya tantos compa\u00f1eros hoy ac\u00e1 presentes y que tambi\u00e9n se hayan anotado para hacer el curso y la formaci\u00f3n que nos parece tan importante para que realmente sea una pol\u00edtica sindical en serio donde todas y todos seamos parte de este proceso de construcci\u00f3n\u201d.<\/p>\n\n\n\n<p>Acto seguido, Sotti agreg\u00f3 que \u201cen l\u00ednea con lo que dice Julia, en el esfuerzo colectivo y poner a disposici\u00f3n los saberes el sindicato est\u00e1 en un proceso de deconstrucci\u00f3n. En apertura a un mont\u00f3n de discusiones. Que las compa\u00f1eras sean el 46% de una conducci\u00f3n habla de c\u00f3mo estamos, tambi\u00e9n se ve en lo territorial en las seccionales. Hay que celebrar que tengamos una instancia de formaci\u00f3n con esta perspectiva que implica tambi\u00e9n el recorrido de un mont\u00f3n de compa\u00f1eras\/os previo a nosotras, que generaron un piso para que hoy podamos discutir estas cuestiones. Tambi\u00e9n celebro que tengamos miembros de conducci\u00f3n haciendo este curso. Vamos en una apuesta a que no se diga que es solo una cuesti\u00f3n de mujeres. Todos debemos estar con esta perspectiva para mirar con mayor justicia la realidad. Mas con las reivindicaciones que tiene nuestro sindicato tanto a nivel nacional como provincial y municipal\u201d.<\/p>\n\n\n\n<p>Por su parte, Ivanna Aguilera que integra la organizaci\u00f3n Flores Diversas y es Directora del Departamento G\u00e9neros y Diversidades cont\u00f3 que \u201cCuando hablamos con el sindicato para comentar nuestra propuesta, encontramos que ATE ten\u00eda un proyecto parecido para poder formar a las y los trabajadores, teniendo las herramientas necesarias para poder defender a las y los compa\u00f1eros del colectivos LGTTTBIQ+. Porque si los trabajadores pueden estar sufriendo violencia laboral, las personas trans sufren adem\u00e1s la violencia por su condici\u00f3n de g\u00e9nero e identidad. As\u00ed que es una satisfacci\u00f3n poder trabajar y formar a los compa\u00f1eros, delegados y delgadas para que puedan tener las herramientas necesarias para combatir la violencia hacia los trabajadores y trabajadoras en todos sus \u00e1mbitos. Este curso es important\u00edsimo y es un antes y un despu\u00e9s de ATE. Peleamos por un ATE transfeminista\u201d.<\/p>\n\n\n\n<p>Seguidamente, Rafaela Alcoba secretaria general de ATE R\u00edo Cuarto afirm\u00f3 que la g\u00e9nesis del curso est\u00e1 en que \u201cdesde el principio las compa\u00f1eras dejaron clara la necesidad de formaci\u00f3n que nosotras ven\u00edamos viendo en el \u00e1mbito sindical. El desaf\u00edo es avanzar en una formaci\u00f3n en serio que permita profundizar. Sabemos que hoy g\u00e9nero es un tema que donde suena, suena fuerte. Tambi\u00e9n sabemos que no vamos a tener una inclusi\u00f3n real si no es con todes adentro. En ese marco, en R\u00edo Cuarto venimos con una participaci\u00f3n activa donde se discute g\u00e9nero y diversidad pero tambi\u00e9n sabemos que hacia adentro de los sindicatos es algo que no se discute o se utiliza como pantalla de momento. La verdad que ver a las compa\u00f1eras que se ponen al hombro esta formaci\u00f3n un d\u00eda feriado creo que realmente habla bien del espacio\u201d.<\/p>\n\n\n\n<p>El secretario General de la seccional ATE R\u00edo Tercero Dami\u00e1n Albornoz, alent\u00f3 \u201ca ponerle mucha pila al espacio. Desde la seccional bancamos esta iniciativa, as\u00ed que retomo las palabras de las compa\u00f1eras. Es cierto que esto marca un antes y un despu\u00e9s en la conducci\u00f3n provincial de ATE y no me cabe duda que desde cada seccional podemos ir replicando esta instancia\u201d.<\/p>\n\n\n\n<p>Por \u00faltimo, Gladys Medina, de San Francisco celebr\u00f3 la iniciativa \u201cporque quienes venimos con muchos a\u00f1os vividos tenemos muchas cosas que nos ha costado entender y creo conveniente este curso para hacer las cosas como corresponde, m\u00e1s cuando a uno le toca liderar un grupo y que podemos caer en ser torpes o herir por no conocer c\u00f3mo manejar la situaci\u00f3n. Las felicito y celebro este curso de formaci\u00f3n porque creo que todos lo necesitamos\u201d.<\/p>\n\n\n\n<p>Al finalizar la reuni\u00f3n, comenz\u00f3 la primer clase de esta instancia de construcci\u00f3n colectiva.<\/p>\n","protected":false},"excerpt":{"rendered":"<p>El acto virtual cont\u00f3 con importante participaci\u00f3n de compa\u00f1eras y compa\u00f1eros de la conducci\u00f3n provincial y las seccionales y el acompa\u00f1amiento de la conducci\u00f3n nacional. La actividad realizada el lunes pasado, cont\u00f3 con la participaci\u00f3n de compa\u00f1eras y compa\u00f1eros de C\u00f3rdoba Capital, San Francisco, R\u00edo Tercero y R\u00edo Cuarto entre otros puntos de las provincia [&hellip;]<\/p>\n","protected":false},"author":3,"featured_media":13277,"comment_status":"open","ping_status":"open","sticky":true,"template":"","format":"standard","meta":{"_exactmetrics_skip_tracking":false,"_exactmetrics_sitenote_active":false,"_exactmetrics_sitenote_note":"","_exactmetrics_sitenote_category":0,"jnews-multi-image_gallery":[],"jnews_single_post":[],"jnews_primary_category":[],"jnews_social_meta":[],"jnews_review":[],"enable_review":"","type":"","name":"","summary":"","brand":"","sku":"","good":[],"bad":[],"score_override":"","override_value":"","rating":[],"price":[],"jnews_override_counter":[],"jnews_post_split":[],"footnotes":""},"categories":[88,325],"tags":[],"class_list":["post-13276","post","type-post","status-publish","format-standard","has-post-thumbnail","hentry","category-formacion","category-generos-y-diversidades"],"jetpack_featured_media_url":"https:\/\/atecordoba.org\/wp-content\/uploads\/2020\/05\/Presentaci\u00f3n-1-1024x1024.png","_links":{"self":[{"href":"https:\/\/atecordoba.org\/index.php?rest_route=\/wp\/v2\/posts\/13276","targetHints":{"allow":["GET"]}}],"collection":[{"href":"https:\/\/atecordoba.org\/index.php?rest_route=\/wp\/v2\/posts"}],"about":[{"href":"https:\/\/atecordoba.org\/index.php?rest_route=\/wp\/v2\/types\/post"}],"author":[{"embeddable":true,"href":"https:\/\/atecordoba.org\/index.php?rest_route=\/wp\/v2\/users\/3"}],"replies":[{"embeddable":true,"href":"https:\/\/atecordoba.org\/index.php?rest_route=%2Fwp%2Fv2%2Fcomments&post=13276"}],"version-history":[{"count":1,"href":"https:\/\/atecordoba.org\/index.php?rest_route=\/wp\/v2\/posts\/13276\/revisions"}],"predecessor-version":[{"id":20320,"href":"https:\/\/atecordoba.org\/index.php?rest_route=\/wp\/v2\/posts\/13276\/revisions\/20320"}],"wp:featuredmedia":[{"embeddable":true,"href":"https:\/\/atecordoba.org\/index.php?rest_route=\/wp\/v2\/media\/13277"}],"wp:attachment":[{"href":"https:\/\/atecordoba.org\/index.php?rest_route=%2Fwp%2Fv2%2Fmedia&parent=13276"}],"wp:term":[{"taxonomy":"category","embeddable":true,"href":"https:\/\/atecordoba.org\/index.php?rest_route=%2Fwp%2Fv2%2Fcategories&post=13276"},{"taxonomy":"post_tag","embeddable":true,"href":"https:\/\/atecordoba.org\/index.php?rest_route=%2Fwp%2Fv2%2Ftags&post=13276"}],"curies":[{"name":"wp","href":"https:\/\/api.w.org\/{rel}","templated":true}]}}