{"id":13252,"date":"2020-06-16T11:50:48","date_gmt":"2020-06-16T14:50:48","guid":{"rendered":"https:\/\/www.atecordoba.org\/?p=13252"},"modified":"2020-06-16T11:50:48","modified_gmt":"2020-06-16T14:50:48","slug":"reunion-de-referentes-para-tratar-la-situacion-en-el-estado-nacional","status":"publish","type":"post","link":"https:\/\/atecordoba.org\/?p=13252","title":{"rendered":"Reuni\u00f3n de referentes para tratar la situaci\u00f3n en el Estado nacional"},"content":{"rendered":"\n<p><em>La conducci\u00f3n ATE repas\u00f3 la situaci\u00f3n de la paritaria nacional y los representantes cordobeses profundizaron sobre el panorama local.<\/em><\/p>\n\n\n\n<figure class=\"wp-block-image size-large\"><img decoding=\"async\" src=\"http:\/\/atecordoba.org\/wp-content\/uploads\/2020\/06\/69369319_2348737851876171_606671139946627072_o-1024x620.jpg\" alt=\"\" class=\"wp-image-13253\"\/><\/figure>\n\n\n\n<p>Ayer lunes 15 de junio se llev\u00f3 adelante una reuni\u00f3n v\u00eda Zoom con referentes de ATE de todas las provincias, con el objetivo de pasar informe sobre la instancia paritaria nacional, an\u00e1lisis de los diferentes sectores nacionales, situaci\u00f3n de las reincorporaciones de despedidas y despedidos de la era Macri.<\/p>\n\n\n\n<p>Tras el informe detallado que realiz\u00f3 el secretario General de ATE Nacional, Hugo Godoy, &nbsp;sobre la instancia de negociaci\u00f3n paritaria con el Gobierno Nacional, distintos referentes provinciales volcaron su perspectiva para enriquecer el an\u00e1lisis y aportar caracter\u00edsticas propias de la realidad de cada regi\u00f3n.<\/p>\n\n\n\n<p>En representaci\u00f3n de C\u00f3rdoba participaron la secretaria de Prensa y Comunicaci\u00f3n del Consejo Directivo Provincial (CDP), Julia Giuliani, y el secretario de Formaci\u00f3n, C\u00e9sar Theaux.<\/p>\n\n\n\n<p>En C\u00f3rdoba vale destacar que la CORREDMA (Coordinadora de las y los Despedidos de la era de Macri) est\u00e1 trabajando activamente, con m\u00e1s de 700 despidos relevados. \u201cSe viene se viene instrumentando un proceso de reincorporaciones a cuenta gota en Senasa, INTI, INAI, CNRT y pronto en ANAC. Adem\u00e1s se han impulsado mesas de trabajo sectoriales para debatir problem\u00e1ticas y definir estrategias para avanzar\u201d, explic\u00f3 C\u00e9sar Theaux, que adem\u00e1s de integrante de la conducci\u00f3n provincial es delegado en el Ministerio de Trabajo de la Naci\u00f3n en la Agencia Territorial C\u00f3rdoba.<\/p>\n\n\n\n<p>En esa l\u00ednea, Theaux plante\u00f3 que su organismo es uno de los que menos tareas est\u00e1 desarrollado actividades en funci\u00f3n de la defensa de los derechos de las y los trabajadores durante la cuarentena. \u201cEso lo puedo ver porque soy el \u00fanico agente que abre el Ministerio y cubre sus guardias m\u00ednimas obligatorias. Recibimos las denuncias que derivan desde el Ministerio de Trabajo de la provincia, sin tener respuesta de la autoridad jer\u00e1rquica. Hacia adentro del Ministerio a\u00fan no tenemos jefe; en cuanto al salario la situaci\u00f3n es m\u00e1s o menos la misma, el cargo m\u00e1s alto como procurador tiene un salario de $33000. Son salarios muy bajos\u201d, afirm\u00f3 el dirigente.<\/p>\n\n\n\n<p>Por otra parte agreg\u00f3 que: \u201cno hay miras a que haya una mejora salarial de las y los trabajadores ni pase a planta permanente, siendo que algunas y algunos tienen hasta 20 a\u00f1os de contrato. Respecto a los pedidos de paritarias de otros sindicatos que ingresan al Ministerio, desde arriba nos han dado la orden off de record para demorarlas todo lo que puedan. Se patean los tr\u00e1mites para adelante para ver qu\u00e9 es lo que pasa\u201d, dando esto una pauta de que no se vislumbra a corto plazo una mejora salarial.<\/p>\n\n\n\n<p>Al cierre del encuentro que dur\u00f3 m\u00e1s de dos horas, Rodolfo Aguiar secretario general adjunto de ATE Nacional remat\u00f3: \u201cdebemos seguir constituyendo espacios de encuentros desde ATE y la CTAA, y remarcar una vez m\u00e1s que el Estado con sus trabajadoras y trabajadores somos esenciales para construir una sociedad justa, libre y soberana\u201d.<\/p>\n","protected":false},"excerpt":{"rendered":"<p>La conducci\u00f3n ATE repas\u00f3 la situaci\u00f3n de la paritaria nacional y los representantes cordobeses profundizaron sobre el panorama local. Ayer lunes 15 de junio se llev\u00f3 adelante una reuni\u00f3n v\u00eda Zoom con referentes de ATE de todas las provincias, con el objetivo de pasar informe sobre la instancia paritaria nacional, an\u00e1lisis de los diferentes sectores [&hellip;]<\/p>\n","protected":false},"author":3,"featured_media":13253,"comment_status":"open","ping_status":"open","sticky":true,"template":"","format":"standard","meta":{"_exactmetrics_skip_tracking":false,"_exactmetrics_sitenote_active":false,"_exactmetrics_sitenote_note":"","_exactmetrics_sitenote_category":0,"jnews-multi-image_gallery":[],"jnews_single_post":[],"jnews_primary_category":[],"jnews_social_meta":[],"jnews_review":[],"enable_review":"","type":"","name":"","summary":"","brand":"","sku":"","good":[],"bad":[],"score_override":"","override_value":"","rating":[],"price":[],"jnews_override_counter":[],"jnews_post_split":[],"footnotes":""},"categories":[18,330],"tags":[],"class_list":["post-13252","post","type-post","status-publish","format-standard","has-post-thumbnail","hentry","category-nacionales","category-paritaria-nacional"],"jetpack_featured_media_url":"https:\/\/atecordoba.org\/wp-content\/uploads\/2020\/05\/WhatsApp-Image-2020-04-03-at-22.09.39-1024x575.jpg","_links":{"self":[{"href":"https:\/\/atecordoba.org\/index.php?rest_route=\/wp\/v2\/posts\/13252","targetHints":{"allow":["GET"]}}],"collection":[{"href":"https:\/\/atecordoba.org\/index.php?rest_route=\/wp\/v2\/posts"}],"about":[{"href":"https:\/\/atecordoba.org\/index.php?rest_route=\/wp\/v2\/types\/post"}],"author":[{"embeddable":true,"href":"https:\/\/atecordoba.org\/index.php?rest_route=\/wp\/v2\/users\/3"}],"replies":[{"embeddable":true,"href":"https:\/\/atecordoba.org\/index.php?rest_route=%2Fwp%2Fv2%2Fcomments&post=13252"}],"version-history":[{"count":0,"href":"https:\/\/atecordoba.org\/index.php?rest_route=\/wp\/v2\/posts\/13252\/revisions"}],"wp:featuredmedia":[{"embeddable":true,"href":"https:\/\/atecordoba.org\/index.php?rest_route=\/wp\/v2\/media\/13253"}],"wp:attachment":[{"href":"https:\/\/atecordoba.org\/index.php?rest_route=%2Fwp%2Fv2%2Fmedia&parent=13252"}],"wp:term":[{"taxonomy":"category","embeddable":true,"href":"https:\/\/atecordoba.org\/index.php?rest_route=%2Fwp%2Fv2%2Fcategories&post=13252"},{"taxonomy":"post_tag","embeddable":true,"href":"https:\/\/atecordoba.org\/index.php?rest_route=%2Fwp%2Fv2%2Ftags&post=13252"}],"curies":[{"name":"wp","href":"https:\/\/api.w.org\/{rel}","templated":true}]}}