{"id":13249,"date":"2020-06-13T12:45:49","date_gmt":"2020-06-13T15:45:49","guid":{"rendered":"https:\/\/www.atecordoba.org\/?p=13249"},"modified":"2020-06-13T12:45:49","modified_gmt":"2020-06-13T15:45:49","slug":"ate-cordoba-debatio-la-soberania-y-la-estrategia-popular","status":"publish","type":"post","link":"https:\/\/atecordoba.org\/?p=13249","title":{"rendered":"ATE C\u00f3rdoba debati\u00f3 la soberan\u00eda y la estrategia popular"},"content":{"rendered":"\n<p><em>La instancia cont\u00f3 con la participaci\u00f3n de militantes de toda la provincia y de otros puntos del pa\u00eds. Fueron oradoras\/es Eva C\u00e1ceres -despedida de FAdeA-, Dami\u00e1n Albornoz -Fabricaciones Militares R\u00edo Tercero- y Carlos Rang -Secretar\u00eda de Agricultura Familiar-.<\/em><\/p>\n\n\n\n<figure class=\"wp-block-embed-youtube wp-block-embed is-type-video is-provider-youtube wp-embed-aspect-16-9 wp-has-aspect-ratio\"><div class=\"wp-block-embed__wrapper\">\n<div class=\"epyt-video-wrapper\"><iframe loading=\"lazy\"  style=\"display: block; margin: 0px auto;\"  id=\"_ytid_16234\"  width=\"480\" height=\"270\"  data-origwidth=\"480\" data-origheight=\"270\" src=\"https:\/\/www.youtube.com\/embed\/RyRKhL_vnPg?enablejsapi=1&#038;autoplay=0&#038;cc_load_policy=0&#038;cc_lang_pref=&#038;iv_load_policy=3&#038;loop=0&#038;rel=0&#038;fs=1&#038;playsinline=0&#038;autohide=2&#038;theme=dark&#038;color=red&#038;controls=1&#038;disablekb=0&#038;\" class=\"__youtube_prefs__  epyt-is-override  no-lazyload\" title=\"YouTube player\"  allow=\"fullscreen; accelerometer; autoplay; clipboard-write; encrypted-media; gyroscope; picture-in-picture; web-share\" referrerpolicy=\"strict-origin-when-cross-origin\" allowfullscreen data-no-lazy=\"1\" data-skipgform_ajax_framebjll=\"\"><\/iframe><\/div>\n<\/div><\/figure>\n\n\n\n<p>Ayer se realiz\u00f3 la charla-debate &#8220;\u00bfDe qu\u00e9 hablamos cuando hablamos de soberan\u00eda?&#8221; en el marco del lanzamiento de la nueva p\u00e1gina web de aTE C\u00f3rdoba. El encuentro fue organizado desde la Secretar\u00eda de Prensa del Consejo Directivo Provincial (CDP) de ATE C\u00f3rdoba y cont\u00f3 con la presencia de un panel de compa\u00f1eras y compa\u00f1eros que dispararon varios aspectos del tema propuesto y generaron una instancia posterior de intercambio muy rica. <\/p>\n\n\n\n<p>Abri\u00f3 la instancia el Secretario General de ATE C\u00f3rdoba, Federico Giuliani quien remarc\u00f3 que &#8220;estamos en una etapa donde todo est\u00e1 en debate y debemos rescatar este tipo de instancias&#8221;. En ese sentido, Giuliani destac\u00f3 que &#8220;ayer estuvimos en un plenario con organizaciones del campo popular con las cuales estamos elaborando un manifiesto por &#8220;Soberan\u00eda, Trabajo y producci\u00f3n&#8221;: acordamos que hoy como en 1810 el eje del problema sigue siendo liberaci\u00f3n o dependencia. Para ello, debemos construir soberan\u00eda popular para desarrollar Estados populares que lleven adelante pol\u00edticas populares en la Defensa, en la provisi\u00f3n de alimentos, en todo. Porque convengamos que el Estado siempre est\u00e1, a\u00fan cuando parece que se retira para darle paso al mercado&#8221;, expres\u00f3 el Secretario General, quien complet\u00f3 que &#8220;ese es el Estado que necesita el imperialismo y contra el que nosotros peleamos. Esta crisis no tenemos que pagarla nosotros: no es el Pueblo quien debe pagar la deuda externa; debemos cobrar impuestos a las grandes fortunas; debemos dar discusiones de fondo sobre los recursos naturales, las industrias estrat\u00e9gicas&#8221;, complet\u00f3 el Secretario General.<\/p>\n\n\n\n<p>A continuaci\u00f3n, la trabajadora despedida de la F\u00e1brica Argentina de Aviones, Eva C\u00e1ceres, tom\u00f3 la palabra y enunci\u00f3 que &#8220;las trabajadoras y trabajadores de FAdeA somos centrales en la construcci\u00f3n de una industria nacional y popular de la defensa. Somos quienes podemos servir de salvaguarda al rumbo de la empresas del Estado&#8221;. En ese sentido, C\u00e1ceres apunt\u00f3 contra Mirta Iriondo: &#8220;la presidenta de FAdeA, en plena pandemia, nos dijo a nosotras y nosotros que no pod\u00eda reincorporar a nadie: sin embargo incorpor\u00f3 a tres CEOs de multinacionales que nada tienen que ver con la forma en que pensamos que debe marchar la industria de la defensa para los intereses populares&#8221;. C\u00e1ceres ratific\u00f3 que &#8220;ese es el esquema del macrismo: de hecho hoy comezaron las suspensiones de las trabajadoras y trabajadores activos, tal como hab\u00eda desarrollado el gobierno anterior&#8221;. La despedida por el macrismo dijo que &#8220;el eje de lucha hoy es que no hace falta que haya una reactivaci\u00f3n del mercado internacional aeron\u00e1utico: hace falta que la F\u00e1brica asuma un rol protag\u00f3nico a la hora de producir una industria para la Defensa que tenga que ver con la soberan\u00eda nacional y popular anclada en una regi\u00f3n latinoamericana&#8221;.<\/p>\n\n\n\n<p>Continuando con la exposici\u00f3n, el Secretario General de ATE R\u00edo Tercero y trabajador de la F\u00e1brica Militar de esa ciudad, enunci\u00f3 que &#8220;los trabajadores del Estado tenemos un rol estrat\u00e9gico en esta discusi\u00f3n. Desde quienes pertenecemos al Ministerio de Defensa no solo pensamos en armar a las Fuerzas Armadas para conflictos b\u00e9licos: hablamos de trabajar en la soberan\u00eda que es poder abastecer a nuestras poblaciones en tiempos de paz. Abastecerlas en comunicaciones, conectividad, transporte, industria qu\u00edmica y petroqu\u00edmica, energ\u00eda, etc&#8221;.<\/p>\n\n\n\n<p>Por \u00faltimo, tom\u00f3 la palabra el trabajador de la Agricultura Familiar, Carlos Rang, quien enunci\u00f3 que &#8220;para pensar en la soberan\u00eda, debemos pensar en la organizaci\u00f3n social&#8221;. &#8220;Sin construcci\u00f3n de soberan\u00eda popular -continu\u00f3 Rang- no puede haber soberan\u00eda alimentaria, tecnol\u00f3gica, independencia econ\u00f3mica ni justicia social. No nos podemos desarrollar en ninguno de esos aspectos si primero no se desarrolla la comunidad: muchas veces entendemos que el desarrollo tecnol\u00f3gico obnubila esa otra visi\u00f3n que debemos fortalecer&#8221;. En ese sentido, el Especialista en Estudios Latinoamericanos dijo que &#8220;la lucha por la soberan\u00eda es la lucha por alterar las correlaciones de fuerza. Debemos crear un escenario favorable donde las y los trabajadores ocupados y desocupados, de distintas calificaciones, seamos el elemento central en esa lucha por construir la soberan\u00eda popular&#8221;. &#8220;Por ello -continu\u00f3 Rang-, debemos identificar el por qu\u00e9 del sometimiento de los pueblos para poder resolverlo. Decimos querer desarrollar una u otra cosa debemos entender al imperialismo, a la situaci\u00f3n de crisis org\u00e1nica del capital, con luchas interimperialistas&#8221;, conceptualiz\u00f3. &#8220;Hay una decadencia del viejo orden occidental, dando un nacimiento de un orden multipolar que crea oportunidades para nosotros&#8221;, dijo y complet\u00f3: &#8220;el capitalismo est\u00e1 en crisis desde antes de la pandemia, producto de la sobreproducci\u00f3n de mercanc\u00edas y dinero que se utiliza cada vez m\u00e1s para endeudar a los pa\u00edses, comprar t\u00edtulos, inflar acciones, pero no en el desarrollo de los pueblos&#8221;. En ese sentido, Rang apunt\u00f3 contra &#8220;los poderes f\u00e1cticos que no nos dejan avanzar. Y debemos hacerlo en conjunto, como Pueblo, junto a los y las profesionales, estudiantes, barriadas populares, trabajadores y trabajadoras de todos los sectores, sin distinci\u00f3n&#8221;.<\/p>\n\n\n\n<figure class=\"wp-block-image size-large\"><img decoding=\"async\" src=\"http:\/\/atecordoba.org\/wp-content\/uploads\/2020\/06\/104101107_3404445919599524_4338413747232379271_o.jpg\" alt=\"\" class=\"wp-image-13250\"\/><\/figure>\n","protected":false},"excerpt":{"rendered":"<p>La instancia cont\u00f3 con la participaci\u00f3n de militantes de toda la provincia y de otros puntos del pa\u00eds. Fueron oradoras\/es Eva C\u00e1ceres -despedida de FAdeA-, Dami\u00e1n Albornoz -Fabricaciones Militares R\u00edo Tercero- y Carlos Rang -Secretar\u00eda de Agricultura Familiar-. Ayer se realiz\u00f3 la charla-debate &#8220;\u00bfDe qu\u00e9 hablamos cuando hablamos de soberan\u00eda?&#8221; en el marco del lanzamiento [&hellip;]<\/p>\n","protected":false},"author":3,"featured_media":13250,"comment_status":"open","ping_status":"open","sticky":true,"template":"","format":"standard","meta":{"_exactmetrics_skip_tracking":false,"_exactmetrics_sitenote_active":false,"_exactmetrics_sitenote_note":"","_exactmetrics_sitenote_category":0,"jnews-multi-image_gallery":[],"jnews_single_post":[],"jnews_primary_category":[],"jnews_social_meta":[],"jnews_review":[],"enable_review":"","type":"","name":"","summary":"","brand":"","sku":"","good":[],"bad":[],"score_override":"","override_value":"","rating":[],"price":[],"jnews_override_counter":[],"jnews_post_split":[],"footnotes":""},"categories":[1],"tags":[],"class_list":["post-13249","post","type-post","status-publish","format-standard","has-post-thumbnail","hentry","category-sin-categoria"],"jetpack_featured_media_url":"https:\/\/atecordoba.org\/wp-content\/uploads\/2020\/05\/04-05-Comunicado-Salud-Mental-ATE_page-0001-725x1024.jpg","_links":{"self":[{"href":"https:\/\/atecordoba.org\/index.php?rest_route=\/wp\/v2\/posts\/13249","targetHints":{"allow":["GET"]}}],"collection":[{"href":"https:\/\/atecordoba.org\/index.php?rest_route=\/wp\/v2\/posts"}],"about":[{"href":"https:\/\/atecordoba.org\/index.php?rest_route=\/wp\/v2\/types\/post"}],"author":[{"embeddable":true,"href":"https:\/\/atecordoba.org\/index.php?rest_route=\/wp\/v2\/users\/3"}],"replies":[{"embeddable":true,"href":"https:\/\/atecordoba.org\/index.php?rest_route=%2Fwp%2Fv2%2Fcomments&post=13249"}],"version-history":[{"count":0,"href":"https:\/\/atecordoba.org\/index.php?rest_route=\/wp\/v2\/posts\/13249\/revisions"}],"wp:featuredmedia":[{"embeddable":true,"href":"https:\/\/atecordoba.org\/index.php?rest_route=\/wp\/v2\/media\/13250"}],"wp:attachment":[{"href":"https:\/\/atecordoba.org\/index.php?rest_route=%2Fwp%2Fv2%2Fmedia&parent=13249"}],"wp:term":[{"taxonomy":"category","embeddable":true,"href":"https:\/\/atecordoba.org\/index.php?rest_route=%2Fwp%2Fv2%2Fcategories&post=13249"},{"taxonomy":"post_tag","embeddable":true,"href":"https:\/\/atecordoba.org\/index.php?rest_route=%2Fwp%2Fv2%2Ftags&post=13249"}],"curies":[{"name":"wp","href":"https:\/\/api.w.org\/{rel}","templated":true}]}}