{"id":13238,"date":"2020-06-11T11:27:35","date_gmt":"2020-06-11T14:27:35","guid":{"rendered":"https:\/\/www.atecordoba.org\/?p=13238"},"modified":"2020-07-02T12:20:45","modified_gmt":"2020-07-02T15:20:45","slug":"ate-condena-los-actos-discriminatorios-en-la-facultad-de-derecho-de-la-unc","status":"publish","type":"post","link":"https:\/\/atecordoba.org\/?p=13238","title":{"rendered":"ATE condena los actos discriminatorios en la Facultad de Derecho de la UNC"},"content":{"rendered":"\n<p><em>Desde el Departamento de G\u00e9neros y Diversidades de ATE C\u00f3rdoba se repudia el accionar discriminatorio de la docente Alicia Garc\u00eda de Solavagione, Titular de la c\u00e1tedra \u201cA\u201d de Derecho Privado VI de la Facultad de Derecho de la Universidad Nacional de C\u00f3rdoba.<\/em><\/p>\n\n\n\n<figure class=\"wp-block-image size-large\"><img decoding=\"async\" src=\"http:\/\/atecordoba.org\/wp-content\/uploads\/2020\/06\/facultad-e1591885576815.jpg\" alt=\"\" class=\"wp-image-13239\"\/><figcaption>Frente de Facultad de Derecho (archivo)<\/figcaption><\/figure>\n\n\n\n<p>En tal sentido, apoyamos a la Asociaci\u00f3n Civil Devenir Diverse que denunci\u00f3 la situaci\u00f3n ante el Instituto Nacional contra la Discriminaci\u00f3n (INADI), marcando que el material de impartido por la docente constituye un acto discriminatorio, para proteger el derecho de quienes estudian en la UNC, y en particular en la c\u00e1tedra docente denunciada.<\/p>\n\n\n\n<p>No se puede ense\u00f1ar en la universidad p\u00fablica, menos a\u00fan el derecho, bajo lecturas y paradigmas que implican discriminaci\u00f3n y criminalizaci\u00f3n.<\/p>\n\n\n\n<p>Desde ATE acompa\u00f1amos el reclamo por la implementaci\u00f3n de la Ley Micaela en la universidad p\u00fablica.<\/p>\n\n\n\n<p>Sostenemos la necesidad de unir todos los esfuerzos institucionales y organizativos para construir acciones y \u00e9ticas desde enfoques que favorezcan la convivencia entre las diversidades en el sistema educativo.<\/p>\n\n\n\n<p>La ampliaci\u00f3n de derechos es una pol\u00edtica que apoya nuestra organizaci\u00f3n y que debe fortalecerse all\u00ed donde choca con visiones conservadoras o tradicionales. Desde el Departamento de G\u00e9neros y Diversidades de ATE C\u00f3rdoba creemos en la defensa de la libertad individual como punto de partida frente a esto. En un contexto donde muchos sectores se movilizan motivados por la quita de derechos, las organizaciones que sostenemos y bregamos por intereses comunes debemos unir esfuerzos y luchas. En ese camino estamos.<\/p>\n","protected":false},"excerpt":{"rendered":"<p>Desde el Departamento de G\u00e9neros y Diversidades de ATE C\u00f3rdoba se repudia el accionar discriminatorio de la docente Alicia Garc\u00eda de Solavagione, Titular de la c\u00e1tedra \u201cA\u201d de Derecho Privado VI de la Facultad de Derecho de la Universidad Nacional de C\u00f3rdoba. En tal sentido, apoyamos a la Asociaci\u00f3n Civil Devenir Diverse que denunci\u00f3 la [&hellip;]<\/p>\n","protected":false},"author":3,"featured_media":13239,"comment_status":"open","ping_status":"open","sticky":true,"template":"","format":"standard","meta":{"_exactmetrics_skip_tracking":false,"_exactmetrics_sitenote_active":false,"_exactmetrics_sitenote_note":"","_exactmetrics_sitenote_category":0,"jnews-multi-image_gallery":[],"jnews_single_post":[],"jnews_primary_category":[],"jnews_social_meta":[],"jnews_review":[],"enable_review":"","type":"","name":"","summary":"","brand":"","sku":"","good":[],"bad":[],"score_override":"","override_value":"","rating":[],"price":[],"jnews_override_counter":[],"jnews_post_split":[],"footnotes":""},"categories":[325,89],"tags":[],"class_list":["post-13238","post","type-post","status-publish","format-standard","has-post-thumbnail","hentry","category-generos-y-diversidades","category-unc"],"jetpack_featured_media_url":"https:\/\/atecordoba.org\/wp-content\/uploads\/2020\/05\/0001-724x1024.jpg","_links":{"self":[{"href":"https:\/\/atecordoba.org\/index.php?rest_route=\/wp\/v2\/posts\/13238","targetHints":{"allow":["GET"]}}],"collection":[{"href":"https:\/\/atecordoba.org\/index.php?rest_route=\/wp\/v2\/posts"}],"about":[{"href":"https:\/\/atecordoba.org\/index.php?rest_route=\/wp\/v2\/types\/post"}],"author":[{"embeddable":true,"href":"https:\/\/atecordoba.org\/index.php?rest_route=\/wp\/v2\/users\/3"}],"replies":[{"embeddable":true,"href":"https:\/\/atecordoba.org\/index.php?rest_route=%2Fwp%2Fv2%2Fcomments&post=13238"}],"version-history":[{"count":1,"href":"https:\/\/atecordoba.org\/index.php?rest_route=\/wp\/v2\/posts\/13238\/revisions"}],"predecessor-version":[{"id":20572,"href":"https:\/\/atecordoba.org\/index.php?rest_route=\/wp\/v2\/posts\/13238\/revisions\/20572"}],"wp:featuredmedia":[{"embeddable":true,"href":"https:\/\/atecordoba.org\/index.php?rest_route=\/wp\/v2\/media\/13239"}],"wp:attachment":[{"href":"https:\/\/atecordoba.org\/index.php?rest_route=%2Fwp%2Fv2%2Fmedia&parent=13238"}],"wp:term":[{"taxonomy":"category","embeddable":true,"href":"https:\/\/atecordoba.org\/index.php?rest_route=%2Fwp%2Fv2%2Fcategories&post=13238"},{"taxonomy":"post_tag","embeddable":true,"href":"https:\/\/atecordoba.org\/index.php?rest_route=%2Fwp%2Fv2%2Ftags&post=13238"}],"curies":[{"name":"wp","href":"https:\/\/api.w.org\/{rel}","templated":true}]}}