{"id":13214,"date":"2020-06-09T16:14:41","date_gmt":"2020-06-09T19:14:41","guid":{"rendered":"https:\/\/www.atecordoba.org\/?p=13214"},"modified":"2020-06-09T16:14:41","modified_gmt":"2020-06-09T19:14:41","slug":"la-cnrt-reincorpora-un-despedido-del-macrismo","status":"publish","type":"post","link":"https:\/\/atecordoba.org\/?p=13214","title":{"rendered":"La CNRT reincorpora un despedido del macrismo"},"content":{"rendered":"\n<p><em>ATE y la Corredma gestionaron el reingreso de un compa\u00f1ero cesanteado sin causa en 2016.<\/em><\/p>\n\n\n\n<figure class=\"wp-block-image size-large\"><img decoding=\"async\" src=\"http:\/\/atecordoba.org\/wp-content\/uploads\/2020\/06\/becececi-1024x904.jpg\" alt=\"\" class=\"wp-image-13215\"\/><figcaption>El compa\u00f1ero Becacceci (archivo)<\/figcaption><\/figure>\n\n\n\n<p>Desde esta semana el compa\u00f1ero Claudio Becacceci recupera su lugar de trabajo en la Comisi\u00f3n Nacional de Regulaci\u00f3n del Transporte (CNRT). <\/p>\n\n\n\n<p>Con gran alegr\u00eda Becaceci volver\u00e1 a compartir labores diarias con sus compa\u00f1eros de sector despu\u00e9s de pasarse tres a\u00f1os haciendo changas y sobreviviendo sin trabajo fijo ni obra social.<\/p>\n\n\n\n<p>&#8220;Hace un mes que la Corredma me inform\u00f3 que la CNRT me iba a incorporar. Y ayer el delegado de C\u00f3rdoba del organismo me llam\u00f3 para entrevistarte para confirmar la reincorporaci\u00f3n. Esto gracias a la lucha de ATE para volver a tener un laburo digno. Estuve casi tres a\u00f1os desocupado, recuperar mi trabajo, con 50 a\u00f1os, es una gran felicidad&#8221;, relat\u00f3 Becacceci que acumulaba 14 a\u00f1os den antig\u00fcedad antes del despido.<\/p>\n\n\n\n<p>La pol\u00edtica de despidos y vaciamiento del Estado del gobierno de Mauricio Macri se ensa\u00f1\u00f3 con los trabajadores, por eso las gestiones para la reincorporaci\u00f3n de los despedidos del macrismo continuar\u00e1n en todos los organismos del Estado. <\/p>\n\n\n\n<p><\/p>\n","protected":false},"excerpt":{"rendered":"<p>ATE y la Corredma gestionaron el reingreso de un compa\u00f1ero cesanteado sin causa en 2016. Desde esta semana el compa\u00f1ero Claudio Becacceci recupera su lugar de trabajo en la Comisi\u00f3n Nacional de Regulaci\u00f3n del Transporte (CNRT). Con gran alegr\u00eda Becaceci volver\u00e1 a compartir labores diarias con sus compa\u00f1eros de sector despu\u00e9s de pasarse tres a\u00f1os [&hellip;]<\/p>\n","protected":false},"author":3,"featured_media":13215,"comment_status":"open","ping_status":"open","sticky":true,"template":"","format":"standard","meta":{"_exactmetrics_skip_tracking":false,"_exactmetrics_sitenote_active":false,"_exactmetrics_sitenote_note":"","_exactmetrics_sitenote_category":0,"jnews-multi-image_gallery":[],"jnews_single_post":[],"jnews_primary_category":[],"jnews_social_meta":[],"jnews_review":[],"enable_review":"","type":"","name":"","summary":"","brand":"","sku":"","good":[],"bad":[],"score_override":"","override_value":"","rating":[],"price":[],"jnews_override_counter":[],"jnews_post_split":[],"footnotes":""},"categories":[134],"tags":[],"class_list":["post-13214","post","type-post","status-publish","format-standard","has-post-thumbnail","hentry","category-cnrt"],"jetpack_featured_media_url":"","_links":{"self":[{"href":"https:\/\/atecordoba.org\/index.php?rest_route=\/wp\/v2\/posts\/13214","targetHints":{"allow":["GET"]}}],"collection":[{"href":"https:\/\/atecordoba.org\/index.php?rest_route=\/wp\/v2\/posts"}],"about":[{"href":"https:\/\/atecordoba.org\/index.php?rest_route=\/wp\/v2\/types\/post"}],"author":[{"embeddable":true,"href":"https:\/\/atecordoba.org\/index.php?rest_route=\/wp\/v2\/users\/3"}],"replies":[{"embeddable":true,"href":"https:\/\/atecordoba.org\/index.php?rest_route=%2Fwp%2Fv2%2Fcomments&post=13214"}],"version-history":[{"count":0,"href":"https:\/\/atecordoba.org\/index.php?rest_route=\/wp\/v2\/posts\/13214\/revisions"}],"wp:featuredmedia":[{"embeddable":true,"href":"https:\/\/atecordoba.org\/index.php?rest_route=\/"}],"wp:attachment":[{"href":"https:\/\/atecordoba.org\/index.php?rest_route=%2Fwp%2Fv2%2Fmedia&parent=13214"}],"wp:term":[{"taxonomy":"category","embeddable":true,"href":"https:\/\/atecordoba.org\/index.php?rest_route=%2Fwp%2Fv2%2Fcategories&post=13214"},{"taxonomy":"post_tag","embeddable":true,"href":"https:\/\/atecordoba.org\/index.php?rest_route=%2Fwp%2Fv2%2Ftags&post=13214"}],"curies":[{"name":"wp","href":"https:\/\/api.w.org\/{rel}","templated":true}]}}