{"id":13210,"date":"2020-06-09T15:56:23","date_gmt":"2020-06-09T18:56:23","guid":{"rendered":"https:\/\/www.atecordoba.org\/?p=13210"},"modified":"2020-06-18T13:22:46","modified_gmt":"2020-06-18T16:22:46","slug":"sampacho-municipales-recibiran-12-de-aumento-salarial-para-el-primer-semestre-de-2020","status":"publish","type":"post","link":"https:\/\/atecordoba.org\/?p=13210","title":{"rendered":"Sampacho: municipales recibir\u00e1n 12% de aumento salarial para el primer semestre de 2020"},"content":{"rendered":"\r\n<p><em>Delegados de ATE llegaron a un acuerdo hoy con la intendencia, que implica otro porcentaje igual para el segundo semestre.<\/em><\/p>\r\n\r\n\r\n\r\n<figure class=\"wp-block-image size-large\"><img decoding=\"async\" class=\"wp-image-13211\" src=\"http:\/\/atecordoba.org\/wp-content\/uploads\/2020\/06\/sampacho-1-1024x768.jpg\" alt=\"\" \/><\/figure>\r\n\r\n\r\n\r\n<p>El acuerdo salarial se alcanz\u00f3 tras meses de negociaciones entre delegados de ATE y los compa\u00f1eros de la seccional Adelia Mar\u00eda con el intendente Flavio Ju\u00e1rez.<\/p>\r\n\r\n\r\n\r\n<p>Vale se\u00f1alar que la actualizaci\u00f3n ser\u00e1 retroactiva a febrero, inform\u00f3 el delegado de ATE e integrante de la Comisi\u00f3n Directiva de la seccional, Cristian Blas\u00f3n.<\/p>\r\n\r\n\r\n\r\n<p>\u201cQueda pendiente la efectivizaci\u00f3n de un acta acuerdo de noviembre pasado que el intendente saliente firm\u00f3 con ATE para pagar un bono de 4000 pesos. Adem\u00e1s en julio la Municipalidad de Sampacho actualizar\u00e1 otro 12% para el segundo semestre del a\u00f1o\u201d, afirm\u00f3 Blas\u00f3n.<\/p>\r\n\r\n\r\n\r\n<figure class=\"wp-block-image size-large is-resized\"><img loading=\"lazy\" decoding=\"async\" class=\"wp-image-13212\" src=\"http:\/\/atecordoba.org\/wp-content\/uploads\/2020\/06\/sampacho-2-768x1024.jpg\" alt=\"\" width=\"580\" height=\"773\" \/>\r\n<figcaption>Acta acuerdo<\/figcaption>\r\n<\/figure>\r\n","protected":false},"excerpt":{"rendered":"<p>Delegados de ATE llegaron a un acuerdo hoy con la intendencia, que implica otro porcentaje igual para el segundo semestre. El acuerdo salarial se alcanz\u00f3 tras meses de negociaciones entre delegados de ATE y los compa\u00f1eros de la seccional Adelia Mar\u00eda con el intendente Flavio Ju\u00e1rez. Vale se\u00f1alar que la actualizaci\u00f3n ser\u00e1 retroactiva a febrero, [&hellip;]<\/p>\n","protected":false},"author":3,"featured_media":20280,"comment_status":"open","ping_status":"open","sticky":true,"template":"","format":"standard","meta":{"_exactmetrics_skip_tracking":false,"_exactmetrics_sitenote_active":false,"_exactmetrics_sitenote_note":"","_exactmetrics_sitenote_category":0,"jnews-multi-image_gallery":[],"jnews_single_post":{"subtitle":"","format":"standard","video":"","gallery":"","source_name":"","source_url":"","via_name":"","via_url":"","override_template":"0","override":[{"template":"1","single_blog_custom":"","parallax":"1","fullscreen":"0","layout":"right-sidebar","sidebar":"default-sidebar","second_sidebar":"default-sidebar","sticky_sidebar":"1","share_position":"top","share_float_style":"share-monocrhome","show_share_counter":"1","show_view_counter":"1","show_featured":"1","show_post_meta":"1","show_post_author":"1","show_post_author_image":"1","show_post_date":"1","post_date_format":"default","post_date_format_custom":"Y\/m\/d","show_post_category":"1","show_post_reading_time":"0","post_reading_time_wpm":"300","show_zoom_button":"0","zoom_button_out_step":"2","zoom_button_in_step":"3","show_post_tag":"1","show_prev_next_post":"1","show_popup_post":"1","number_popup_post":"1","show_author_box":"0","show_post_related":"0","show_inline_post_related":"0"}],"override_image_size":"0","image_override":[{"single_post_thumbnail_size":"crop-500","single_post_gallery_size":"crop-500"}],"trending_post":"0","trending_post_position":"meta","trending_post_label":"Trending","sponsored_post":"0","sponsored_post_label":"Sponsored by","sponsored_post_name":"","sponsored_post_url":"","sponsored_post_logo_enable":"0","sponsored_post_logo":"","sponsored_post_desc":""},"jnews_primary_category":{"id":""},"jnews_social_meta":[],"jnews_review":[],"enable_review":"0","type":"percentage","name":"","summary":"","brand":"","sku":"","good":[{"good_text":""}],"bad":[{"bad_text":""}],"score_override":"","override_value":"","rating":[{"rating_text":"","rating_number":"10"}],"price":[{"shop":"","price":"","link":"","icon":""}],"jnews_override_counter":{"override_view_counter":"0","view_counter_number":"0","override_share_counter":"0","share_counter_number":"0","override_like_counter":"0","like_counter_number":"0","override_dislike_counter":"0","dislike_counter_number":"0"},"jnews_post_split":{"enable_post_split":"0","post_split":[{"template":"1","tag":"h2","numbering":"asc","mode":"normal"}]},"footnotes":""},"categories":[20],"tags":[],"class_list":["post-13210","post","type-post","status-publish","format-standard","has-post-thumbnail","hentry","category-municipales"],"jetpack_featured_media_url":"https:\/\/atecordoba.org\/wp-content\/uploads\/2020\/06\/sampacho-1-1024x768.jpg","_links":{"self":[{"href":"https:\/\/atecordoba.org\/index.php?rest_route=\/wp\/v2\/posts\/13210","targetHints":{"allow":["GET"]}}],"collection":[{"href":"https:\/\/atecordoba.org\/index.php?rest_route=\/wp\/v2\/posts"}],"about":[{"href":"https:\/\/atecordoba.org\/index.php?rest_route=\/wp\/v2\/types\/post"}],"author":[{"embeddable":true,"href":"https:\/\/atecordoba.org\/index.php?rest_route=\/wp\/v2\/users\/3"}],"replies":[{"embeddable":true,"href":"https:\/\/atecordoba.org\/index.php?rest_route=%2Fwp%2Fv2%2Fcomments&post=13210"}],"version-history":[{"count":1,"href":"https:\/\/atecordoba.org\/index.php?rest_route=\/wp\/v2\/posts\/13210\/revisions"}],"predecessor-version":[{"id":20334,"href":"https:\/\/atecordoba.org\/index.php?rest_route=\/wp\/v2\/posts\/13210\/revisions\/20334"}],"wp:featuredmedia":[{"embeddable":true,"href":"https:\/\/atecordoba.org\/index.php?rest_route=\/wp\/v2\/media\/20280"}],"wp:attachment":[{"href":"https:\/\/atecordoba.org\/index.php?rest_route=%2Fwp%2Fv2%2Fmedia&parent=13210"}],"wp:term":[{"taxonomy":"category","embeddable":true,"href":"https:\/\/atecordoba.org\/index.php?rest_route=%2Fwp%2Fv2%2Fcategories&post=13210"},{"taxonomy":"post_tag","embeddable":true,"href":"https:\/\/atecordoba.org\/index.php?rest_route=%2Fwp%2Fv2%2Ftags&post=13210"}],"curies":[{"name":"wp","href":"https:\/\/api.w.org\/{rel}","templated":true}]}}