{"id":13200,"date":"2020-06-08T15:53:00","date_gmt":"2020-06-08T18:53:00","guid":{"rendered":"https:\/\/www.atecordoba.org\/?p=13200"},"modified":"2020-07-02T11:29:58","modified_gmt":"2020-07-02T14:29:58","slug":"plenario-de-ate-anac-definio-los-lineamientos-de-condiciones-laborales-post-cuarentena","status":"publish","type":"post","link":"https:\/\/atecordoba.org\/?p=13200","title":{"rendered":"Plenario de ATE ANAC defini\u00f3 los lineamientos de condiciones laborales post cuarentena"},"content":{"rendered":"\r\n<p><em>Mediante videoconferencia, delegadas y delegados debatieron la planificaci\u00f3n de las nuevas condiciones de trabajo, en el marco de la Emergencia Sanitaria decretada por el COVID19, a efectos de establecer las necesidades en la prestaci\u00f3n de los servicios que se brindan en los distintos aeropuertos y sectores de trabajo.\u00a0<\/em><\/p>\r\n\r\n\r\n\r\n<figure class=\"wp-block-image size-large\"><img decoding=\"async\" class=\"wp-image-13201\" src=\"http:\/\/atecordoba.org\/wp-content\/uploads\/2020\/06\/ANAC.jpg\" alt=\"\" \/><\/figure>\r\n\r\n\r\n\r\n<p>El plenario se realiz\u00f3 por iniciativa de las y los delegados cordobeses del sector y estuvo encabezado por la Coordinaci\u00f3n Nacional ATE en la Administraci\u00f3n Nacional de Aviaci\u00f3n Civil. En la oportunidad participaron compa\u00f1eras y compa\u00f1eros de las Regionales NOA, NEA, Aeropuertos de C\u00f3rdoba, Jujuy, San Luis, Tucum\u00e1n, Salta, Ezeiza, ANAC Central, Rio Cuarto, Coronel Olmedo, DCA y CIPE, en el cual se abordaron diversas problem\u00e1ticas del sector en esta \u00e9poca de pandemia.\u00a0\u00a0<\/p>\r\n\r\n\r\n\r\n<p>El secretario General del Consejo Directivo Provincial de C\u00f3rdoba, Federico Giulani, dio inicio a la reuni\u00f3n resaltando la importancia del sector aeron\u00e1utico en nuestra Provincia. El encuentro cont\u00f3 la participaci\u00f3n del secretario General del Consejo Directivo Provincial de San Luis, Fernando Gatica y el Secretario Gremial de la Seccional Ezeiza\u2013Esteban Echeverr\u00eda\u2013San Vicente de la Provincia de Buenos Aires, Marcelo Belelli, adem\u00e1s de otros dirigentes e integrantes de la Coordinaci\u00f3n Nacional ATE \u2013 ANAC.\u00a0<\/p>\r\n\r\n\r\n\r\n<p>El resumen de los planteos realizados se enfoc\u00f3 en los siguientes temas:<\/p>\r\n\r\n\r\n\r\n<ul class=\"wp-block-list\">\r\n<li><strong>Comisi\u00f3n de Condiciones y Medio Ambiente de Trabajo (CYMAT)<\/strong>: Se plante\u00f3 la urgente necesidad de dar comienzo a las funciones y puesta en pr\u00e1ctica de la comisi\u00f3n para garantizar condiciones de trabajo de los servicios esenciales y discutir el \u00e1mbito del teletrabajo. Esto se traduce por ejemplo en protocolos de cuidado de las y los compa\u00f1eros que realizan servicios esenciales y la vuelta al trabajo de las y los compa\u00f1eros que realizan tareas en su domicilio. Se debe apuntar a la prevenci\u00f3n individual y colectiva a trav\u00e9s de reglas generales y especificas adecuadas a las distintas realidades del Edificio Central, Departamentos, Regionales y Aeropuertos.<\/li>\r\n<li><strong>Comisi\u00f3n de Igualdad de Oportunidades y Trato (CIOT)<\/strong>: Se present\u00f3 por parte de la Coordinaci\u00f3n Nacional un proyecto modificatorio de la Resoluci\u00f3n de creaci\u00f3n de la Comisi\u00f3n, con el esp\u00edritu de ampliar su campo de aplicaci\u00f3n y poder darle el enfoque que se establece en el Convenio Colectivo General de la Administraci\u00f3n P\u00fablica Nacional. En los pr\u00f3ximos d\u00edas saldr\u00e1 la publicaci\u00f3n de esa modificaci\u00f3n. Tambi\u00e9n se consider\u00f3 necesario avanzar en procesos transparentes de concurso o similares que den garant\u00edas objetivas, en la selecci\u00f3n y designaci\u00f3n de directivos, de conducci\u00f3n o de coordinaci\u00f3n superior y gesti\u00f3n, tal como se ha establecido en el CCT 214\/06.\u00a0<\/li>\r\n<li><strong>Aeropuertos:<\/strong> Es un\u00e1nime el planteo de las y los compa\u00f1eros de los distintos aeropuertos representados en que se sostienen las falencias estructurales principalmente por falta de inversi\u00f3n en: a) Infraestructura b) Elementos de trabajo c) Seguridad y d) Veh\u00edculos.<\/li>\r\n<li><strong>Servicio de Salvamiento y Extinci\u00f3n de Incendios &#8211; Bomberos Aeron\u00e1uticos (SSEI)<\/strong>: Tambi\u00e9n es\u00a0 notoria la falta de inversi\u00f3n en el sector, especialmente en vestimenta, elementos de trabajo y mantenimiento de veh\u00edculos. Se puso de manifiesto que las gestiones del Departamento SSEI de ANAC, que mantiene a los mismos directivos desde su creaci\u00f3n, han desfinanciado la mayor\u00eda\u00a0 de los distintos cuarteles del interior del pa\u00eds, los cuales se mantienen solo sostenidos por la calidad de su personal. Se insisti\u00f3 en la preocupaci\u00f3n por la situaci\u00f3n de los compa\u00f1eros del SSEI San Luis y SSEI San Juan. Sobre este punto, el plenario declar\u00f3 en nombre de las y los compa\u00f1eros, delegados y \u00a0la Coordinaci\u00f3n Nacional ATE ANAC el m\u00e1s profundo y sincero reconocimiento a las y los compa\u00f1eros del Servicio Extinci\u00f3n de Incendios del Aeropuerto Esquel por la alta labor profesional puesta de manifiesto el d\u00eda 05\/05\/20 a ra\u00edz del accidente sufrido. Las y los compa\u00f1eros demostraron la importancia del servicio esencial que brinda el Estado. En ese sentido el Plenario repudi\u00f3 cualquier intento de desvirtuar esta situaci\u00f3n con argumentos falaces y especulativos. \u201cNuestro absoluto reconocimiento para todos los integrantes del #SSEI Esquel y su reafirmaci\u00f3n como grandes profesionales\u201d, estableci\u00f3 el Plenario.\u00a0<\/li>\r\n<li><strong>Control Terrestre (CONTER):<\/strong> Se suma a las demandas de los dem\u00e1s servicios de inversi\u00f3n en Infraestructura, Elementos de trabajo, Seguridad, y Veh\u00edculos, la necesidad de que se refuerce en todos los Aeropuertos las Funciones de Control y Fiscalizaci\u00f3n a cargo de la autoridad aeron\u00e1utica (ANAC), as\u00ed como la revisi\u00f3n, inspecci\u00f3n y control de toda la documentaci\u00f3n (RAAC 153) y de esa manera reforzar la Seguridad Operacional.<\/li>\r\n<li><strong>Direcci\u00f3n General de Infraestructura y Servicios Aeroportuarios<\/strong> <strong>(DGIYSA)<\/strong>: A ra\u00edz de las numerosas demandas expresadas anteriormente es que se impone de manera urgente una reuni\u00f3n de esta representaci\u00f3n gremial con el Director General de Infraestructura y Servicios Aeroportuarios.<\/li>\r\n<li><strong>Centro de instrucci\u00f3n, perfeccionamiento y experimentaci\u00f3n (CIPE):<\/strong> Como Centro de Capacitaci\u00f3n ANAC, debe tener la puesta en valor que amerita su rol en el \u00e1mbito aeron\u00e1utico. Debe contar\u00a0 con el total apoyo de la gesti\u00f3n actual del organismo para desarrollar su propuesta acad\u00e9mica plena. Asimismo las Delegaciones Regionales CIPE deben desenvolver un rol de transparencia en la difusi\u00f3n y selecci\u00f3n del personal que desea capacitarse, evitando los privilegios y designaciones discrecionales.<\/li>\r\n<li><strong>Adicional:<\/strong> El plenario respald\u00f3 el pago de una Asignaci\u00f3n Estimulo como un adicional por cumplimiento de actividad esencial (servicios auxiliares) en forma an\u00e1loga a lo previsto en el Decreto 315\/2020, como una manera de equiparaci\u00f3n de derechos a los trabajadores esenciales, y referido a la efectiva prestaci\u00f3n de servicios. Dicho beneficio comprende a los trabajadores y trabajadoras que presten servicios, en forma presencial y efectiva, relacionados con la pandemia de COVID-19. En este sentido tambi\u00e9n solicit\u00f3 la exenci\u00f3n del impuesto a las ganancias de establecerse temporalmente sobre las remuneraciones devengadas por guardias, activas o pasivas, y horas extras y todo otro concepto adicional que se liquide con motivo de la pandemia del Covid-19.<\/li>\r\n<li><strong>Salario:<\/strong> Los delegados consideraron necesaria una recomposici\u00f3n urgente del salario. Para ello es imprescindible concluir y cerrar las Paritarias 2019\/20, para reabrir las Paritarias 2020\/21. Tambi\u00e9n en este sentido se hace necesario mantener sin modificaciones los suplementos por asistencia y racionamiento. Tambi\u00e9n es necesario avanzar respecto de la prestaci\u00f3n de los servicios y\/o inspecciones sobre el pago de las horas prestadas como modalidades operativas.<\/li>\r\n<li><strong>Pase a planta de contratados en el Departamento de Certificaciones Aeron\u00e1uticas (DCA):<\/strong> una demanda hist\u00f3rica del Departamento Certificaciones Aeron\u00e1uticas que posee gran parte de su personal en esta situaci\u00f3n. Se ha iniciado un canal de dialogo en principio con el Director de Aeronavegabilidad, sobre distintas problem\u00e1ticas de infraestructura, protocolos de inspecci\u00f3n, Capacitaci\u00f3n, Limites y Funciones de cada Departamento, Compensaci\u00f3n de horas y Comunicaci\u00f3n Interna.<\/li>\r\n<li><strong>Derogaci\u00f3n de la Resoluci\u00f3n 676\/18 DCA<\/strong>: se sigue insistiendo en la inconveniencia de mantener vigente una resoluci\u00f3n que es inaplicable y de la cual se exige su revisi\u00f3n y derogaci\u00f3n.<\/li>\r\n<li><strong>Reencasillamientos:<\/strong> Se volvi\u00f3 a plantear la necesidad de iniciar las gestiones para avanzar en un proceso de reencasillamiento del Personal de Planta Permanente y de las y los compa\u00f1eros de Planta transitoria y Contratados<\/li>\r\n<li><strong>Nombramientos NEA DNSO y DNINA:<\/strong> la necesidad de avanzar con nombramientos en \u00e1reas claves del organismo y la revisi\u00f3n de instancias intermedias en las cuales se mantienen a\u00fan directivos que han sido funcionales a la gesti\u00f3n anterior en su intento de tercerizaci\u00f3n de funciones y privatizaci\u00f3n de servicios.<\/li>\r\n<li><strong>Reincorporaci\u00f3n de los compa\u00f1eros despedidos de la era Macri<\/strong>: Es una demanda que lleva adelante ATE y particularmente en C\u00f3rdoba, se ha visibilizado en la Comisi\u00f3n de Relevamiento y Reincorporaci\u00f3n de Trabajadores y Trabajadoras Estatales Despedidos en la era Macri (CORREDMA) que re\u00fane aproximadamente m\u00e1s de 300 trabajadores de distintos organismos en esa situaci\u00f3n, (SAF, FADEA, SENASA, M\u00e9dicos Comunitarios, ANAC, EANA, Fabricaciones Militares y principalmente de FADEA) solo de esta jurisdicci\u00f3n.\u00a0<\/li>\r\n<\/ul>\r\n\r\n\r\n\r\n<p>El plenario, modo de cierre y en agradecimiento a todos los compa\u00f1eros que estuvieron presentes virtualmente y a aquellos que no pudieron participar se decidi\u00f3 un\u00e1nimemente la realizaci\u00f3n de un Plenario Nacional ATE \u2013 ANAC en el cual puedan debatirse estos y otros temas estructurales que afectan al organismo y que demandan nuestros compa\u00f1eros para construir una autoridad aeron\u00e1utica estatal al servicio de la comunidad.\u00a0<\/p>\r\n\r\n\r\n\r\n<p>Asimismo, expres\u00f3 que otros sectores se encuentran con situaciones problem\u00e1ticas, complicadas y con dificultades, sin resoluci\u00f3n, por lo cual los delegados creen que son de suma importancia las instancias de dialogo que sirvan para atravesar una situaci\u00f3n econ\u00f3mica y social compleja, de la cual la industria Aerocomercial, es un actor de suma importancia. \u201cEs el momento de poner en valor el trabajo estatal que garantiza cuestiones fundamentales para nuestra sociedad y\u00a0 que las autoridades se manejen con criterio y sensatez ante este escenario in\u00e9dito para toda la regi\u00f3n\u201d, concluy\u00f3.<\/p>\r\n","protected":false},"excerpt":{"rendered":"<p>Mediante videoconferencia, delegadas y delegados debatieron la planificaci\u00f3n de las nuevas condiciones de trabajo, en el marco de la Emergencia Sanitaria decretada por el COVID19, a efectos de establecer las necesidades en la prestaci\u00f3n de los servicios que se brindan en los distintos aeropuertos y sectores de trabajo.\u00a0 El plenario se realiz\u00f3 por iniciativa de [&hellip;]<\/p>\n","protected":false},"author":3,"featured_media":19872,"comment_status":"open","ping_status":"open","sticky":true,"template":"","format":"standard","meta":{"_exactmetrics_skip_tracking":false,"_exactmetrics_sitenote_active":false,"_exactmetrics_sitenote_note":"","_exactmetrics_sitenote_category":0,"jnews-multi-image_gallery":[],"jnews_single_post":{"subtitle":"","format":"standard","video":"","gallery":"","source_name":"","source_url":"","via_name":"","via_url":"","override_template":"0","override":[{"template":"1","single_blog_custom":"","parallax":"1","fullscreen":"0","layout":"right-sidebar","sidebar":"default-sidebar","second_sidebar":"default-sidebar","sticky_sidebar":"1","share_position":"top","share_float_style":"share-monocrhome","show_share_counter":"1","show_view_counter":"1","show_featured":"1","show_post_meta":"1","show_post_author":"1","show_post_author_image":"1","show_post_date":"1","post_date_format":"default","post_date_format_custom":"Y\/m\/d","show_post_category":"1","show_post_reading_time":"0","post_reading_time_wpm":"300","show_zoom_button":"0","zoom_button_out_step":"2","zoom_button_in_step":"3","show_post_tag":"1","show_prev_next_post":"1","show_popup_post":"1","number_popup_post":"1","show_author_box":"0","show_post_related":"0","show_inline_post_related":"0"}],"override_image_size":"0","image_override":[{"single_post_thumbnail_size":"crop-500","single_post_gallery_size":"crop-500"}],"trending_post":"0","trending_post_position":"meta","trending_post_label":"Trending","sponsored_post":"0","sponsored_post_label":"Sponsored by","sponsored_post_name":"","sponsored_post_url":"","sponsored_post_logo_enable":"0","sponsored_post_logo":"","sponsored_post_desc":""},"jnews_primary_category":{"id":""},"jnews_social_meta":{"fb_title":"","fb_description":"","fb_image":"","twitter_title":"","twitter_description":"","twitter_image":""},"jnews_review":[],"enable_review":"0","type":"percentage","name":"","summary":"","brand":"","sku":"","good":[{"good_text":""}],"bad":[{"bad_text":""}],"score_override":"","override_value":"","rating":[{"rating_text":"","rating_number":"10"}],"price":[{"shop":"","price":"","link":"","icon":""}],"jnews_override_counter":{"override_view_counter":"0","view_counter_number":"0","override_share_counter":"0","share_counter_number":"0","override_like_counter":"0","like_counter_number":"0","override_dislike_counter":"0","dislike_counter_number":"0"},"jnews_post_split":{"enable_post_split":"0","post_split":[{"template":"1","tag":"h2","numbering":"asc","mode":"normal"}]},"footnotes":""},"categories":[18],"tags":[33,347],"class_list":["post-13200","post","type-post","status-publish","format-standard","has-post-thumbnail","hentry","category-nacionales","tag-anac","tag-movimiento-aeronautico-cordobes-mac"],"jetpack_featured_media_url":"https:\/\/atecordoba.org\/wp-content\/uploads\/2020\/06\/ANAC.jpg","_links":{"self":[{"href":"https:\/\/atecordoba.org\/index.php?rest_route=\/wp\/v2\/posts\/13200","targetHints":{"allow":["GET"]}}],"collection":[{"href":"https:\/\/atecordoba.org\/index.php?rest_route=\/wp\/v2\/posts"}],"about":[{"href":"https:\/\/atecordoba.org\/index.php?rest_route=\/wp\/v2\/types\/post"}],"author":[{"embeddable":true,"href":"https:\/\/atecordoba.org\/index.php?rest_route=\/wp\/v2\/users\/3"}],"replies":[{"embeddable":true,"href":"https:\/\/atecordoba.org\/index.php?rest_route=%2Fwp%2Fv2%2Fcomments&post=13200"}],"version-history":[{"count":2,"href":"https:\/\/atecordoba.org\/index.php?rest_route=\/wp\/v2\/posts\/13200\/revisions"}],"predecessor-version":[{"id":19898,"href":"https:\/\/atecordoba.org\/index.php?rest_route=\/wp\/v2\/posts\/13200\/revisions\/19898"}],"wp:featuredmedia":[{"embeddable":true,"href":"https:\/\/atecordoba.org\/index.php?rest_route=\/wp\/v2\/media\/19872"}],"wp:attachment":[{"href":"https:\/\/atecordoba.org\/index.php?rest_route=%2Fwp%2Fv2%2Fmedia&parent=13200"}],"wp:term":[{"taxonomy":"category","embeddable":true,"href":"https:\/\/atecordoba.org\/index.php?rest_route=%2Fwp%2Fv2%2Fcategories&post=13200"},{"taxonomy":"post_tag","embeddable":true,"href":"https:\/\/atecordoba.org\/index.php?rest_route=%2Fwp%2Fv2%2Ftags&post=13200"}],"curies":[{"name":"wp","href":"https:\/\/api.w.org\/{rel}","templated":true}]}}