{"id":13192,"date":"2020-06-08T12:24:38","date_gmt":"2020-06-08T15:24:38","guid":{"rendered":"https:\/\/www.atecordoba.org\/?p=13192"},"modified":"2020-06-09T16:48:52","modified_gmt":"2020-06-09T19:48:52","slug":"nuevo-paro-de-actividades-en-dioxitek","status":"publish","type":"post","link":"https:\/\/atecordoba.org\/?p=13192","title":{"rendered":"Nuevo paro de actividades en Dioxitek"},"content":{"rendered":"\n<p><em>Las y los trabajadores de la f\u00e1brica de di\u00f3xido de uranio reclaman el cierre de la paritaria y van al paro por 48 horas, la cuarta medida de fuerza en el a\u00f1o.<\/em><\/p>\n\n\n\n<figure class=\"wp-block-image size-large\"><img decoding=\"async\" src=\"http:\/\/atecordoba.org\/wp-content\/uploads\/2020\/06\/WhatsApp-Image-2020-06-08-at-11.36.13-1024x575.jpg\" alt=\"\" class=\"wp-image-13194\"\/><figcaption>Asamblea realizada el viernes pasado.<\/figcaption><\/figure>\n\n\n\n<p>En la asamblea llevada a cabo el viernes pasado en las instalaciones de la f\u00e1brica, las y los trabajadores resolvieron avanzar con la cuarta medida de fuerza en el a\u00f1o, en reclamo del cumplimiento del acta paritaria que establece la \u00faltima cuota de la actualizaci\u00f3n salarial del 2019.<\/p>\n\n\n\n<p>El paro es por 48 horas y comenzar\u00e1 a las 14 horas de ma\u00f1ana, con asistencia al lugar de trabajo.<\/p>\n\n\n\n<p>El compromiso asumido en la paritaria debi\u00f3 cumplirse en marzo pasado pero la irrupci\u00f3n de la pandemia y la cuarentena dej\u00f3 congeladas las conversaciones. Una vez retomadas las actividades, establecida como esencial la producci\u00f3n de Dioxitek, los delegados de ATE reiniciaron el reclamo, sin obtener respuestas concretas de las autoridades de la planta estatal.<\/p>\n\n\n\n<p>Vale se\u00f1alar que se trata de la \u00fanica f\u00e1brica de sus caracter\u00edsticas del pa\u00eds, con 99% la propiedad en manos del Estado nacional y un 1% de la provincia de Mendoza.<\/p>\n\n\n\n<p>\u201cPedimos que se cumpla el acta y se pague la \u00faltima parte de la paritaria con retroactividad a marzo\u201d, explic\u00f3 el delegado de ATE Cristian Lepez.<\/p>\n\n\n\n<p>\u201cQueremos ser escuchados y que se cumplan nuestros derechos. Vinimos a trabajar con toda la predisposici\u00f3n, incluso algunos trabajadores cumpliendo dobles turnos de 12 horas para cubrir a aquellas compa\u00f1eras y compa\u00f1eros, que tienen que mantener la cuarentena por ser poblaci\u00f3n de riesgo\u201d, relat\u00f3 el delegado.<\/p>\n\n\n\n<p>Y concluy\u00f3: \u201cdurante toda la cuarentena arriesgamos a nuestras familias y a nosotros mismos para cumplir con la producci\u00f3n para que las centrales nucleares tengan la materia prima, el di\u00f3xido de uranio, para garantizar la energ\u00eda el\u00e9ctrica a la poblaci\u00f3n, multiplicando la producci\u00f3n de Dioxitek. No hubo hasta el momento una respuesta acorde este esfuerzo de parte de las autoridades de la empresa\u201d.<\/p>\n\n\n\n<p>La asamblea resolvi\u00f3 que impedir\u00e1 que ingresen los camiones a retirar la producci\u00f3n.<\/p>\n","protected":false},"excerpt":{"rendered":"<p>Las y los trabajadores de la f\u00e1brica de di\u00f3xido de uranio reclaman el cierre de la paritaria y van al paro por 48 horas, la cuarta medida de fuerza en el a\u00f1o. En la asamblea llevada a cabo el viernes pasado en las instalaciones de la f\u00e1brica, las y los trabajadores resolvieron avanzar con la [&hellip;]<\/p>\n","protected":false},"author":3,"featured_media":19869,"comment_status":"open","ping_status":"open","sticky":true,"template":"","format":"standard","meta":{"_exactmetrics_skip_tracking":false,"_exactmetrics_sitenote_active":false,"_exactmetrics_sitenote_note":"","_exactmetrics_sitenote_category":0,"jnews-multi-image_gallery":[],"jnews_single_post":[],"jnews_primary_category":[],"jnews_social_meta":[],"jnews_review":[],"enable_review":"","type":"","name":"","summary":"","brand":"","sku":"","good":[],"bad":[],"score_override":"","override_value":"","rating":[],"price":[],"jnews_override_counter":[],"jnews_post_split":[],"footnotes":""},"categories":[135,18],"tags":[333,334,32],"class_list":["post-13192","post","type-post","status-publish","format-standard","has-post-thumbnail","hentry","category-dioxitek","category-nacionales","tag-dioxitek","tag-medidas-de-fuerza","tag-paro"],"jetpack_featured_media_url":"https:\/\/atecordoba.org\/wp-content\/uploads\/2020\/06\/WhatsApp-Image-2020-06-08-at-11.36.13-1024x575.jpg","_links":{"self":[{"href":"https:\/\/atecordoba.org\/index.php?rest_route=\/wp\/v2\/posts\/13192","targetHints":{"allow":["GET"]}}],"collection":[{"href":"https:\/\/atecordoba.org\/index.php?rest_route=\/wp\/v2\/posts"}],"about":[{"href":"https:\/\/atecordoba.org\/index.php?rest_route=\/wp\/v2\/types\/post"}],"author":[{"embeddable":true,"href":"https:\/\/atecordoba.org\/index.php?rest_route=\/wp\/v2\/users\/3"}],"replies":[{"embeddable":true,"href":"https:\/\/atecordoba.org\/index.php?rest_route=%2Fwp%2Fv2%2Fcomments&post=13192"}],"version-history":[{"count":1,"href":"https:\/\/atecordoba.org\/index.php?rest_route=\/wp\/v2\/posts\/13192\/revisions"}],"predecessor-version":[{"id":19877,"href":"https:\/\/atecordoba.org\/index.php?rest_route=\/wp\/v2\/posts\/13192\/revisions\/19877"}],"wp:featuredmedia":[{"embeddable":true,"href":"https:\/\/atecordoba.org\/index.php?rest_route=\/wp\/v2\/media\/19869"}],"wp:attachment":[{"href":"https:\/\/atecordoba.org\/index.php?rest_route=%2Fwp%2Fv2%2Fmedia&parent=13192"}],"wp:term":[{"taxonomy":"category","embeddable":true,"href":"https:\/\/atecordoba.org\/index.php?rest_route=%2Fwp%2Fv2%2Fcategories&post=13192"},{"taxonomy":"post_tag","embeddable":true,"href":"https:\/\/atecordoba.org\/index.php?rest_route=%2Fwp%2Fv2%2Ftags&post=13192"}],"curies":[{"name":"wp","href":"https:\/\/api.w.org\/{rel}","templated":true}]}}