{"id":13186,"date":"2020-06-08T11:47:50","date_gmt":"2020-06-08T14:47:50","guid":{"rendered":"https:\/\/www.atecordoba.org\/?p=13186"},"modified":"2020-06-09T14:49:39","modified_gmt":"2020-06-09T17:49:39","slug":"lanzamiento-de-la-nueva-web-de-ate-cordoba","status":"publish","type":"post","link":"https:\/\/atecordoba.org\/?p=13186","title":{"rendered":"Lanzamiento de la Nueva Web de ATE C\u00f3rdoba"},"content":{"rendered":"\n<p><em>Ma\u00f1ana a las 18 horas, la Secretar\u00eda de Prensa y Comunicaci\u00f3n de la Asociaci\u00f3n Trabajadores del Estado (ATE-CTA) C\u00f3rdoba, a cargo de Julia Giuliani, lanzar\u00e1 su nueva p\u00e1gina Web con el objeto de mejorar y profundizar el ida y vuelta comunicacional con la masa de afiliadas y afiliados al gremio.<\/em><\/p>\n\n\n\n<figure class=\"wp-block-image size-large\"><img decoding=\"async\" src=\"http:\/\/atecordoba.org\/wp-content\/uploads\/2020\/06\/flyer-web-nueva.jpg\" alt=\"\" class=\"wp-image-13187\"\/><\/figure>\n\n\n\n<p>\u201cLa comunicaci\u00f3n es un derecho de los Pueblos. Desde ATE C\u00f3rdoba queremos estar a la vanguardia en el uso de las nuevas tecnolog\u00edas para aportar herramientas a nuestras afiliadas y afiliados en su lucha diaria por mejores condiciones de trabajo y por un Estado al servicio de los intereses populares\u201d, reza la convocatoria al evento que se realizar\u00e1 v\u00eda zoom y del que participar\u00e1 el Secretario General de ATE y la CTA Aut\u00f3noma C\u00f3rdoba, Federico Giuliani.<\/p>\n\n\n\n<p>La invitaci\u00f3n al lanzamiento de esta nueva herramienta de comunicaci\u00f3n de ATE finaliza con una conocida frase del imprescindible Rodolfo Walsh: \u201cReproduzca esta informaci\u00f3n, h\u00e1gala circular por los medios a su alcance: a mano, a m\u00e1quina, a mime\u00f3grafo, oralmente. Mande copias a sus amigos: nueve de cada diez las estar\u00e1n esperando. Millones quieren ser informados. El terror se basa en la incomunicaci\u00f3n. Rompa el aislamiento. Vuelva a sentir la satisfacci\u00f3n moral de un acto de libertad\u201d.<\/p>\n\n\n\n<p>Est\u00e1n previstas una serie de actividades durante toda la semana para acompa\u00f1ar el lanzamiento de la nueva herramienta de comunicaci\u00f3n de ATE C\u00f3rdoba. en relaci\u00f3n al derecho a la comunicaci\u00f3n de los pueblos, los desaf\u00edos del ejercicio del periodismo durante la pandemia y las perspectivas de g\u00e9neros. Adem\u00e1s, est\u00e1 presente un abordaje del significado del concepto de soberan\u00eda, en la actualidad y desde los estatales y un cierre de semana con la muestra fotogr\u00e1fica virutal &#8220;Mi trabajo son tus  derechos&#8221;. <\/p>\n\n\n\n<p>Todo se emitir\u00e1 en vivo v\u00eda el <a href=\"https:\/\/www.facebook.com\/atecba\/\">perfil de Facebook ATE-CDP C\u00f3rdoba<\/a> @atecba, ingresando en el espacio &#8216;videos&#8217; que se encuentra en el margen izquierdo del perfil. La transmisi\u00f3n ser\u00e1 simult\u00e1nea por el Instagram  <a href=\"https:\/\/www.instagram.com\/atecdpcba\/?hl=es-la\">ATE CDP C\u00d3RDOBA<\/a> (@atecdpcordoba).<\/p>\n\n\n\n<figure class=\"wp-block-embed-facebook wp-block-embed is-type-video is-provider-facebook\"><div class=\"wp-block-embed__wrapper\">\nhttps:\/\/www.facebook.com\/atecba\/videos\/696691307795658\n<\/div><figcaption>Previsualizaci\u00f3n de la nueva p\u00e1gina web de ATE C\u00f3rdoba que estar\u00e1 disponible esta semana.<\/figcaption><\/figure>\n\n\n\n<p><strong>Cronograma<\/strong><\/p>\n\n\n\n<ul class=\"wp-block-list\"><li>Martes 9 &#8211; 11 horas: Charla Abierta por Zoom: La Comunicaci\u00f3n como un Derecho. Invitados\/as: Militancia de ATE en la provincia y el pa\u00eds.<\/li><li>Mi\u00e9rcoles 10-18 horas: Periodismo en tiempos de Pandemia. Panel: Viviana Cecilia Cornaglia; Juan Leyes; Maximiliano Taibi.<\/li><li>Jueves 11-16.30 horas: Periodismo y G\u00e9neros. Panel: Carina Ambrogi; Claudia V\u00e1zquez Haro.<\/li><li>Viernes 12-18.30 horas: \u00bfDe qu\u00e9 hablamos cuando hablamos de Soberan\u00eda? Panel: Dami\u00e1n Albornoz; Eva C\u00e1ceres; Carlos Rang.<\/li><li>S\u00e1bado 13 y domingo 14: Muestra virtual fotogr\u00e1fica: \u201cMi trabajo son tus derechos\u201d.<\/li><\/ul>\n\n\n\n<figure class=\"wp-block-image size-large\"><img decoding=\"async\" src=\"http:\/\/atecordoba.org\/wp-content\/uploads\/2020\/06\/flyer-web-nueva-3.jpg\" alt=\"\" class=\"wp-image-13190\"\/><\/figure>\n\n\n\n<p><\/p>\n","protected":false},"excerpt":{"rendered":"<p>Ma\u00f1ana a las 18 horas, la Secretar\u00eda de Prensa y Comunicaci\u00f3n de la Asociaci\u00f3n Trabajadores del Estado (ATE-CTA) C\u00f3rdoba, a cargo de Julia Giuliani, lanzar\u00e1 su nueva p\u00e1gina Web con el objeto de mejorar y profundizar el ida y vuelta comunicacional con la masa de afiliadas y afiliados al gremio. \u201cLa comunicaci\u00f3n es un derecho [&hellip;]<\/p>\n","protected":false},"author":3,"featured_media":19867,"comment_status":"open","ping_status":"open","sticky":true,"template":"","format":"standard","meta":{"_exactmetrics_skip_tracking":false,"_exactmetrics_sitenote_active":false,"_exactmetrics_sitenote_note":"","_exactmetrics_sitenote_category":0,"jnews-multi-image_gallery":[],"jnews_single_post":[],"jnews_primary_category":[],"jnews_social_meta":[],"jnews_review":[],"enable_review":"","type":"","name":"","summary":"","brand":"","sku":"","good":[],"bad":[],"score_override":"","override_value":"","rating":[],"price":[],"jnews_override_counter":[],"jnews_post_split":[],"footnotes":""},"categories":[346],"tags":[348],"class_list":["post-13186","post","type-post","status-publish","format-standard","has-post-thumbnail","hentry","category-prensa-y-comunicacion","tag-secretaria-de-prensa-y-comunicacion"],"jetpack_featured_media_url":"https:\/\/atecordoba.org\/wp-content\/uploads\/2020\/06\/flyer-web-nueva.jpg","_links":{"self":[{"href":"https:\/\/atecordoba.org\/index.php?rest_route=\/wp\/v2\/posts\/13186","targetHints":{"allow":["GET"]}}],"collection":[{"href":"https:\/\/atecordoba.org\/index.php?rest_route=\/wp\/v2\/posts"}],"about":[{"href":"https:\/\/atecordoba.org\/index.php?rest_route=\/wp\/v2\/types\/post"}],"author":[{"embeddable":true,"href":"https:\/\/atecordoba.org\/index.php?rest_route=\/wp\/v2\/users\/3"}],"replies":[{"embeddable":true,"href":"https:\/\/atecordoba.org\/index.php?rest_route=%2Fwp%2Fv2%2Fcomments&post=13186"}],"version-history":[{"count":1,"href":"https:\/\/atecordoba.org\/index.php?rest_route=\/wp\/v2\/posts\/13186\/revisions"}],"predecessor-version":[{"id":19878,"href":"https:\/\/atecordoba.org\/index.php?rest_route=\/wp\/v2\/posts\/13186\/revisions\/19878"}],"wp:featuredmedia":[{"embeddable":true,"href":"https:\/\/atecordoba.org\/index.php?rest_route=\/wp\/v2\/media\/19867"}],"wp:attachment":[{"href":"https:\/\/atecordoba.org\/index.php?rest_route=%2Fwp%2Fv2%2Fmedia&parent=13186"}],"wp:term":[{"taxonomy":"category","embeddable":true,"href":"https:\/\/atecordoba.org\/index.php?rest_route=%2Fwp%2Fv2%2Fcategories&post=13186"},{"taxonomy":"post_tag","embeddable":true,"href":"https:\/\/atecordoba.org\/index.php?rest_route=%2Fwp%2Fv2%2Ftags&post=13186"}],"curies":[{"name":"wp","href":"https:\/\/api.w.org\/{rel}","templated":true}]}}